{"id":115625,"date":"2019-04-30T13:16:01","date_gmt":"2019-04-30T11:16:01","guid":{"rendered":"http:\/\/gazdasagportal.hu\/?p=115625"},"modified":"2019-04-30T13:16:01","modified_gmt":"2019-04-30T11:16:01","slug":"a-gazdasag-teljesitmenyenek-novekedesevel-a-berek-is-nottek","status":"publish","type":"post","link":"https:\/\/gazdasagportal.hu\/index.php\/a-gazdasag-teljesitmenyenek-novekedesevel-a-berek-is-nottek\/","title":{"rendered":"A gazdas\u00e1g teljes\u00edtm\u00e9ny\u00e9nek n\u00f6veked\u00e9s\u00e9vel a b\u00e9rek is n\u0151ttek"},"content":{"rendered":"<p><strong>A gazdas\u00e1g teljes\u00edtm\u00e9ny\u00e9nek n\u00f6veked\u00e9s\u00e9vel a b\u00e9rek is emelkedtek, amely \u00f6sszhangban van a v\u00e1rakoz\u00e1sokkal &#8211; mondta Varga Mih\u00e1ly p\u00e9nz\u00fcgyminiszter kedden az M1 aktu\u00e1lis csatorn\u00e1n, a K\u00f6zponti Statisztikai Hivatal (KSH) legfrissebb adataira reag\u00e1lva. <\/strong><!--more--><\/p>\n<div class=\"ads-in-post1\"><div id=\"gazdasagportal.hu_fullbanner_wideboard\"><\/div>\r\n<\/div>\n<p>    A KSH keddi k\u00f6zl\u00e9se szerint febru\u00e1rban a brutt\u00f3 \u00e9s a nett\u00f3 \u00e1tlagkereset 12,1 sz\u00e1zal\u00e9kkal volt magasabb, mint egy \u00e9vvel kor\u00e1bban a janu\u00e1ri 10,6 sz\u00e1zal\u00e9kos emelked\u00e9s ut\u00e1n. Az \u00e9v els\u0151 k\u00e9t h\u00f3napj\u00e1ban 11,4 sz\u00e1zal\u00e9kkal n\u0151ttek a fizet\u00e9sek. A febru\u00e1ri 3,1 \u00e9s az els\u0151 k\u00e9thavi 2,9 sz\u00e1zal\u00e9kos infl\u00e1ci\u00f3val sz\u00e1molva a re\u00e1lb\u00e9rek febru\u00e1rban 8,7, janu\u00e1r-febru\u00e1rban 8,2 sz\u00e1zal\u00e9kkal haladt\u00e1k meg az egy \u00e9vvel kor\u00e1bbiakat. A brutt\u00f3 \u00e1tlagkereset febru\u00e1rban 345 900 forint, a csal\u00e1di kedvezm\u00e9nyek n\u00e9lk\u00fcl sz\u00e1molt nett\u00f3 kereset 230 000 forint volt.<br \/>\n    Varga Mih\u00e1ly hozz\u00e1tette: a gazdas\u00e1gpolitika c\u00e9lja, hogy a munkahelyek sz\u00e1m\u00e1nak n\u00f6veked\u00e9s\u00e9vel, a gazdas\u00e1g b\u0151v\u00fcl\u00e9s\u00e9vel egy\u00fctt a keresetek is n\u00f6vekedjenek.<br \/>\n<div class=\"ads-in-post2\"><script async src=\"https:\/\/pagead2.googlesyndication.com\/pagead\/js\/adsbygoogle.js\"><\/script>\r\n<ins class=\"adsbygoogle\"\r\n     style=\"display:block\"\r\n     data-ad-format=\"fluid\"\r\n     data-ad-layout-key=\"-6t+ed+2i-1n-4w\"\r\n     data-ad-client=\"ca-pub-1959107119989764\"\r\n     data-ad-slot=\"4008251320\"><\/ins>\r\n<script>\r\n     (adsbygoogle = window.adsbygoogle || []).push({});\r\n<\/script><\/div>\n    A szakemberek ut\u00e1ni kereslet v\u00e1ltozatlanul nagy, ez pedig a b\u00e9rek n\u00f6veked\u00e9s\u00e9hez is hozz\u00e1j\u00e1rul.<br \/>\n    A miniszter elmondta: az \u00e1llami szf\u00e9r\u00e1ban t\u00f6rekszenek arra, hogy a keresetek emelked\u00e9se l\u00e9p\u00e9st tartson a versenyszf\u00e9ra n\u00f6veked\u00e9s\u00e9vel. A korm\u00e1nynak tavaly t\u00f6bb olyan d\u00f6nt\u00e9se volt, amelyik k\u00fcl\u00f6nb\u00f6z\u0151 \u00e1gazatokban b\u00e9rt emelt.<br \/>\n    Rem\u00e9nyeik szerint id\u00e9n is megtal\u00e1lj\u00e1k azt az egyens\u00falyt, ahol a versenyszektor b\u00e9reinek n\u00f6veked\u00e9s\u00e9vel az \u00e1llamigazgat\u00e1s, az \u00e1llami szf\u00e9ra keresete is l\u00e9p\u00e9st tart majd.<br \/>\n    Kit\u00e9rt arra is, hogy ak\u00e1r 2010-hez, ak\u00e1r 2014-hez viszony\u00edtva a keresetek legink\u00e1bb Magyarorsz\u00e1gon n\u0151ttek a r\u00e9gi\u00f3ban. A havi brutt\u00f3 \u00e1tlagkeresetek n\u00f6veked\u00e9s\u00e9t n\u00e9zve az orsz\u00e1g jelenleg a k\u00f6z\u00e9pmez\u0151nyben helyezkedik el, a visegr\u00e1di n\u00e9gyek k\u00f6z\u00f6tt a harmadik helyen.(MTI)<\/p>\n","protected":false},"excerpt":{"rendered":"<p>A gazdas\u00e1g teljes\u00edtm\u00e9ny\u00e9nek n\u00f6veked\u00e9s\u00e9vel a b\u00e9rek is emelkedtek, amely \u00f6sszhangban van a v\u00e1rakoz\u00e1sokkal &#8211; mondta Varga Mih\u00e1ly p\u00e9nz\u00fcgyminiszter kedden az M1 aktu\u00e1lis csatorn\u00e1n, a K\u00f6zponti Statisztikai Hivatal (KSH) legfrissebb adataira reag\u00e1lva.<\/p>\n","protected":false},"author":1,"featured_media":0,"comment_status":"closed","ping_status":"open","sticky":false,"template":"","format":"standard","meta":[],"categories":[19],"tags":[],"_links":{"self":[{"href":"https:\/\/gazdasagportal.hu\/index.php\/wp-json\/wp\/v2\/posts\/115625"}],"collection":[{"href":"https:\/\/gazdasagportal.hu\/index.php\/wp-json\/wp\/v2\/posts"}],"about":[{"href":"https:\/\/gazdasagportal.hu\/index.php\/wp-json\/wp\/v2\/types\/post"}],"author":[{"embeddable":true,"href":"https:\/\/gazdasagportal.hu\/index.php\/wp-json\/wp\/v2\/users\/1"}],"replies":[{"embeddable":true,"href":"https:\/\/gazdasagportal.hu\/index.php\/wp-json\/wp\/v2\/comments?post=115625"}],"version-history":[{"count":1,"href":"https:\/\/gazdasagportal.hu\/index.php\/wp-json\/wp\/v2\/posts\/115625\/revisions"}],"predecessor-version":[{"id":115626,"href":"https:\/\/gazdasagportal.hu\/index.php\/wp-json\/wp\/v2\/posts\/115625\/revisions\/115626"}],"wp:attachment":[{"href":"https:\/\/gazdasagportal.hu\/index.php\/wp-json\/wp\/v2\/media?parent=115625"}],"wp:term":[{"taxonomy":"category","embeddable":true,"href":"https:\/\/gazdasagportal.hu\/index.php\/wp-json\/wp\/v2\/categories?post=115625"},{"taxonomy":"post_tag","embeddable":true,"href":"https:\/\/gazdasagportal.hu\/index.php\/wp-json\/wp\/v2\/tags?post=115625"}],"curies":[{"name":"wp","href":"https:\/\/api.w.org\/{rel}","templated":true}]}}