{"id":115623,"date":"2019-04-30T12:48:58","date_gmt":"2019-04-30T10:48:58","guid":{"rendered":"http:\/\/gazdasagportal.hu\/?p=115623"},"modified":"2019-04-30T12:48:58","modified_gmt":"2019-04-30T10:48:58","slug":"beremeles-beremeles-es-tovabbra-is-eroteljes-beremeles","status":"publish","type":"post","link":"https:\/\/gazdasagportal.hu\/index.php\/beremeles-beremeles-es-tovabbra-is-eroteljes-beremeles\/","title":{"rendered":"B\u00e9remel\u00e9s, b\u00e9remel\u00e9s \u00e9s tov\u00e1bbra is er\u0151teljes b\u00e9remel\u00e9s"},"content":{"rendered":"<p><strong>Els\u0151sorban a munkaer\u0151hi\u00e1ny hajtja felfel\u00e9 a b\u00e9reket \u00e9s az er\u0151teljes n\u00f6veked\u00e9s addig kitarthat, am\u00edg a gazdas\u00e1gi n\u00f6veked\u00e9s kedvez\u0151 \u00fcteme fennmarad &#8211; \u00edgy komment\u00e1lt\u00e1k az MTI-nek nyilatkoz\u00f3 piaci elemz\u0151k a K\u00f6zponti Statisztikai Hivatal (KSH) kedden kiadott legfrissebb jelent\u00e9s\u00e9t. <\/strong><!--more--><\/p>\n<div class=\"ads-in-post1\"><div id=\"gazdasagportal.hu_fullbanner_wideboard\"><\/div>\r\n<\/div>\n<p>    A KSH adatai szerint febru\u00e1rban a brutt\u00f3 \u00e9s a nett\u00f3 \u00e1tlagkereset 12,1 sz\u00e1zal\u00e9kkal volt magasabb, mint egy \u00e9vvel kor\u00e1bban a janu\u00e1ri 10,6 sz\u00e1zal\u00e9kos emelked\u00e9s ut\u00e1n. Az \u00e9v els\u0151 k\u00e9t h\u00f3napj\u00e1ban 11,4 sz\u00e1zal\u00e9kkal n\u0151ttek a fizet\u00e9sek. A re\u00e1lb\u00e9rek febru\u00e1rban 8,7, janu\u00e1r-febru\u00e1rban 8,2 sz\u00e1zal\u00e9kkal haladt\u00e1k meg az egy \u00e9vvel kor\u00e1bbiakat. A v\u00e1llalkoz\u00e1sokn\u00e1l 11,9 sz\u00e1zal\u00e9kkal, a k\u00f6lts\u00e9gvet\u00e9si int\u00e9zm\u00e9nyekn\u00e9l 9,8 sz\u00e1zal\u00e9kkal n\u0151ttek a b\u00e9rek &#8211; a k\u00f6zfoglalkoztatottak n\u00e9lk\u00fcl sz\u00e1molva &#8211; tavaly febru\u00e1rhoz m\u00e9rve.<br \/>\n    Reg\u0151s G\u00e1bor, a Sz\u00e1zadv\u00e9g Gazdas\u00e1gkutat\u00f3 Zrt. makrogazdas\u00e1gi \u00fczlet\u00e1gvezet\u0151je a munkaer\u0151 ir\u00e1nti kereslet magas szintj\u00e9vel magyar\u00e1zta a b\u00e9remelked\u00e9s nagy lend\u00fclet\u00e9t. Ezt t\u00e1masztja al\u00e1 az is, hogy a versenyszf\u00e9r\u00e1ban az \u00e1tlagb\u00e9r jobban n\u0151tt, mint a k\u00f6lts\u00e9gvet\u00e9si szf\u00e9r\u00e1ban, ahol azonban az el\u0151z\u0151 h\u00f3naphoz k\u00e9pest szint\u00e9n gyorsult a b\u00e9remelked\u00e9s \u00fcteme. Az \u00e9letkor szerinti megoszt\u00e1sban leggyorsabban a 25 \u00e9v alatti fiatalok b\u00e9re n\u0151tt, azok\u00e9, akik a legmobilabbak, legk\u00f6nnyebben v\u00e1ltanak \u00e1ll\u00e1st jobb felt\u00e9telek\u00e9rt cser\u00e9be.<br \/>\n<div class=\"ads-in-post2\"><script async src=\"https:\/\/pagead2.googlesyndication.com\/pagead\/js\/adsbygoogle.js\"><\/script>\r\n<ins class=\"adsbygoogle\"\r\n     style=\"display:block\"\r\n     data-ad-format=\"fluid\"\r\n     data-ad-layout-key=\"-6t+ed+2i-1n-4w\"\r\n     data-ad-client=\"ca-pub-1959107119989764\"\r\n     data-ad-slot=\"4008251320\"><\/ins>\r\n<script>\r\n     (adsbygoogle = window.adsbygoogle || []).push({});\r\n<\/script><\/div>\n    Az \u00e9v eg\u00e9sz\u00e9t tekintve 10 sz\u00e1zal\u00e9kot meghalad\u00f3, s\u0151t, a k\u00f6zszf\u00e9r\u00e1ban az adatokban m\u00e9g nem szerepl\u0151 b\u00e9rrendez\u00e9sekkel sz\u00e1molva ak\u00e1r 12 sz\u00e1zal\u00e9kot is el\u00e9r\u0151 \u00e1tlagos b\u00e9remelked\u00e9sre sz\u00e1m\u00edt a Sz\u00e1zadv\u00e9g szak\u00e9rt\u0151je, aki megjegyezte, hogy a dinamikus b\u00e9rn\u00f6veked\u00e9s mindaddig kitarthat, am\u00edg a jelenlegi kiemelked\u0151en kedvez\u0151 gazdas\u00e1gi teljes\u00edtm\u00e9ny fennmarad.<br \/>\n    Virov\u00e1cz P\u00e9ter, az ING bank vezet\u0151 elemz\u0151je r\u00e1mutatott, a tavalyi \u00e9v \u00e1tlag\u00e1hoz k\u00e9pest is tov\u00e1bb er\u0151s\u00f6d\u00f6tt a b\u00e9rki\u00e1raml\u00e1s. Ez els\u0151sorban a versenyszf\u00e9r\u00e1ban zajl\u00f3 b\u00e9remel\u00e9sek k\u00f6vetkezm\u00e9nye, \u00e9s egyik eleme, hogy a cafeteria \u00e1talak\u00edt\u00e1s\u00e1val annak egy r\u00e9sz\u00e9t a v\u00e1llalatok m\u00e1r b\u00e9rben fizetik ki.<br \/>\n    A versenyszf\u00e9ra b\u00e9rn\u00f6veked\u00e9se m\u00e1r h\u00e9t egym\u00e1st k\u00f6vet\u0151 h\u00f3napban fel\u00fclm\u00falta az \u00e1llami szf\u00e9ra adat\u00e1t. \u00c1tlag felett n\u0151ttek a b\u00e9rek a feldolgoz\u00f3iparban, az \u00e9p\u00edt\u0151iparban \u00e9s a mez\u0151gazdas\u00e1gban is, vagyis f\u0151k\u00e9nt ott, ahol egyre akutabb a munkaer\u0151hi\u00e1ny.<br \/>\n    Az ING Bank vezet\u0151 elemz\u0151je arra sz\u00e1m\u00edt, hogy \u00e1tlagosan csaknem 10 sz\u00e1zal\u00e9kos lehet az idei b\u00e9rn\u00f6veked\u00e9s, amit tov\u00e1bbra is f\u0151k\u00e9nt a munkaer\u0151hi\u00e1ny hajt majd.<br \/>\n    Horv\u00e1th Andr\u00e1s, a Takar\u00e9kbank elemz\u0151je az idei \u00e9v eg\u00e9sz\u00e9re 10 sz\u00e1zal\u00e9kot n\u00e9mileg meghalad\u00f3 brutt\u00f3 b\u00e9rn\u00f6veked\u00e9st \u00e9s 6,1 sz\u00e1zal\u00e9k k\u00f6r\u00fcli re\u00e1lb\u00e9r emelked\u00e9st v\u00e1r, hozz\u00e1t\u00e9ve, hogy a kock\u00e1zatok v\u00e1ltozatlanul felfele mutatnak. A tov\u00e1bbra is fesz\u00edtett munkaer\u0151piac \u00e9s a rekord alacsony munkan\u00e9lk\u00fclis\u00e9g miatt a b\u00e9rn\u00f6veked\u00e9s dinamik\u00e1ja a k\u00f6vetkez\u0151 id\u0151szakban is hasonl\u00f3an er\u0151s maradhat. A munkaer\u0151\u00e9rt zajl\u00f3 eur\u00f3pai versenyben a magyarorsz\u00e1gi b\u00e9reknek tov\u00e1bbra is jelent\u0151s h\u00e1tr\u00e1nyt kell m\u00e9g ledolgozniuk, hogy a munkav\u00e1llal\u00e1si c\u00e9lpiacnak sz\u00e1m\u00edt\u00f3 orsz\u00e1gok nett\u00f3 b\u00e9rszintj\u00e9nek 80 sz\u00e1zal\u00e9k\u00e1t el\u00e9rj\u00e9k. Ezt k\u00f6vet\u0151en indulhatna vissza\u00e1raml\u00e1s a belf\u00f6ldi munkaer\u0151piacra, amit egy \u00e9rdemi munkav\u00e1llal\u00f3i ad\u00f3cs\u00f6kkent\u00e9s is jelent\u0151sen gyors\u00edtani tudna &#8211; tette hozz\u00e1.(MTI)<\/p>\n","protected":false},"excerpt":{"rendered":"<p>Els\u0151sorban a munkaer\u0151hi\u00e1ny hajtja felfel\u00e9 a b\u00e9reket \u00e9s az er\u0151teljes n\u00f6veked\u00e9s addig kitarthat, am\u00edg a gazdas\u00e1gi n\u00f6veked\u00e9s kedvez\u0151 \u00fcteme fennmarad &#8211; \u00edgy komment\u00e1lt\u00e1k az MTI-nek nyilatkoz\u00f3 piaci elemz\u0151k a K\u00f6zponti Statisztikai Hivatal (KSH) kedden kiadott legfrissebb jelent\u00e9s\u00e9t.<\/p>\n","protected":false},"author":1,"featured_media":0,"comment_status":"closed","ping_status":"open","sticky":false,"template":"","format":"standard","meta":[],"categories":[4,19],"tags":[],"_links":{"self":[{"href":"https:\/\/gazdasagportal.hu\/index.php\/wp-json\/wp\/v2\/posts\/115623"}],"collection":[{"href":"https:\/\/gazdasagportal.hu\/index.php\/wp-json\/wp\/v2\/posts"}],"about":[{"href":"https:\/\/gazdasagportal.hu\/index.php\/wp-json\/wp\/v2\/types\/post"}],"author":[{"embeddable":true,"href":"https:\/\/gazdasagportal.hu\/index.php\/wp-json\/wp\/v2\/users\/1"}],"replies":[{"embeddable":true,"href":"https:\/\/gazdasagportal.hu\/index.php\/wp-json\/wp\/v2\/comments?post=115623"}],"version-history":[{"count":1,"href":"https:\/\/gazdasagportal.hu\/index.php\/wp-json\/wp\/v2\/posts\/115623\/revisions"}],"predecessor-version":[{"id":115624,"href":"https:\/\/gazdasagportal.hu\/index.php\/wp-json\/wp\/v2\/posts\/115623\/revisions\/115624"}],"wp:attachment":[{"href":"https:\/\/gazdasagportal.hu\/index.php\/wp-json\/wp\/v2\/media?parent=115623"}],"wp:term":[{"taxonomy":"category","embeddable":true,"href":"https:\/\/gazdasagportal.hu\/index.php\/wp-json\/wp\/v2\/categories?post=115623"},{"taxonomy":"post_tag","embeddable":true,"href":"https:\/\/gazdasagportal.hu\/index.php\/wp-json\/wp\/v2\/tags?post=115623"}],"curies":[{"name":"wp","href":"https:\/\/api.w.org\/{rel}","templated":true}]}}