{"id":115597,"date":"2019-04-30T08:17:55","date_gmt":"2019-04-30T06:17:55","guid":{"rendered":"http:\/\/gazdasagportal.hu\/?p=115597"},"modified":"2019-04-30T08:22:19","modified_gmt":"2019-04-30T06:22:19","slug":"nagy-futam-szerdan-hetedszer-rendezik-meg-a-belvarosi-bemutatot-elozetes","status":"publish","type":"post","link":"https:\/\/gazdasagportal.hu\/index.php\/nagy-futam-szerdan-hetedszer-rendezik-meg-a-belvarosi-bemutatot-elozetes\/","title":{"rendered":"Nagy Futam &#8211; Holnap ism\u00e9t itt a Forma-1-es belv\u00e1rosi bemutat\u00f3 &#8211; EL\u0150ZETES"},"content":{"rendered":"<p><strong>Hetedik alkalommal rendezik meg szerd\u00e1n a technikai sportok Nagy Futam elnevez\u00e9s\u0171 esem\u00e9ny\u00e9t, amelynek sor\u00e1n Budapest belv\u00e1ros\u00e1ban tartanak bemutat\u00f3t az aut\u00f3- \u00e9s motorsport hazai \u00e9s k\u00fclf\u00f6ldi kiv\u00e1l\u00f3s\u00e1gai, a szt\u00e1rvend\u00e9g a tavalyihoz hasonl\u00f3an ez\u00fattal is Max Verstappen, a Forma-1-es Red Bull ist\u00e1ll\u00f3 holland pil\u00f3t\u00e1ja lesz.<\/strong><!--more--><\/p>\n<div class=\"ads-in-post1\"><div id=\"gazdasagportal.hu_fullbanner_wideboard\"><\/div>\r\n<\/div>\n<p>    Az idei rendezv\u00e9ny k\u00fcl\u00f6nlegess\u00e9ge az elektromos formulaaut\u00f3s vil\u00e1gbajnoks\u00e1gon, a Forma-E-ben szerepl\u0151 egyik versenyaut\u00f3 lesz, amelyet eddig m\u00e9g nem lehetett l\u00e1tni Magyarorsz\u00e1gon. A Mahindra Racing versenyg\u00e9p\u00e9t a Forma-E-ben h\u00e1romszoros futamgy\u0151ztes belga Jerome D&#8217;Ambrosio vezeti majd.<br \/>\n    A Bajcsy-Zsilinszky \u00faton, a Bazilik\u00e1n\u00e1l kialak\u00edtott paddockban m\u00e1r szerda reggel 8 \u00f3r\u00e1t\u00f3l meg lehet n\u00e9zni a versenyaut\u00f3kat, a show pedig 14 \u00f3rakor kezd\u0151dik \u00e9s 16.30-ig tart. Ennek keret\u00e9ben tartja meg bemutat\u00f3j\u00e1t Verstappen \u00e9s D&#8217;Ambrosio, de a ralikrossz-vil\u00e1gbajnoks\u00e1gon szerepl\u0151 Szab\u00f3 Kriszti\u00e1n is p\u00e1ly\u00e1ra gurul az Audi S1-es versenyaut\u00f3val, valamint a magyar pil\u00f3t\u00e1k k\u00f6z\u00fcl a t\u00faraaut\u00f3-vil\u00e1gkup\u00e1ban (WTCR) szerepl\u0151 Michelisz Norbert (Hyundai) \u00e9s Tassi Attila (Honda), illetve a k\u00e9tszeres gyorsas\u00e1gi kamionos Eur\u00f3pa-bajnok Kiss Norbert is.<br \/>\n    Magyarorsz\u00e1g eddigi egyetlen Forma-1-es versenyz\u0151je, Baumgartner Zsolt egy Formula Renault-val megy majd v\u00e9gig az Erzs\u00e9bet t\u00e9r-Andr\u00e1ssy \u00fat-Oktogon-Andr\u00e1ssy \u00fat-Erzs\u00e9bet t\u00e9r \u00fatvonalon, de tartanak bemutat\u00f3t ralisok, terepralisok \u00e9s aut\u00f3krosszosok is. Az esem\u00e9ny megtekint\u00e9se ingyenesen.(MTI)<\/p>\n","protected":false},"excerpt":{"rendered":"<p>Hetedik alkalommal rendezik meg szerd\u00e1n a technikai sportok Nagy Futam elnevez\u00e9s\u0171 esem\u00e9ny\u00e9t, amelynek sor\u00e1n Budapest belv\u00e1ros\u00e1ban tartanak bemutat\u00f3t az aut\u00f3- \u00e9s motorsport hazai \u00e9s k\u00fclf\u00f6ldi kiv\u00e1l\u00f3s\u00e1gai, a szt\u00e1rvend\u00e9g a tavalyihoz hasonl\u00f3an ez\u00fattal is Max Verstappen, a Forma-1-es Red Bull ist\u00e1ll\u00f3 holland pil\u00f3t\u00e1ja lesz.<\/p>\n","protected":false},"author":1,"featured_media":0,"comment_status":"closed","ping_status":"open","sticky":false,"template":"","format":"standard","meta":[],"categories":[4],"tags":[],"_links":{"self":[{"href":"https:\/\/gazdasagportal.hu\/index.php\/wp-json\/wp\/v2\/posts\/115597"}],"collection":[{"href":"https:\/\/gazdasagportal.hu\/index.php\/wp-json\/wp\/v2\/posts"}],"about":[{"href":"https:\/\/gazdasagportal.hu\/index.php\/wp-json\/wp\/v2\/types\/post"}],"author":[{"embeddable":true,"href":"https:\/\/gazdasagportal.hu\/index.php\/wp-json\/wp\/v2\/users\/1"}],"replies":[{"embeddable":true,"href":"https:\/\/gazdasagportal.hu\/index.php\/wp-json\/wp\/v2\/comments?post=115597"}],"version-history":[{"count":5,"href":"https:\/\/gazdasagportal.hu\/index.php\/wp-json\/wp\/v2\/posts\/115597\/revisions"}],"predecessor-version":[{"id":115602,"href":"https:\/\/gazdasagportal.hu\/index.php\/wp-json\/wp\/v2\/posts\/115597\/revisions\/115602"}],"wp:attachment":[{"href":"https:\/\/gazdasagportal.hu\/index.php\/wp-json\/wp\/v2\/media?parent=115597"}],"wp:term":[{"taxonomy":"category","embeddable":true,"href":"https:\/\/gazdasagportal.hu\/index.php\/wp-json\/wp\/v2\/categories?post=115597"},{"taxonomy":"post_tag","embeddable":true,"href":"https:\/\/gazdasagportal.hu\/index.php\/wp-json\/wp\/v2\/tags?post=115597"}],"curies":[{"name":"wp","href":"https:\/\/api.w.org\/{rel}","templated":true}]}}