{"id":115591,"date":"2019-04-30T07:11:42","date_gmt":"2019-04-30T05:11:42","guid":{"rendered":"http:\/\/gazdasagportal.hu\/?p=115591"},"modified":"2019-04-30T07:11:42","modified_gmt":"2019-04-30T05:11:42","slug":"ujabb-beremelessel-ismeri-el-a-szakmai-teljesitmenyt-az-auchan","status":"publish","type":"post","link":"https:\/\/gazdasagportal.hu\/index.php\/ujabb-beremelessel-ismeri-el-a-szakmai-teljesitmenyt-az-auchan\/","title":{"rendered":"\u00dajabb b\u00e9remel\u00e9ssel ismeri el a szakmai teljes\u00edtm\u00e9nyt az Auchan"},"content":{"rendered":"<p><strong>A janu\u00e1rban bejelentett b\u00e9rfejleszt\u00e9sen t\u00fal \u00e1prilis 1-t\u0151l \u00fajabb jelent\u0151s b\u00e9remel\u00e9st hajtott v\u00e9gre az Auchan Retail Magyarorsz\u00e1g. Az 1150 vezet\u0151 \u00e9s beosztott munkav\u00e1llal\u00f3t \u00e9rint\u0151, \u00e1tlagosan 9 sz\u00e1zal\u00e9kos b\u00e9rn\u00f6veked\u00e9ssel 2 milli\u00e1rd forintra n\u0151 az \u00e1ruh\u00e1zl\u00e1nc \u00faj javadalmaz\u00e1si rendszer\u00e9be 2019 folyam\u00e1n befektetett \u00f6sszeg. A v\u00e1llalat b\u00e9rpolitik\u00e1j\u00e1nak a szakmai teljes\u00edtm\u00e9ny elismer\u00e9se mellett a megv\u00e1ltozott munkak\u00e9pess\u00e9g\u0171ek foglalkoztat\u00e1s\u00e1nak t\u00e1mogat\u00e1sa tov\u00e1bbra is fontos eleme.<\/strong><!--more--><\/p>\n<div class=\"ads-in-post1\"><div id=\"gazdasagportal.hu_fullbanner_wideboard\"><\/div>\r\n<\/div>\n<p>&nbsp;<\/p>\n<p>Az \u00e9v eleji b\u00e9remel\u00e9st k\u00f6vet\u0151en 2019 tavasz\u00e1n t\u00f6bb mint ezer munkav\u00e1llal\u00f3 b\u00e9re \u00fajra jelent\u0151s m\u00e9rt\u00e9kben emelkedik az Auchan Retail Magyarorsz\u00e1gn\u00e1l. A most bejelentett fizet\u00e9semel\u00e9s sokak eset\u00e9ben el\u0151l\u00e9ptet\u00e9ssel is j\u00e1rt, mellyel \u00e1ruh\u00e1zi \u00e9s irodai munkat\u00e1rsak, valamint vezet\u0151k szakmai teljes\u00edtm\u00e9ny\u00e9t egyar\u00e1nt elismert\u00e9k. Az \u00e1tlagosan 9 sz\u00e1zal\u00e9kos, \u00f6sszess\u00e9g\u00e9ben a 325 milli\u00f3 forintot el\u00e9r\u0151 mostani b\u00e9remel\u00e9s a munkav\u00e1llal\u00f3k 16 sz\u00e1zal\u00e9k\u00e1t \u00e9rinti, \u00e9s az \u00e9v elej\u00e9n bejelentett 1,7 milli\u00e1rd forintos b\u00e9rfejleszt\u00e9st 2 milli\u00e1rd forintra eg\u00e9sz\u00edti ki.<\/p><div id=\"gazda-2089455219\" class=\"gazda-tartalomban gazda-entity-placement\"><script async src=\"https:\/\/pagead2.googlesyndication.com\/pagead\/js\/adsbygoogle.js\"><\/script>\r\n<ins class=\"adsbygoogle\"\r\n     style=\"display:block\"\r\n     data-ad-format=\"fluid\"\r\n     data-ad-layout-key=\"-6t+ed+2i-1n-4w\"\r\n     data-ad-client=\"ca-pub-1959107119989764\"\r\n     data-ad-slot=\"4008251320\"><\/ins>\r\n<script>\r\n     (adsbygoogle = window.adsbygoogle || []).push({});\r\n<\/script><\/div>\n<p>Ebben az \u00e9vben a b\u00e9ren k\u00edv\u00fcli juttat\u00e1sok k\u00f6r\u00e9t is b\u0151v\u00edtette az \u00e1ruh\u00e1zl\u00e1nc, \u00edgy 2019. janu\u00e1r 1-t\u0151l minden teljes munkaid\u0151s Auchan-munkav\u00e1llal\u00f3 \u00e9ves szinten brutt\u00f3 91 ezer forint b\u00e9ren k\u00edv\u00fcli juttat\u00e1sban r\u00e9szes\u00fcl, ami \u00e1tfog\u00f3 \u00e9let- \u00e9s balesetbiztos\u00edt\u00e1ssal, eg\u00e9szs\u00e9g\u00fcgyi szolg\u00e1ltat\u00e1sokkal, \u00edgy p\u00e9ld\u00e1ul rendszeres sz\u0171r\u0151vizsg\u00e1latokkal, valamint 5 sz\u00e1zal\u00e9kos v\u00e1s\u00e1rl\u00f3i kedvezm\u00e9nnyel eg\u00e9sz\u00fcl ki. A hazai kiskereskedelmi szektorban egyed\u00fcl\u00e1ll\u00f3 m\u00f3don a v\u00e1llalat r\u00e9szv\u00e9nyesi programot is k\u00edn\u00e1l minden munkav\u00e1llal\u00f3j\u00e1nak, amely tov\u00e1bbi b\u00e9rkieg\u00e9sz\u00edt\u00e9st tesz lehet\u0151v\u00e9 a gazdas\u00e1gi eredm\u00e9nyek f\u00fcggv\u00e9ny\u00e9ben.<\/p>\n<div class=\"ads-in-post2\"><script async src=\"https:\/\/pagead2.googlesyndication.com\/pagead\/js\/adsbygoogle.js\"><\/script>\r\n<ins class=\"adsbygoogle\"\r\n     style=\"display:block\"\r\n     data-ad-format=\"fluid\"\r\n     data-ad-layout-key=\"-6t+ed+2i-1n-4w\"\r\n     data-ad-client=\"ca-pub-1959107119989764\"\r\n     data-ad-slot=\"4008251320\"><\/ins>\r\n<script>\r\n     (adsbygoogle = window.adsbygoogle || []).push({});\r\n<\/script><\/div>\nAz Auchan hum\u00e1ner\u0151forr\u00e1s politik\u00e1j\u00e1nak c\u00e9lja, hogy hossz\u00fa t\u00e1von stabil h\u00e1tteret biztos\u00edtson a munkat\u00e1rsainak, ez\u00e9rt az anyagi elismer\u00e9s mellett 2019. nyar\u00e1n el\u00e9gedetts\u00e9gi felm\u00e9r\u00e9st v\u00e9gez dolgoz\u00f3i k\u00f6r\u00e9ben. A v\u00e1llalatr\u00f3l \u00e9s a vezet\u0151kr\u0151l sz\u00f3l\u00f3 anonim v\u00e9lem\u00e9nynyilv\u00e1n\u00edt\u00e1s ki\u00e9rt\u00e9kel\u00e9s\u00e9t k\u00f6vet\u0151en \u00e1ruh\u00e1zakra bontott, valamint v\u00e1llalati szint\u0171 fejleszt\u00e9si programokat ind\u00edtanak a tapasztalatok be\u00e9p\u00edt\u00e9s\u00e9re.<\/p>\n<p>Az \u00e1ruh\u00e1zl\u00e1nc emellett nagy hangs\u00falyt fektet a megv\u00e1ltozott munkak\u00e9pess\u00e9g\u0171ek foglalkoztat\u00e1s\u00e1ra. 2018-ban p\u00e9ld\u00e1ul m\u00e1r \u00f6t\u00f6dik alkalommal nyert\u00e9k el a Fogyat\u00e9koss\u00e1gbar\u00e1t Munkahely elismer\u00e9st. A mostanra stabilan 400 f\u0151 k\u00f6r\u00fcli MMK-s munkav\u00e1llal\u00f3 beilleszked\u00e9s\u00e9t a t\u00f6bbi koll\u00e9ga sz\u00e1m\u00e1ra szervezett \u00e9rz\u00e9keny\u00edt\u0151 programokkal seg\u00edtik, emellett a k\u00f6zelm\u00faltban speci\u00e1lis workshopot tartottak saj\u00e1t munkat\u00e1rsaik, valamint m\u00e1s nagyv\u00e1llalatok \u00e9s a Budapesti Szakk\u00e9pz\u00e9si Centrum k\u00e9pvisel\u0151i sz\u00e1m\u00e1ra.<\/p>\n<p>&nbsp;<\/p>\n<p>&nbsp;<\/p>\n<p><strong>H\u00e1tt\u00e9rinform\u00e1ci\u00f3 az Auchan Retail Magyarorsz\u00e1gr\u00f3l:<\/strong><\/p>\n<p>Az Auchan Retail Magyarorsz\u00e1g 19 hipermarketet, h\u00e1rom szupermarketet, k\u00e9t superstore-t, 18 diszkont \u00fczemanyag-t\u00f6lt\u0151\u00e1llom\u00e1st \u00e9s online \u00e1ruh\u00e1zat \u00fczemeltet, \u00e9s k\u00f6zel 7 000 f\u0151t foglalkoztat. A v\u00e1llalat jelent\u0151s gazdas\u00e1gi szerepl\u0151v\u00e9 v\u00e1lt az elm\u00falt 20 \u00e9vben az eddigi, mintegy 200 milli\u00e1rd forint \u00e9rt\u00e9k\u0171 magyarorsz\u00e1gi beruh\u00e1z\u00e1ssal. Az \u00e1ruh\u00e1zl\u00e1nc sz\u00e9les v\u00e1laszt\u00e9k\u00e1r\u00f3l \u00e9s diszkont \u00e1rair\u00f3l ismert. Az Auchan elk\u00f6telezett, hogy jobb\u00e1 tegye v\u00e1s\u00e1rl\u00f3i, munkat\u00e1rsai \u00e9s partnerei \u00e9let\u00e9t, \u00e9s hozz\u00e1j\u00e1ruljon a lakoss\u00e1g \u00e9letmin\u0151s\u00e9g\u00e9nek jav\u00edt\u00e1s\u00e1hoz. 2018-ban a v\u00e1llalat \u00f6t\u00f6dik alkalommal nyerte el a Fogyat\u00e9koss\u00e1g-bar\u00e1t munkahely elismer\u00e9st. \u00a0<a href=\"https:\/\/www.auchan.hu\/\" target=\"_blank\" rel=\"noopener\">https:\/\/www.auchan.hu\/<\/a><\/p>\n","protected":false},"excerpt":{"rendered":"<p>A janu\u00e1rban bejelentett b\u00e9rfejleszt\u00e9sen t\u00fal \u00e1prilis 1-t\u0151l \u00fajabb jelent\u0151s b\u00e9remel\u00e9st hajtott v\u00e9gre az Auchan Retail Magyarorsz\u00e1g. Az 1150 vezet\u0151 \u00e9s beosztott munkav\u00e1llal\u00f3t \u00e9rint\u0151, \u00e1tlagosan 9 sz\u00e1zal\u00e9kos b\u00e9rn\u00f6veked\u00e9ssel 2 milli\u00e1rd forintra n\u0151 az \u00e1ruh\u00e1zl\u00e1nc \u00faj javadalmaz\u00e1si rendszer\u00e9be 2019 folyam\u00e1n befektetett \u00f6sszeg. A v\u00e1llalat b\u00e9rpolitik\u00e1j\u00e1nak a szakmai teljes\u00edtm\u00e9ny elismer\u00e9se mellett a megv\u00e1ltozott munkak\u00e9pess\u00e9g\u0171ek foglalkoztat\u00e1s\u00e1nak t\u00e1mogat\u00e1sa tov\u00e1bbra is &#8230;<\/p>\n","protected":false},"author":1001003,"featured_media":0,"comment_status":"closed","ping_status":"open","sticky":false,"template":"","format":"standard","meta":[],"categories":[4,19],"tags":[],"_links":{"self":[{"href":"https:\/\/gazdasagportal.hu\/index.php\/wp-json\/wp\/v2\/posts\/115591"}],"collection":[{"href":"https:\/\/gazdasagportal.hu\/index.php\/wp-json\/wp\/v2\/posts"}],"about":[{"href":"https:\/\/gazdasagportal.hu\/index.php\/wp-json\/wp\/v2\/types\/post"}],"author":[{"embeddable":true,"href":"https:\/\/gazdasagportal.hu\/index.php\/wp-json\/wp\/v2\/users\/1001003"}],"replies":[{"embeddable":true,"href":"https:\/\/gazdasagportal.hu\/index.php\/wp-json\/wp\/v2\/comments?post=115591"}],"version-history":[{"count":1,"href":"https:\/\/gazdasagportal.hu\/index.php\/wp-json\/wp\/v2\/posts\/115591\/revisions"}],"predecessor-version":[{"id":115592,"href":"https:\/\/gazdasagportal.hu\/index.php\/wp-json\/wp\/v2\/posts\/115591\/revisions\/115592"}],"wp:attachment":[{"href":"https:\/\/gazdasagportal.hu\/index.php\/wp-json\/wp\/v2\/media?parent=115591"}],"wp:term":[{"taxonomy":"category","embeddable":true,"href":"https:\/\/gazdasagportal.hu\/index.php\/wp-json\/wp\/v2\/categories?post=115591"},{"taxonomy":"post_tag","embeddable":true,"href":"https:\/\/gazdasagportal.hu\/index.php\/wp-json\/wp\/v2\/tags?post=115591"}],"curies":[{"name":"wp","href":"https:\/\/api.w.org\/{rel}","templated":true}]}}