{"id":115565,"date":"2019-04-29T12:46:57","date_gmt":"2019-04-29T10:46:57","guid":{"rendered":"http:\/\/gazdasagportal.hu\/?p=115565"},"modified":"2019-04-29T12:46:57","modified_gmt":"2019-04-29T10:46:57","slug":"elemzok-a-munkaero-szuke-beremelesekre-es-beruhazasokra-keszteti-a-vallalkozasokat","status":"publish","type":"post","link":"https:\/\/gazdasagportal.hu\/index.php\/elemzok-a-munkaero-szuke-beremelesekre-es-beruhazasokra-keszteti-a-vallalkozasokat\/","title":{"rendered":"Elemz\u0151k: a munkaer\u0151 sz\u0171ke b\u00e9remel\u00e9sekre \u00e9s beruh\u00e1z\u00e1sokra k\u00e9szteti a v\u00e1llalkoz\u00e1sokat"},"content":{"rendered":"<p><strong>A rendelkez\u00e9sre \u00e1ll\u00f3 munkaer\u0151-tartal\u00e9k jelenlegi \u00f6sszet\u00e9tele mellett a foglalkoztat\u00e1si r\u00e1ta legfeljebb szakpolitikai int\u00e9zked\u00e9sekkel, esetleg a region\u00e1lis elt\u00e9r\u00e9sek sz\u0171k\u00edt\u00e9s\u00e9vel jav\u00edthat\u00f3. A munkaer\u0151piac tel\u00edtetts\u00e9ge a b\u00e9remel\u00e9s \u00e9s a termel\u00e9kenys\u00e9get jav\u00edt\u00f3 beruh\u00e1z\u00e1sok ir\u00e1ny\u00e1ba tereli a v\u00e1llalati d\u00f6nt\u00e9shoz\u00f3kat &#8211; \u00edgy komment\u00e1lt\u00e1k az MTI-nek nyilatkoz\u00f3 elemz\u0151k a K\u00f6zponti Statisztikai Hivatal (KSH) h\u00e9tf\u0151n nyilv\u00e1noss\u00e1gra hozott foglalkoztat\u00e1si adatait.<\/strong><!--more--><\/p>\n<div class=\"ads-in-post1\"><div id=\"gazdasagportal.hu_fullbanner_wideboard\"><\/div>\r\n<\/div>\n<p>    A KSH jelent\u00e9se szerint az els\u0151 negyed\u00e9vben a 15-64 \u00e9vesek foglalkoztat\u00e1si r\u00e1t\u00e1ja 1,2 sz\u00e1zal\u00e9kponttal 69,9 sz\u00e1zal\u00e9kra n\u0151tt. A 20-64 \u00e9ves korcsoportban a foglalkoztat\u00e1si r\u00e1ta 1,2 sz\u00e1zal\u00e9kponttal, 75,1 sz\u00e1zal\u00e9kra emelkedett, ezzel meghaladta az Eur\u00f3pai Uni\u00f3 2020-ra kit\u0171z\u00f6tt 75,0 sz\u00e1zal\u00e9kos c\u00e9l\u00e9rt\u00e9k\u00e9t. A munkan\u00e9lk\u00fclis\u00e9gi r\u00e1ta 3,6 sz\u00e1zal\u00e9k volt. A r\u00e1ta a tavaly \u00e1prilis-j\u00faniusi h\u00e1rom h\u00f3napos id\u0151szakban cs\u00f6kkent el\u0151sz\u00f6r 3,6 sz\u00e1zal\u00e9kra, az\u00f3ta mind\u00f6ssze k\u00e9tszer emelkedett 3,7, \u00e9s egyszer 3,8 sz\u00e1zal\u00e9kra.<br \/>\n    Virov\u00e1cz P\u00e9ter, az ING Bank vezet\u0151 elemz\u0151je szerint a jelenlegi munkaer\u0151piaci strukt\u00fara mellett a magyar gazdas\u00e1g el\u00e9rte a teljes foglalkoztatotts\u00e1g szintj\u00e9t. Az \u00e1ll\u00e1stalanok ar\u00e1nya l\u00e9nyeg\u00e9ben egy \u00e9ve 3,6 sz\u00e1zal\u00e9k k\u00f6r\u00fcli szinten mozog. Jelent\u0151sebb munkaer\u0151piaci reform hi\u00e1ny\u00e1ban az ING Bank vezet\u0151 elemz\u0151je nem l\u00e1t \u00e9rdemi teret a r\u00e1ta tov\u00e1bbi cs\u00f6kken\u00e9s\u00e9re, tekintettel a kereslet \u00e9s k\u00edn\u00e1lat k\u00f6z\u00f6tt jelenleg fenn\u00e1ll\u00f3 k\u00e9pzetts\u00e9gi \u00e9s f\u00f6ldrajzi elt\u00e9r\u00e9sekre. Az id\u00e9n az \u00e9v eg\u00e9sz\u00e9ben \u00e1tlagosan 3,6 sz\u00e1zal\u00e9kos munkan\u00e9lk\u00fclis\u00e9get v\u00e1r.<br \/>\n<div class=\"ads-in-post2\"><script async src=\"https:\/\/pagead2.googlesyndication.com\/pagead\/js\/adsbygoogle.js\"><\/script>\r\n<ins class=\"adsbygoogle\"\r\n     style=\"display:block\"\r\n     data-ad-format=\"fluid\"\r\n     data-ad-layout-key=\"-6t+ed+2i-1n-4w\"\r\n     data-ad-client=\"ca-pub-1959107119989764\"\r\n     data-ad-slot=\"4008251320\"><\/ins>\r\n<script>\r\n     (adsbygoogle = window.adsbygoogle || []).push({});\r\n<\/script><\/div>\n    A foglalkoztat\u00e1si r\u00e1ta ism\u00e9t 70 sz\u00e1zal\u00e9k k\u00f6zel\u00e9be emelkedett, de Virov\u00e1cz P\u00e9ter ebben sem sz\u00e1m\u00edt m\u00e1r tov\u00e1bbi drasztikus javul\u00e1sra. A magyar munkaer\u0151piacon ugyanis m\u00e9g potenci\u00e1lisan bevonhat\u00f3k k\u00f6re jelent\u0151sen besz\u0171k\u00fclt. Erre utal az is, hogy a k\u00f6zfoglalkoztatottak sz\u00e1ma sok \u00e9ves m\u00e9lypontra esett \u00e9s az els\u0151dleges munkaer\u0151piacon dolgoz\u00f3k sz\u00e1m\u00e1nak n\u00f6veked\u00e9si \u00fcteme is jelent\u0151sen lelassult &#8211; emelte ki. \u00d6sszess\u00e9g\u00e9ben a munkaer\u0151piac tel\u00edtetts\u00e9ge id\u00e9n is fennmaradhat, minim\u00e1lis javul\u00e1s mellett, ami \u00edgy a b\u00e9remel\u00e9s \u00e9s a termel\u00e9kenys\u00e9get jav\u00edt\u00f3 beruh\u00e1z\u00e1sok ir\u00e1ny\u00e1ba tereli a v\u00e1llalati d\u00f6nt\u00e9shoz\u00f3kat.<br \/>\n    Horv\u00e1th Andr\u00e1s, a Takar\u00e9kbank elemz\u0151je azt emelte ki, hogy a 20-64 \u00e9ves koroszt\u00e1ly 75,1 sz\u00e1zal\u00e9kos foglalkoztat\u00e1si r\u00e1t\u00e1ja  \u00e9rdemben meghaladja az Eur\u00f3pai Uni\u00f3 73,2 sz\u00e1zal\u00e9kos \u00e1tlag\u00e1t, de tov\u00e1bbi er\u0151fesz\u00edt\u00e9sekre van sz\u00fcks\u00e9g az egyik f\u0151 versenyt\u00e1rs cseh gazdas\u00e1g 79,9 sz\u00e1zal\u00e9kos r\u00e1t\u00e1j\u00e1nak el\u00e9r\u00e9s\u00e9hez.<br \/>\n    A magyar munkaer\u0151piac egyre ink\u00e1bb bele\u00fctk\u00f6zik a foglalkoztat\u00e1s tov\u00e1bbi b\u0151v\u00fcl\u00e9s\u00e9nek korl\u00e1tj\u00e1ba. A munkan\u00e9lk\u00fclis\u00e9g szinte egy\u00e1ltal\u00e1n nem, de a foglalkoztat\u00e1s is csak minim\u00e1lisan araszolva tud elmozdulni pozit\u00edv ir\u00e1nyba annak ellen\u00e9re, hogy a foglalkoztat\u00e1si r\u00e1ta m\u00e9g tov\u00e1bbi legal\u00e1bb 4 sz\u00e1zal\u00e9kponttal jav\u00edthat\u00f3 lenne \u00f6sszehasonl\u00edtva a jelenleg versenyk\u00e9pesebb uni\u00f3s tag\u00e1llamokkal.<br \/>\n    A m\u00e9g rendelkez\u00e9sre \u00e1ll\u00f3 munkaer\u0151 min\u0151s\u00e9ge azonban meglehet\u0151sen alacsony, m\u00e1r csak teljesen k\u00e9pzetlen munkaer\u0151 maradt szabadon a piacon, ez\u00e9rt szakpolitikai beavatkoz\u00e1s \u00e9s az oktat\u00e1sba minden eszk\u00f6zzel val\u00f3 bek\u00e9nyszer\u00edt\u00e9s n\u00e9lk\u00fcl nem v\u00e1rhat\u00f3 \u00e9rdemi el\u0151rel\u00e9p\u00e9s \u00e9s tov\u00e1bbi b\u0151v\u00fcl\u00e9s a magyar munkaer\u0151piacon &#8211; v\u00e9li az elemz\u0151.<br \/>\n    Reg\u0151s G\u00e1bor,  a Sz\u00e1zadv\u00e9g makrogazdas\u00e1gi \u00fczlet\u00e1g\u00e1nak vezet\u0151je kiemelte, hogy az els\u0151 h\u00e1rom h\u00f3napban a k\u00f6zfoglalkoztatottak sz\u00e1m\u00e1nak tov\u00e1bbi m\u00e9rs\u00e9kl\u0151d\u00e9se \u00e9s a k\u00f6zszf\u00e9r\u00e1ban v\u00e9grehajtott le\u00e9p\u00edt\u00e9sek mellett is folytat\u00f3dott a foglalkoztat\u00e1s b\u0151v\u00fcl\u00e9se. M\u00edg 2010-ben a foglalkoztat\u00e1si r\u00e1t\u00e1t tekintve Magyarorsz\u00e1g az utols\u00f3 volt az uni\u00f3s tag\u00e1llamok k\u00f6z\u00f6tt, m\u00e1ra m\u00e1r meghaladta az uni\u00f3s \u00e1tlagot. A munkan\u00e9lk\u00fclis\u00e9gi r\u00e1ta tov\u00e1bbi m\u00e9rs\u00e9kl\u0151d\u00e9s\u00e9t els\u0151sorban a ter\u00fcleti elt\u00e9r\u00e9sek cs\u00f6kkent\u00e9se seg\u00edtheti el\u0151: a mutat\u00f3 t\u00f6bb megy\u00e9ben 3 sz\u00e1zal\u00e9k alatt van, mik\u00f6zben az \u00e9szak-alf\u00f6ldi r\u00e9gi\u00f3ban m\u00e9g 6,5 sz\u00e1zal\u00e9k. A munkaer\u0151-kereslet kiel\u00e9g\u00edt\u00e9s\u00e9t tov\u00e1bbra is az inakt\u00edvak foglalkoztat\u00e1sba t\u00f6rt\u00e9n\u0151 bevon\u00e1sa seg\u00edtheti el\u0151 p\u00e9ld\u00e1ul a magyar \u00e1tlaghoz k\u00e9pest alacsonyabb aktivit\u00e1s\u00fa d\u00e9l-dun\u00e1nt\u00fali \u00e9s \u00e9szak-magyarorsz\u00e1gi r\u00e9gi\u00f3kban &#8211; fejtette ki Reg\u0151s G\u00e1bor.<br \/>\n    Nyeste Orsolya, az Erste Bank makrogazdas\u00e1gi elemz\u0151je az adatokat \u00e9rt\u00e9kelve meg\u00e1llap\u00edtotta, a v\u00e1llatok munkaer\u0151 ir\u00e1nt kereslete er\u0151s, \u00edgy egyre t\u00f6bben tal\u00e1lnak munk\u00e1t az els\u0151dleges munkapiacon, ami j\u00f3l t\u00fckr\u00f6z\u0151dik a k\u00f6zfoglalkoztatottak sz\u00e1m\u00e1nak cs\u00f6kken\u00e9s\u00e9ben. A munkapiaci tendenci\u00e1k alapj\u00e1n egyel\u0151re alig mutatkoznak olyan jelek, amelyek a b\u00e9rn\u00f6veked\u00e9s \u00fctem\u00e9nek lassul\u00e1sa ir\u00e1ny\u00e1ba mutatn\u00e1nak. Az alacsony munkan\u00e9lk\u00fclis\u00e9gi r\u00e1ta, a tov\u00e1bb emelked\u0151 b\u00e9rek pedig azt jelentik, hogy a fogyaszt\u00e1s az idei \u00e9vben sem fog lassulni, \u00e9s igen fontos t\u00e1masza marad a magyar gazdas\u00e1gi n\u00f6veked\u00e9snek &#8211; jelezte az elemz\u0151.(MTI)<\/p>\n","protected":false},"excerpt":{"rendered":"<p>A rendelkez\u00e9sre \u00e1ll\u00f3 munkaer\u0151-tartal\u00e9k jelenlegi \u00f6sszet\u00e9tele mellett a foglalkoztat\u00e1si r\u00e1ta legfeljebb szakpolitikai int\u00e9zked\u00e9sekkel, esetleg a region\u00e1lis elt\u00e9r\u00e9sek sz\u0171k\u00edt\u00e9s\u00e9vel jav\u00edthat\u00f3. A munkaer\u0151piac tel\u00edtetts\u00e9ge a b\u00e9remel\u00e9s \u00e9s a termel\u00e9kenys\u00e9get jav\u00edt\u00f3 beruh\u00e1z\u00e1sok ir\u00e1ny\u00e1ba tereli a v\u00e1llalati d\u00f6nt\u00e9shoz\u00f3kat &#8211; \u00edgy komment\u00e1lt\u00e1k az MTI-nek nyilatkoz\u00f3 elemz\u0151k a K\u00f6zponti Statisztikai Hivatal (KSH) h\u00e9tf\u0151n nyilv\u00e1noss\u00e1gra hozott foglalkoztat\u00e1si adatait.<\/p>\n","protected":false},"author":1,"featured_media":0,"comment_status":"closed","ping_status":"open","sticky":false,"template":"","format":"standard","meta":[],"categories":[19],"tags":[],"_links":{"self":[{"href":"https:\/\/gazdasagportal.hu\/index.php\/wp-json\/wp\/v2\/posts\/115565"}],"collection":[{"href":"https:\/\/gazdasagportal.hu\/index.php\/wp-json\/wp\/v2\/posts"}],"about":[{"href":"https:\/\/gazdasagportal.hu\/index.php\/wp-json\/wp\/v2\/types\/post"}],"author":[{"embeddable":true,"href":"https:\/\/gazdasagportal.hu\/index.php\/wp-json\/wp\/v2\/users\/1"}],"replies":[{"embeddable":true,"href":"https:\/\/gazdasagportal.hu\/index.php\/wp-json\/wp\/v2\/comments?post=115565"}],"version-history":[{"count":1,"href":"https:\/\/gazdasagportal.hu\/index.php\/wp-json\/wp\/v2\/posts\/115565\/revisions"}],"predecessor-version":[{"id":115566,"href":"https:\/\/gazdasagportal.hu\/index.php\/wp-json\/wp\/v2\/posts\/115565\/revisions\/115566"}],"wp:attachment":[{"href":"https:\/\/gazdasagportal.hu\/index.php\/wp-json\/wp\/v2\/media?parent=115565"}],"wp:term":[{"taxonomy":"category","embeddable":true,"href":"https:\/\/gazdasagportal.hu\/index.php\/wp-json\/wp\/v2\/categories?post=115565"},{"taxonomy":"post_tag","embeddable":true,"href":"https:\/\/gazdasagportal.hu\/index.php\/wp-json\/wp\/v2\/tags?post=115565"}],"curies":[{"name":"wp","href":"https:\/\/api.w.org\/{rel}","templated":true}]}}