{"id":115551,"date":"2019-04-28T18:12:29","date_gmt":"2019-04-28T16:12:29","guid":{"rendered":"http:\/\/gazdasagportal.hu\/?p=115551"},"modified":"2019-04-28T18:12:29","modified_gmt":"2019-04-28T16:12:29","slug":"hitelminosites-a-jovo-heten-vizsgalja-a-magyar-adososztalyzatot-a-moodys","status":"publish","type":"post","link":"https:\/\/gazdasagportal.hu\/index.php\/hitelminosites-a-jovo-heten-vizsgalja-a-magyar-adososztalyzatot-a-moodys\/","title":{"rendered":"Hitelmin\u0151s\u00edt\u00e9s &#8211; A j\u00f6v\u0151 h\u00e9ten vizsg\u00e1lja a magyar ad\u00f3soszt\u00e1lyzatot a Moody&#8217;s"},"content":{"rendered":"<p><strong>A j\u00f6v\u0151 h\u00e9ten vizsg\u00e1lja Magyarorsz\u00e1g \u00e1llamad\u00f3s-besorol\u00e1s\u00e1t a Moody&#8217;s Investors Service.<\/strong><!--more--><\/p>\n<div class=\"ads-in-post1\"><div id=\"gazdasagportal.hu_fullbanner_wideboard\"><\/div>\r\n<\/div>\n<p>    A nemzetk\u00f6zi hitelmin\u0151s\u00edt\u0151 2019-re \u00f6ssze\u00e1ll\u00edtott menetrendj\u00e9ben Magyarorsz\u00e1g el\u0151sz\u00f6r m\u00e1jus 3-\u00e1n, vagyis j\u00f6v\u0151 p\u00e9nteken ker\u00fcl sorra.<br \/>\n    A Moody&#8217;s a magyar szuver\u00e9n oszt\u00e1lyzat m\u00e1sodik idei fel\u00fclvizsg\u00e1lat\u00e1t okt\u00f3ber 25-\u00e9re t\u0171zte ki.<br \/>\n    A h\u00e1rom piacvezet\u0151 nemzetk\u00f6zi hitelmin\u0151s\u00edt\u0151 az id\u00e9n \u00f6sszesen hat &#8211; egyenk\u00e9nt k\u00e9t-k\u00e9t &#8211; id\u0151pontot jel\u00f6lt ki a magyar \u00e1llamad\u00f3s-besorol\u00e1sok vizsg\u00e1lat\u00e1ra, a kialakult gyakorlatnak megfelel\u0151en, m\u00e1s eur\u00f3pai uni\u00f3s szuver\u00e9n ad\u00f3sok oszt\u00e1lyzati fel\u00fclvizsg\u00e1lataihoz hasonl\u00f3an minden esetben p\u00e9nteki napokra.<br \/>\n    A c\u00e9gek rendszerint a fel\u00fclvizsg\u00e1lat napj\u00e1nak \u00e9jjel\u00e9n, Londonban jelentik be d\u00f6nt\u00e9s\u00fcket.<br \/>\n    A m\u00e1sik k\u00e9t nagy hitelmin\u0151s\u00edt\u0151, a Standard &#038; Poor&#8217;s \u00e9s a Fitch Ratings m\u00e1r elv\u00e9gezte a magyar ad\u00f3sbesorol\u00e1sok idei els\u0151 fel\u00fclvizsg\u00e1lat\u00e1t, \u00e9s mindkett\u0151 felmin\u0151s\u00edtette Magyarorsz\u00e1g \u00e1llamad\u00f3s-oszt\u00e1lyzatait.<br \/>\n<div class=\"ads-in-post2\"><script async src=\"https:\/\/pagead2.googlesyndication.com\/pagead\/js\/adsbygoogle.js\"><\/script>\r\n<ins class=\"adsbygoogle\"\r\n     style=\"display:block\"\r\n     data-ad-format=\"fluid\"\r\n     data-ad-layout-key=\"-6t+ed+2i-1n-4w\"\r\n     data-ad-client=\"ca-pub-1959107119989764\"\r\n     data-ad-slot=\"4008251320\"><\/ins>\r\n<script>\r\n     (adsbygoogle = window.adsbygoogle || []).push({});\r\n<\/script><\/div>\n    Febru\u00e1r 15-\u00e9n a Standard &#038; Poor&#8217;s egy fokozattal &#8222;BBB\/A-2&#8221;-re jav\u00edtotta a hossz\u00fa \u00e9s r\u00f6vid futamidej\u0171, deviz\u00e1ban \u00e9s forintban fenn\u00e1ll\u00f3 magyar \u00e1llamad\u00f3ss\u00e1g-k\u00f6telezetts\u00e9gek besorol\u00e1s\u00e1t az addigi &#8222;BBB m\u00ednusz\/A-3&#8221;-r\u00f3l. Az S&#038;P \u00faj magyar oszt\u00e1lyzat\u00e1nak kil\u00e1t\u00e1sa stabil.<br \/>\n    Egy h\u00e9ttel k\u00e9s\u0151bb, febru\u00e1r 22-\u00e9n a Fitch Ratings ugyancsak egy fokozattal &#8222;BBB&#8221;-re jav\u00edtotta a deviz\u00e1ban \u00e9s forintban fenn\u00e1ll\u00f3 hossz\u00fa futamidej\u0171 magyar \u00e1llamad\u00f3ss\u00e1g-k\u00f6telezetts\u00e9gek besorol\u00e1s\u00e1t az addigi &#8222;BBB m\u00ednusz&#8221;-r\u00f3l. A Fitch \u00faj magyar oszt\u00e1lyzat\u00e1nak kil\u00e1t\u00e1sa is stabil.<br \/>\n    A Fitch \u00e9s az S&#038;P l\u00e9p\u00e9se nyom\u00e1n a h\u00e1rom piacvezet\u0151 glob\u00e1lis hitelmin\u0151s\u00edt\u0151 k\u00f6z\u00fcl jelenleg m\u00e1r csak a Moody&#8217;s Investors Service tartja nyilv\u00e1n Magyarorsz\u00e1got a befektet\u00e9si aj\u00e1nl\u00e1s\u00fa kateg\u00f3ria alapszintj\u00e9n, &#8222;Baa3&#8221; besorol\u00e1ssal.<br \/>\n    A Moody&#8217;s e besorol\u00e1sa a Fitch \u00e9s az S&#038;P m\u00f3dszertan\u00e1ban &#8222;BBB m\u00ednusz&#8221;-nak &#8211; vagyis e k\u00e9t c\u00e9g el\u0151z\u0151 magyar szuver\u00e9n oszt\u00e1lyzat\u00e1nak &#8211; felel meg.<br \/>\n    A magyar besorol\u00e1sokra imm\u00e1r mindh\u00e1rom hitelmin\u0151s\u00edt\u0151 stabil kil\u00e1t\u00e1st tart \u00e9rv\u00e9nyben.<br \/>\n    A febru\u00e1ri felmin\u0151s\u00edt\u00e9sek el\u0151tt a Standard &#038; Poor&#8217;s \u00e9s a Fitch Ratings egyar\u00e1nt oszt\u00e1lyzatjav\u00edt\u00e1s lehet\u0151s\u00e9g\u00e9re utal\u00f3 pozit\u00edv kil\u00e1t\u00e1ssal tartotta nyilv\u00e1n a magyar szuver\u00e9n ad\u00f3sbesorol\u00e1sokat, a Moody&#8217;s oszt\u00e1lyzati kil\u00e1t\u00e1sa azonban \u00e9vek \u00f3ta stabil.<br \/>\n    A Moody&#8217;s legut\u00f3bb 2016. november 4-\u00e9n m\u00f3dos\u00edtotta az \u00e1ltala kit\u0171z\u00f6tt fel\u00fclvizsg\u00e1lati id\u0151pontban a magyar \u00e1llamad\u00f3s-oszt\u00e1lyzatot: akkor emelte vissza Magyarorsz\u00e1got a befektet\u00e9si aj\u00e1nl\u00e1s\u00fa kateg\u00f3ri\u00e1ba, az addigi &#8222;Ba1&#8221;-r\u0151l a jelenleg is \u00e9rv\u00e9nyes, stabil kil\u00e1t\u00e1s\u00fa &#8222;Baa3&#8221;-ra jav\u00edtva a szuver\u00e9n besorol\u00e1st.<br \/>\n    Magyarorsz\u00e1g az\u00f3ta \u00f6t, el\u0151re kit\u0171z\u00f6tt fel\u00fclvizsg\u00e1lati id\u0151pontban szerepelt a Moody&#8217;s menetrendj\u00e9ben, \u00e1m a hitelmin\u0151s\u00edt\u0151 egyik alkalommal sem hajtott v\u00e9gre \u00fajabb fel\u00fclvizsg\u00e1latot.<br \/>\n    A glob\u00e1lis p\u00e9nz\u00fcgyi v\u00e1ls\u00e1g ut\u00e1n \u00e9letbe l\u00e9ptetett EU-szab\u00e1lyoz\u00e1s alapj\u00e1n &#8211; hacsak azonnali min\u0151s\u00edt\u00e9si d\u00f6nt\u00e9st ig\u00e9nyl\u0151 rendk\u00edv\u00fcli fejlem\u00e9ny nem t\u00f6rt\u00e9nik &#8211; a hitelmin\u0151s\u00edt\u0151k minden napt\u00e1ri \u00e9vben az \u00e1ltaluk el\u0151re meghat\u00e1rozott \u00e9s bejelentett id\u0151pontban hajthatnak csak v\u00e9gre ad\u00f3soszt\u00e1lyzati l\u00e9p\u00e9seket eur\u00f3pai uni\u00f3s \u00e1llamad\u00f3sok eset\u00e9ben.<br \/>\n    Az id\u0151pont el\u0151zetes meghat\u00e1roz\u00e1sa azonban nem k\u00f6telezi a hitelmin\u0151s\u00edt\u0151ket arra, hogy az adott napokon t\u00e9nyleges oszt\u00e1lyzati fel\u00fclvizsg\u00e1latokat hajtsanak v\u00e9gre.(MTI)<\/p>\n","protected":false},"excerpt":{"rendered":"<p>A j\u00f6v\u0151 h\u00e9ten vizsg\u00e1lja Magyarorsz\u00e1g \u00e1llamad\u00f3s-besorol\u00e1s\u00e1t a Moody&#8217;s Investors Service.<\/p>\n","protected":false},"author":1001003,"featured_media":64424,"comment_status":"closed","ping_status":"open","sticky":false,"template":"","format":"standard","meta":[],"categories":[146,4,19],"tags":[],"_links":{"self":[{"href":"https:\/\/gazdasagportal.hu\/index.php\/wp-json\/wp\/v2\/posts\/115551"}],"collection":[{"href":"https:\/\/gazdasagportal.hu\/index.php\/wp-json\/wp\/v2\/posts"}],"about":[{"href":"https:\/\/gazdasagportal.hu\/index.php\/wp-json\/wp\/v2\/types\/post"}],"author":[{"embeddable":true,"href":"https:\/\/gazdasagportal.hu\/index.php\/wp-json\/wp\/v2\/users\/1001003"}],"replies":[{"embeddable":true,"href":"https:\/\/gazdasagportal.hu\/index.php\/wp-json\/wp\/v2\/comments?post=115551"}],"version-history":[{"count":1,"href":"https:\/\/gazdasagportal.hu\/index.php\/wp-json\/wp\/v2\/posts\/115551\/revisions"}],"predecessor-version":[{"id":115552,"href":"https:\/\/gazdasagportal.hu\/index.php\/wp-json\/wp\/v2\/posts\/115551\/revisions\/115552"}],"wp:featuredmedia":[{"embeddable":true,"href":"https:\/\/gazdasagportal.hu\/index.php\/wp-json\/wp\/v2\/media\/64424"}],"wp:attachment":[{"href":"https:\/\/gazdasagportal.hu\/index.php\/wp-json\/wp\/v2\/media?parent=115551"}],"wp:term":[{"taxonomy":"category","embeddable":true,"href":"https:\/\/gazdasagportal.hu\/index.php\/wp-json\/wp\/v2\/categories?post=115551"},{"taxonomy":"post_tag","embeddable":true,"href":"https:\/\/gazdasagportal.hu\/index.php\/wp-json\/wp\/v2\/tags?post=115551"}],"curies":[{"name":"wp","href":"https:\/\/api.w.org\/{rel}","templated":true}]}}