{"id":115549,"date":"2019-04-28T13:36:35","date_gmt":"2019-04-28T11:36:35","guid":{"rendered":"http:\/\/gazdasagportal.hu\/?p=115549"},"modified":"2019-04-28T11:37:16","modified_gmt":"2019-04-28T09:37:16","slug":"heti-makronaptar-kereseti-munkaeropiaci-adatok-jonnek-a-jovo-heten","status":"publish","type":"post","link":"https:\/\/gazdasagportal.hu\/index.php\/heti-makronaptar-kereseti-munkaeropiaci-adatok-jonnek-a-jovo-heten\/","title":{"rendered":"Heti makronapt\u00e1r &#8211; Kereseti, munkaer\u0151piaci adatok j\u00f6nnek a j\u00f6v\u0151 h\u00e9ten"},"content":{"rendered":"<p><strong>T\u00f6bb makrogazdas\u00e1gi adat is megjelenik a j\u00f6v\u0151 h\u00e9ten: a janu\u00e1r-febru\u00e1ri kereseti adatok, az els\u0151 negyed\u00e9ves foglalkoztatotts\u00e1gi \u00e9s munkan\u00e9lk\u00fclis\u00e9gi adatok mellett k\u00f6zlik a febru\u00e1ri k\u00fclkereskedelmi forgalomr\u00f3l sz\u00f3l\u00f3 r\u00e9szletes t\u00e1j\u00e9koztat\u00f3t is.<\/strong><!--more--><\/p>\n<div class=\"ads-in-post1\"><div id=\"gazdasagportal.hu_fullbanner_wideboard\"><\/div>\r\n<\/div>\n<p>    H\u00e9tf\u0151n k\u00f6zli a K\u00f6zponti Statisztikai Hivatal (KSH) a foglalkoztatotts\u00e1g \u00e9s munkan\u00e9lk\u00fclis\u00e9g janu\u00e1r-m\u00e1rciusi alakul\u00e1s\u00e1t. Az el\u0151z\u0151, 2018. december-2019. febru\u00e1r k\u00f6z\u00f6tti h\u00e1rom h\u00f3napos id\u0151szakban a foglalkoztatottak \u00e1tlagos l\u00e9tsz\u00e1ma 4 milli\u00f3 497 ezer volt, 56 ezerrel t\u00f6bb, mint egy \u00e9vvel kor\u00e1bban. A 20-64 \u00e9ves korcsoportban, a foglalkoztat\u00e1si r\u00e1ta 1,1 sz\u00e1zal\u00e9kponttal, 75,0 sz\u00e1zal\u00e9kra emelkedett, ezzel el\u00e9rte az Eur\u00f3pai Uni\u00f3 2020-ra kit\u0171z\u00f6tt c\u00e9l\u00e9rt\u00e9k\u00e9t, ami egyben Magyarorsz\u00e1g nemzeti c\u00e9l\u00e9rt\u00e9ke is. A vizsg\u00e1lt id\u0151szakban a munkan\u00e9lk\u00fcliek \u00e1tlagos l\u00e9tsz\u00e1ma 168 ezer, a munkan\u00e9lk\u00fclis\u00e9gi r\u00e1ta 3,6 sz\u00e1zal\u00e9kos volt, 0,1 sz\u00e1zal\u00e9kponttal alacsonyabb az el\u0151z\u0151 h\u00e1rom havi \u00e1tlagn\u00e1l.<br \/>\n    Kedden az ipari termel\u0151i \u00e1rak m\u00e1rciusi, \u00e9s a keresetek janu\u00e1r-febru\u00e1ri statisztik\u00e1j\u00e1t publik\u00e1lja a KSH. Az ipari termel\u0151i \u00e1rak febru\u00e1rban 2,7 sz\u00e1zal\u00e9kkal haladt\u00e1k meg az el\u0151z\u0151 \u00e9v azonos id\u0151szakit.<br \/>\n    Janu\u00e1rban folytat\u00f3dott a k\u00e9tsz\u00e1mjegy\u0171 b\u00e9remelked\u00e9s: a keresetek 10,6 sz\u00e1zal\u00e9kkal n\u0151ttek az egy \u00e9vvel kor\u00e1bbiakhoz k\u00e9pest, a brutt\u00f3 \u00e1tlagkereset 343 500, a nett\u00f3 228 400 forint volt. A 2,7 sz\u00e1zal\u00e9kos infl\u00e1ci\u00f3val sz\u00e1molva a re\u00e1lkeresetek 7,7 sz\u00e1zal\u00e9kkal voltak magasabbak a tavaly janu\u00e1rin\u00e1l.<br \/>\n<div class=\"ads-in-post2\"><script async src=\"https:\/\/pagead2.googlesyndication.com\/pagead\/js\/adsbygoogle.js\"><\/script>\r\n<ins class=\"adsbygoogle\"\r\n     style=\"display:block\"\r\n     data-ad-format=\"fluid\"\r\n     data-ad-layout-key=\"-6t+ed+2i-1n-4w\"\r\n     data-ad-client=\"ca-pub-1959107119989764\"\r\n     data-ad-slot=\"4008251320\"><\/ins>\r\n<script>\r\n     (adsbygoogle = window.adsbygoogle || []).push({});\r\n<\/script><\/div>\n    Cs\u00fct\u00f6rt\u00f6k\u00f6n a k\u00fclkereskedelmi forgalom febru\u00e1ri alakul\u00e1s\u00e1nak m\u00e1sodik becsl\u00e9se jelenik meg. Az els\u0151 becsl\u00e9s szerint febru\u00e1rban az export eur\u00f3ban sz\u00e1m\u00edtott \u00e9rt\u00e9ke 6,9, az import\u00e9 7,0 sz\u00e1zal\u00e9kkal n\u0151tt az egy \u00e9vvel kor\u00e1bbihoz k\u00e9pest. A k\u00fclkereskedelmi term\u00e9kforgalom t\u00f6bblete 49 milli\u00f3 eur\u00f3val meghaladta a tavaly febru\u00e1rit, 891 milli\u00f3 eur\u00f3ra n\u0151tt. Az akt\u00edvum tavaly j\u00faniusban volt utolj\u00e1ra magasabb az id\u00e9n febru\u00e1rin\u00e1l, a tavaly febru\u00e1ri pedig a m\u00falt \u00e9vben a m\u00e1sodik legmagasabb volt a j\u00faniusi m\u00f6g\u00f6tt. Az \u00e9v els\u0151 k\u00e9t h\u00f3napj\u00e1ban 6,7 sz\u00e1zal\u00e9kkal n\u0151tt az eur\u00f3ban sz\u00e1molt export \u00e9s 8,4 sz\u00e1zal\u00e9kkal az import. A k\u00e9thavi exportt\u00f6bblet 1,283 milli\u00e1rd eur\u00f3 volt, 166 milli\u00f3 eur\u00f3val kevesebb, mint a m\u00falt \u00e9v azonos id\u0151szak\u00e1ban.(MTI)<\/p>\n","protected":false},"excerpt":{"rendered":"<p>T\u00f6bb makrogazdas\u00e1gi adat is megjelenik a j\u00f6v\u0151 h\u00e9ten: a janu\u00e1r-febru\u00e1ri kereseti adatok, az els\u0151 negyed\u00e9ves foglalkoztatotts\u00e1gi \u00e9s munkan\u00e9lk\u00fclis\u00e9gi adatok mellett k\u00f6zlik a febru\u00e1ri k\u00fclkereskedelmi forgalomr\u00f3l sz\u00f3l\u00f3 r\u00e9szletes t\u00e1j\u00e9koztat\u00f3t is.<\/p>\n","protected":false},"author":1001003,"featured_media":0,"comment_status":"closed","ping_status":"open","sticky":false,"template":"","format":"standard","meta":[],"categories":[19],"tags":[],"_links":{"self":[{"href":"https:\/\/gazdasagportal.hu\/index.php\/wp-json\/wp\/v2\/posts\/115549"}],"collection":[{"href":"https:\/\/gazdasagportal.hu\/index.php\/wp-json\/wp\/v2\/posts"}],"about":[{"href":"https:\/\/gazdasagportal.hu\/index.php\/wp-json\/wp\/v2\/types\/post"}],"author":[{"embeddable":true,"href":"https:\/\/gazdasagportal.hu\/index.php\/wp-json\/wp\/v2\/users\/1001003"}],"replies":[{"embeddable":true,"href":"https:\/\/gazdasagportal.hu\/index.php\/wp-json\/wp\/v2\/comments?post=115549"}],"version-history":[{"count":1,"href":"https:\/\/gazdasagportal.hu\/index.php\/wp-json\/wp\/v2\/posts\/115549\/revisions"}],"predecessor-version":[{"id":115550,"href":"https:\/\/gazdasagportal.hu\/index.php\/wp-json\/wp\/v2\/posts\/115549\/revisions\/115550"}],"wp:attachment":[{"href":"https:\/\/gazdasagportal.hu\/index.php\/wp-json\/wp\/v2\/media?parent=115549"}],"wp:term":[{"taxonomy":"category","embeddable":true,"href":"https:\/\/gazdasagportal.hu\/index.php\/wp-json\/wp\/v2\/categories?post=115549"},{"taxonomy":"post_tag","embeddable":true,"href":"https:\/\/gazdasagportal.hu\/index.php\/wp-json\/wp\/v2\/tags?post=115549"}],"curies":[{"name":"wp","href":"https:\/\/api.w.org\/{rel}","templated":true}]}}