{"id":115547,"date":"2019-04-28T11:35:38","date_gmt":"2019-04-28T09:35:38","guid":{"rendered":"http:\/\/gazdasagportal.hu\/?p=115547"},"modified":"2019-04-28T11:35:38","modified_gmt":"2019-04-28T09:35:38","slug":"kerekparos-felvonulas-miatt-forgalomkorlatozasok-a-fovarosban","status":"publish","type":"post","link":"https:\/\/gazdasagportal.hu\/index.php\/kerekparos-felvonulas-miatt-forgalomkorlatozasok-a-fovarosban\/","title":{"rendered":"Ker\u00e9kp\u00e1ros felvonul\u00e1s miatt forgalomkorl\u00e1toz\u00e1sok a f\u0151v\u00e1rosban"},"content":{"rendered":"<p><strong>Ker\u00e9kp\u00e1ros felvonul\u00e1s miatt ideiglenes forgalomkorl\u00e1toz\u00e1s lesz ma Budapest I., II., III., V., VI., IX., XI., XIII. \u00e9s XIV. ker\u00fclet\u00e9ben. Az I bike Budapest rendezv\u00e9ny miatt az id\u0151szakos lez\u00e1r\u00e1sok \u00e9rintik a t\u00f6bbi k\u00f6zt az \u00c1rp\u00e1d hidat, a Margit hidat, a Pet\u0151fi hidat, a H\u0151s\u00f6k ter\u00e9t, valamint a pesti \u00e9s a budai als\u00f3 rakpartot.<\/strong><!--more--><\/p>\n<div class=\"ads-in-post1\"><div id=\"gazdasagportal.hu_fullbanner_wideboard\"><\/div>\r\n<\/div>\n<p>    A rend\u0151rs\u00e9g k\u00f6zl\u00e9se szerint  tilos lesz meg\u00e1llni 21 \u00f3r\u00e1ig a VI. \u00e9s XIV. ker\u00fcletben a Konrad Adenauer \u00faton, a K\u00f3s K\u00e1roly s\u00e9t\u00e1ny \u00e9s a Zichy Mih\u00e1ly \u00fat k\u00f6z\u00f6tt, valamint az Andr\u00e1ssy \u00fat szerviz\u00fatj\u00e1n, az Oktogon \u00e9s az E\u00f6tv\u00f6s utca k\u00f6z\u00f6tt.<br \/>\n    Szakaszosan \u00e9s id\u0151szakosan lez\u00e1rj\u00e1k 15 \u00f3r\u00e1t\u00f3l a Margitsziget k\u00f6zponti \u00fat &#8211; \u00c1rp\u00e1d h\u00edd &#8211; Tavasz utca &#8211; \u00c1rp\u00e1d fejedelem \u00fatja &#8211; \u00dcst\u00f6k\u00f6s utcai lehajt\u00f3 &#8211; Margit h\u00edd \u00e9szaki oldala &#8211; J\u00e1szai Mari t\u00e9r &#8211; pesti als\u00f3 rakpart &#8211; K\u00f6zrakt\u00e1r utca &#8211; Pet\u0151fi h\u00edd \u00e9szaki oldala &#8211; Goldmann Gy\u00f6rgy t\u00e9ri lehajt\u00f3 \u00e9s Bertalan Lajos utcai lehajt\u00f3 &#8211; budai als\u00f3 rakpart &#8211; D\u00f6brentei t\u00e9r &#8211; Attila \u00fat &#8211; Alag\u00fat &#8211; Clark \u00c1d\u00e1m t\u00e9r &#8211; L\u00e1nch\u00edd &#8211; Sz\u00e9chenyi t\u00e9r &#8211; J\u00f3zsef Attila utca &#8211; De\u00e1k t\u00e9r &#8211; Andr\u00e1ssy \u00fat &#8211; H\u0151s\u00f6k tere &#8211; K\u00f3s K\u00e1roly s\u00e9t\u00e1ny &#8211; Konrad Adenauer \u00fat &#8211; Olof Palme s\u00e9t\u00e1ny &#8211; Zichy Mih\u00e1ly \u00fatvonalat.<br \/>\n<div class=\"ads-in-post2\"><script async src=\"https:\/\/pagead2.googlesyndication.com\/pagead\/js\/adsbygoogle.js\"><\/script>\r\n<ins class=\"adsbygoogle\"\r\n     style=\"display:block\"\r\n     data-ad-format=\"fluid\"\r\n     data-ad-layout-key=\"-6t+ed+2i-1n-4w\"\r\n     data-ad-client=\"ca-pub-1959107119989764\"\r\n     data-ad-slot=\"4008251320\"><\/ins>\r\n<script>\r\n     (adsbygoogle = window.adsbygoogle || []).push({});\r\n<\/script><\/div>\n    A Budapesti K\u00f6zleked\u00e9si K\u00f6zpont (BKK) k\u00f6zlem\u00e9nye szerint a szakaszos lez\u00e1r\u00e1s miatt a 4-es \u00e9s a 6-os villamos 15 \u00e9s 17 \u00f3ra k\u00f6z\u00f6tt nem \u00e1ll meg a Margitsziget\/Margit h\u00edd meg\u00e1ll\u00f3helyen, az 5-\u00f6s, a 9-es, a 15-\u00f6s \u00e9s a 115-\u00f6s, a 29-es, a 118-as, a 134-es, a 137-es, a 218-as \u00e9s a 237-es, valamint a 178-as busz, tov\u00e1bb\u00e1 a 70-es \u00e9s a CITY troli terelt \u00fatvonalon, a 109-es busz r\u00f6vid\u00edtett \u00fatvonalon j\u00e1r, a 16-os \u00e9s a 26-os busz pedig d\u00e9lut\u00e1n, 3 \u00f3r\u00e1t\u00f3l, illetve 1 \u00f3r\u00e1t\u00f3l 6 \u00f3r\u00e1ig nem k\u00f6zlekedik.(MTI)<\/p>\n","protected":false},"excerpt":{"rendered":"<p>Ker\u00e9kp\u00e1ros felvonul\u00e1s miatt ideiglenes forgalomkorl\u00e1toz\u00e1s lesz ma Budapest I., II., III., V., VI., IX., XI., XIII. \u00e9s XIV. ker\u00fclet\u00e9ben. Az I bike Budapest rendezv\u00e9ny miatt az id\u0151szakos lez\u00e1r\u00e1sok \u00e9rintik a t\u00f6bbi k\u00f6zt az \u00c1rp\u00e1d hidat, a Margit hidat, a Pet\u0151fi hidat, a H\u0151s\u00f6k ter\u00e9t, valamint a pesti \u00e9s a budai als\u00f3 rakpartot.<\/p>\n","protected":false},"author":1001003,"featured_media":0,"comment_status":"closed","ping_status":"open","sticky":false,"template":"","format":"standard","meta":[],"categories":[4],"tags":[],"_links":{"self":[{"href":"https:\/\/gazdasagportal.hu\/index.php\/wp-json\/wp\/v2\/posts\/115547"}],"collection":[{"href":"https:\/\/gazdasagportal.hu\/index.php\/wp-json\/wp\/v2\/posts"}],"about":[{"href":"https:\/\/gazdasagportal.hu\/index.php\/wp-json\/wp\/v2\/types\/post"}],"author":[{"embeddable":true,"href":"https:\/\/gazdasagportal.hu\/index.php\/wp-json\/wp\/v2\/users\/1001003"}],"replies":[{"embeddable":true,"href":"https:\/\/gazdasagportal.hu\/index.php\/wp-json\/wp\/v2\/comments?post=115547"}],"version-history":[{"count":1,"href":"https:\/\/gazdasagportal.hu\/index.php\/wp-json\/wp\/v2\/posts\/115547\/revisions"}],"predecessor-version":[{"id":115548,"href":"https:\/\/gazdasagportal.hu\/index.php\/wp-json\/wp\/v2\/posts\/115547\/revisions\/115548"}],"wp:attachment":[{"href":"https:\/\/gazdasagportal.hu\/index.php\/wp-json\/wp\/v2\/media?parent=115547"}],"wp:term":[{"taxonomy":"category","embeddable":true,"href":"https:\/\/gazdasagportal.hu\/index.php\/wp-json\/wp\/v2\/categories?post=115547"},{"taxonomy":"post_tag","embeddable":true,"href":"https:\/\/gazdasagportal.hu\/index.php\/wp-json\/wp\/v2\/tags?post=115547"}],"curies":[{"name":"wp","href":"https:\/\/api.w.org\/{rel}","templated":true}]}}