{"id":115541,"date":"2019-04-27T21:13:56","date_gmt":"2019-04-27T19:13:56","guid":{"rendered":"http:\/\/gazdasagportal.hu\/?p=115541"},"modified":"2019-04-27T21:13:56","modified_gmt":"2019-04-27T19:13:56","slug":"merenyletek-sri-lankan-az-elnok-betiltotta-a-merenyletekkel-kapcsolatba-hozott-ket-iszlamista-csoportot","status":"publish","type":"post","link":"https:\/\/gazdasagportal.hu\/index.php\/merenyletek-sri-lankan-az-elnok-betiltotta-a-merenyletekkel-kapcsolatba-hozott-ket-iszlamista-csoportot\/","title":{"rendered":"Mer\u00e9nyletek Sr\u00ed Lank\u00e1n &#8211; Az eln\u00f6k betiltotta a mer\u00e9nyletekkel kapcsolatba hozott k\u00e9t iszlamista csoportot"},"content":{"rendered":"<p><strong>A Sr\u00ed Lanka-i eln\u00f6k betiltotta szombaton azt a k\u00e9t iszlamista csoportot, amelynek tagjai elk\u00f6vethett\u00e9k a t\u00f6bb mint 250 ember\u00e9letet k\u00f6vetel\u0151 robbant\u00e1sos mer\u00e9nyleteket h\u00fasv\u00e9tvas\u00e1rnap.<\/strong><!--more--><\/p>\n<div class=\"ads-in-post1\"><div id=\"gazdasagportal.hu_fullbanner_wideboard\"><\/div>\r\n<\/div>\n<p>    Maitripala Sziriszena k\u00f6zlem\u00e9nyben jelentette be, hogy a sz\u00fcks\u00e9g\u00e1llapotb\u00f3l ered\u0151 hat\u00e1sk\u00f6r\u00e9n\u00e9l fogva betiltja a Nemzeti Tauh\u00edd Dzsamaat (NTJ) \u00e9s a Dzs\u00e1miatu Mill\u00e1tu Ibr\u00e1him nev\u0171 szervezeteket.<br \/>\n    A rend\u0151rs\u00e9g felt\u00e9telez\u00e9se szerint vagy az NTJ-t vagy egy frakci\u00f3j\u00e1t az \u00f6ngyilkos mer\u00e9nyl\u0151k egyike, Mohamed Zahr\u00e1n Has\u00edm vezette, aki a gyan\u00fa szerint a mer\u00e9nyletek \u00e9rtelmi szerz\u0151je volt.<br \/>\n    M\u00edg az NTJ neve m\u00e1r a robbant\u00e1sokat k\u00f6vet\u0151en nem sokkal felmer\u00fclt, addig a Dzs\u00e1miatu Mill\u00e1tu Ibr\u00e1himr\u00f3l egyel\u0151re nem sokat tudni. A hat\u00f3s\u00e1gok felt\u00e9telez\u00e9se szerint azonban nekik is k\u00f6z\u00fck lehetett a robbant\u00e1sokhoz.<br \/>\n    A t\u00e1mad\u00e1sok elk\u00f6vet\u00e9s\u00e9t az Iszl\u00e1m \u00c1llam v\u00e1llalta. A dzsihadista szervezet kedden videofelv\u00e9telt tett k\u00f6zz\u00e9, amelyen Zahr\u00e1n &#8211; arcukat elfed\u0151 emberek t\u00e1rsas\u00e1gban &#8211; h\u0171s\u00e9get esk\u00fcszik az Iszl\u00e1m \u00c1llam vezet\u0151j\u00e9nek, Abu Bakr al-Bagdadinak.<br \/>\n    A 253 ember\u00e9letet kiolt\u00f3 \u00e9s t\u00f6bb mint 500 embert megsebes\u00edt\u0151 mer\u00e9nyletek \u00f3ta a rend\u0151rs\u00e9g orsz\u00e1gszerte razzi\u00e1kat tart, hogy t\u00f6bb r\u00e9szletet tudjon meg az elk\u00f6vet\u0151kr\u0151l \u00e9s t\u00e1mogat\u00f3ikr\u00f3l. A Sr\u00ed Lanka-i rend\u0151rs\u00e9g 140 ember ut\u00e1n nyomoz, akik a gyan\u00fa szerint kapcsolatban \u00e1llnak az Iszl\u00e1m \u00c1llammal.<br \/>\n    A hadsereg szombaton k\u00f6z\u00f6lte, hogy tizenhat ember &#8211; k\u00f6zt\u00fck hat terrorista \u00e9s hat gyermek &#8211; holttest\u00e9re bukkantak Sr\u00ed Lanka keleti r\u00e9sz\u00e9n egy lak\u00f3h\u00e1zban, abban a k\u00f6rzetben, ahol kor\u00e1bban l\u00f6v\u00f6ld\u00f6z\u00e9s t\u00f6rt ki a biztons\u00e1gi er\u0151k \u00e9s fiatal muszlimok k\u00f6z\u00f6tt.<br \/>\n<div class=\"ads-in-post2\"><script async src=\"https:\/\/pagead2.googlesyndication.com\/pagead\/js\/adsbygoogle.js\"><\/script>\r\n<ins class=\"adsbygoogle\"\r\n     style=\"display:block\"\r\n     data-ad-format=\"fluid\"\r\n     data-ad-layout-key=\"-6t+ed+2i-1n-4w\"\r\n     data-ad-client=\"ca-pub-1959107119989764\"\r\n     data-ad-slot=\"4008251320\"><\/ins>\r\n<script>\r\n     (adsbygoogle = window.adsbygoogle || []).push({});\r\n<\/script><\/div>\n    A fegyveres er\u0151k t\u00e1j\u00e9koztat\u00e1sa szerint a p\u00e9nteki l\u00f6v\u00f6ld\u00f6z\u00e9s a Batticalo\u00e1t\u00f3l &#8211; az \u00f6ngyilkos mer\u00e9nyletek egyik helysz\u00edn\u00e9t\u0151l &#8211; nem messze fekv\u0151 Kalmunai v\u00e1rosban t\u00f6rt ki az ut\u00e1n, hogy a rend\u0151r\u00f6k f\u00fclest kaptak arr\u00f3l, hogy az egyik h\u00e1zban a mer\u00e9nyletekhez k\u00f6thet\u0151 emberek bujk\u00e1lnak, \u00e9s kimentek a helysz\u00ednre. A razzia l\u00f6v\u00f6ld\u00f6z\u00e9sbe \u00e9s robban\u00e1sok sorozat\u00e1ba torkollott. A hat\u00f3s\u00e1gok szerint a hal\u00e1los \u00e1ldozatok legt\u00f6bbje akkor halt meg, amikor a hat terrorista felrobbantotta mag\u00e1t, meg\u00f6lve saj\u00e1t csal\u00e1dtagjait is.<br \/>\n    Zahr\u00e1n testv\u00e9re elmondta, hogy a razzia sor\u00e1n megsebes\u00fclt a f\u00e9rfi feles\u00e9ge \u00e9s gyereke is.<br \/>\n    A rend\u0151rs\u00e9g t\u00e1j\u00e9koztat\u00e1sa szerint 20 ember vettek \u0151rizetbe az elm\u00falt 24 \u00f3r\u00e1ban, k\u00f6zt\u00fck Zahr\u00e1n egy sof\u0151rj\u00e9t \u00e9s sz\u00f3viv\u0151j\u00e9t is, \u00edgy m\u00e1r t\u00f6bb mint sz\u00e1zra n\u0151tt az \u0151rizetbe vett emberek sz\u00e1ma m\u00falt vas\u00e1rnap \u00f3ta a mer\u00e9nyletekkel \u00f6sszef\u00fcgg\u00e9sben.<br \/>\n    H\u00fasv\u00e9tvas\u00e1rnap h\u00e1rom templom \u00e9s n\u00e9gy sz\u00e1lloda ellen k\u00f6vettek el \u00f6ngyilkos mer\u00e9nyleteket Colomb\u00f3ban \u00e9s a f\u0151v\u00e1rost\u00f3l nem messze tal\u00e1lhat\u00f3 Negomb\u00f3ban, valamint Batticalo\u00e1ban. Az \u00e1ldozatok t\u00f6bbs\u00e9ge Sr\u00ed Lanka-i volt, de a hat\u00f3s\u00e1gok szerint legal\u00e1bb 40 k\u00fclf\u00f6ldi volt k\u00f6z\u00f6tt\u00fck, brit, amerikai, ausztr\u00e1l, t\u00f6r\u00f6k, indiai, k\u00ednai, d\u00e1n, holland \u00e9s portug\u00e1l \u00e1llampolg\u00e1rok. T\u00f6bb mint \u00f6tsz\u00e1zan megsebes\u00fcltek.(MTI)<\/p>\n","protected":false},"excerpt":{"rendered":"<p>A Sr\u00ed Lanka-i eln\u00f6k betiltotta szombaton azt a k\u00e9t iszlamista csoportot, amelynek tagjai elk\u00f6vethett\u00e9k a t\u00f6bb mint 250 ember\u00e9letet k\u00f6vetel\u0151 robbant\u00e1sos mer\u00e9nyleteket h\u00fasv\u00e9tvas\u00e1rnap.<\/p>\n","protected":false},"author":1001003,"featured_media":0,"comment_status":"closed","ping_status":"open","sticky":false,"template":"","format":"standard","meta":[],"categories":[14],"tags":[],"_links":{"self":[{"href":"https:\/\/gazdasagportal.hu\/index.php\/wp-json\/wp\/v2\/posts\/115541"}],"collection":[{"href":"https:\/\/gazdasagportal.hu\/index.php\/wp-json\/wp\/v2\/posts"}],"about":[{"href":"https:\/\/gazdasagportal.hu\/index.php\/wp-json\/wp\/v2\/types\/post"}],"author":[{"embeddable":true,"href":"https:\/\/gazdasagportal.hu\/index.php\/wp-json\/wp\/v2\/users\/1001003"}],"replies":[{"embeddable":true,"href":"https:\/\/gazdasagportal.hu\/index.php\/wp-json\/wp\/v2\/comments?post=115541"}],"version-history":[{"count":1,"href":"https:\/\/gazdasagportal.hu\/index.php\/wp-json\/wp\/v2\/posts\/115541\/revisions"}],"predecessor-version":[{"id":115542,"href":"https:\/\/gazdasagportal.hu\/index.php\/wp-json\/wp\/v2\/posts\/115541\/revisions\/115542"}],"wp:attachment":[{"href":"https:\/\/gazdasagportal.hu\/index.php\/wp-json\/wp\/v2\/media?parent=115541"}],"wp:term":[{"taxonomy":"category","embeddable":true,"href":"https:\/\/gazdasagportal.hu\/index.php\/wp-json\/wp\/v2\/categories?post=115541"},{"taxonomy":"post_tag","embeddable":true,"href":"https:\/\/gazdasagportal.hu\/index.php\/wp-json\/wp\/v2\/tags?post=115541"}],"curies":[{"name":"wp","href":"https:\/\/api.w.org\/{rel}","templated":true}]}}