{"id":115535,"date":"2019-04-27T10:59:24","date_gmt":"2019-04-27T08:59:24","guid":{"rendered":"http:\/\/gazdasagportal.hu\/?p=115535"},"modified":"2019-04-27T10:59:24","modified_gmt":"2019-04-27T08:59:24","slug":"brexit-hitelminositok-marad-a-negativ-kilatas-a-brit-adososztalyzatokon","status":"publish","type":"post","link":"https:\/\/gazdasagportal.hu\/index.php\/brexit-hitelminositok-marad-a-negativ-kilatas-a-brit-adososztalyzatokon\/","title":{"rendered":"Brexit &#8211; Hitelmin\u0151s\u00edt\u0151k: marad a negat\u00edv kil\u00e1t\u00e1s a brit ad\u00f3soszt\u00e1lyzatokon"},"content":{"rendered":"<p><strong>V\u00e1ltozatlanul negat\u00edv kil\u00e1t\u00e1ssal, illetve negat\u00edv figyel\u0151list\u00e1n tartja nyilv\u00e1n k\u00e9t nagy nemzetk\u00f6zi hitelmin\u0151s\u00edt\u0151 a brit \u00e1llamad\u00f3ss\u00e1g-oszt\u00e1lyzatokat, els\u0151sorban a brit EU-tags\u00e1g megsz\u0171n\u00e9s\u00e9nek (Brexit) folyamat\u00e1t \u00f6vez\u0151 bizonytalans\u00e1g \u00e9s az ebb\u0151l ered\u0151 gazdas\u00e1gi kock\u00e1zatok miatt.<\/strong><!--more--><\/p>\n<div class=\"ads-in-post1\"><div id=\"gazdasagportal.hu_fullbanner_wideboard\"><\/div>\r\n<\/div>\n<p>    A Fitch Ratings \u00e9s a Standard &#038; Poor&#8217;s egyar\u00e1nt p\u00e9ntek \u00e9jjel ismertette Londonban a brit szuver\u00e9n besorol\u00e1sok id\u0151szaki fel\u00fclvizsg\u00e1lat\u00e1nak eredm\u00e9ny\u00e9t.<br \/>\n    A Fitch Ratings k\u00f6z\u00f6lte: a fel\u00fclvizsg\u00e1lat ut\u00e1n is negat\u00edv el\u0151jel\u0171 min\u0151s\u00edt\u00e9si megfigyel\u00e9s alatt tartja a hossz\u00fa t\u00e1v\u00fa brit \u00e1llamad\u00f3ss\u00e1g-k\u00f6telezetts\u00e9gek &#8222;AA&#8221; szint\u0171 besorol\u00e1s\u00e1t.<br \/>\n    Indokl\u00e1s\u00e1ban a c\u00e9g kiemelte azt a v\u00e9lem\u00e9ny\u00e9t, hogy j\u00f3llehet a brit parlamentben a k\u00e9pvisel\u0151k t\u00f6bbs\u00e9ge a meg\u00e1llapod\u00e1s n\u00e9lk\u00fcli Brexit elker\u00fcl\u00e9s\u00e9t szeretn\u00e9, a brit politika tov\u00e1bbra is ingatag, \u00e9s ez ak\u00e1r akaratlanul is elvezethet a s\u00falyos gazdas\u00e1gi felfordul\u00e1s kock\u00e1zat\u00e1val j\u00e1r\u00f3 rendezetlen kil\u00e9p\u00e9shez.<br \/>\n    A Fitch el\u0151rejelz\u00e9se szerint a brit hazai \u00f6sszterm\u00e9k (GDP) az id\u00e9n 1,2 sz\u00e1zal\u00e9kkal, j\u00f6v\u0151re 1,7 sz\u00e1zal\u00e9kkal n\u00f6vekedhet, de a hitelmin\u0151s\u00edt\u0151 hangs\u00falyozza: ezek a progn\u00f3zisok is arra a felt\u00e9telez\u00e9sre alapulnak, hogy az EU-tags\u00e1g megsz\u0171n\u00e9se nyom\u00e1n rendezett lesz az \u00e1tt\u00e9r\u00e9s az EU-val kialak\u00edtand\u00f3 \u00faj gazdas\u00e1gi \u00e9s kereskedelmi viszonyrendszerre.<br \/>\n    A c\u00e9g sz\u00e1m\u00edt\u00e1sai szerint a meg\u00e1llapod\u00e1s n\u00e9lk\u00fcli Brexit hozz\u00e1vet\u0151leg 3 sz\u00e1zal\u00e9kos GDP-vesztes\u00e9ghez vezetne k\u00e9t\u00e9vi id\u0151t\u00e1vlatban a szab\u00e1lyozott kil\u00e9p\u00e9sre kidolgozott alapeseti el\u0151rejelz\u00e9shez k\u00e9pest.<br \/>\n    M\u00e1s nagy h\u00e1zak a rendezetlen Brexit hossz\u00fa t\u00e1v\u00fa n\u00f6veked\u00e9si kock\u00e1zat\u00e1ra is felh\u00edvt\u00e1k m\u00e1r a figyelmet.<br \/>\n<div class=\"ads-in-post2\"><script async src=\"https:\/\/pagead2.googlesyndication.com\/pagead\/js\/adsbygoogle.js\"><\/script>\r\n<ins class=\"adsbygoogle\"\r\n     style=\"display:block\"\r\n     data-ad-format=\"fluid\"\r\n     data-ad-layout-key=\"-6t+ed+2i-1n-4w\"\r\n     data-ad-client=\"ca-pub-1959107119989764\"\r\n     data-ad-slot=\"4008251320\"><\/ins>\r\n<script>\r\n     (adsbygoogle = window.adsbygoogle || []).push({});\r\n<\/script><\/div>\n    A National Institute of Economic and Social Research (NIESR) nev\u0171 tekint\u00e9lyes londoni gazdas\u00e1gi-t\u00e1rsadalmi kutat\u00f3k\u00f6zpont legut\u00f3bbi tanulm\u00e1nya szerint ha az als\u00f3h\u00e1z \u00e1ltal eddig h\u00e1romszor elutas\u00edtott Brexit-meg\u00e1llapod\u00e1s nem l\u00e9p \u00e9letbe, \u00e9s az EU-val folytatott brit kereskedelem emiatt a Kereskedelmi Vil\u00e1gszervezet (WTO) \u00e1ltal\u00e1nos szab\u00e1lyrendszer\u00e9re t\u00e9rne \u00e1t &#8211; ami v\u00e1mok \u00e9s v\u00e1mvizsg\u00e1latok megjelen\u00e9s\u00e9t jelenten\u00e9 -, a brit hazai \u00f6sszterm\u00e9k \u00e9rt\u00e9ke 2030-ra 4,93 sz\u00e1zal\u00e9kkal lenne alacsonyabb ann\u00e1l a szintn\u00e9l, amelyet az akad\u00e1lytalan kereskedelem folytat\u00f3d\u00e1sa eset\u00e9n arra az \u00e9vre a brit gazdas\u00e1g el\u00e9rhetne.<br \/>\n    A Bank of England sz\u00e1mos forgat\u00f3k\u00f6nyvet vizsg\u00e1l\u00f3, nemr\u00e9giben ismertetett 87 oldalas tanulm\u00e1nya szerint a teljesen szab\u00e1lyozatlan kil\u00e9p\u00e9sre kidolgozott legrosszabb stresszhelyzeti szimul\u00e1ci\u00f3s modellek arra vallanak, hogy a brit GDP-\u00e9rt\u00e9k e forgat\u00f3k\u00f6nyv-v\u00e1ltozat eset\u00e9n 8 sz\u00e1zal\u00e9kkal zuhanna. A brit jegybank szak\u00e9rt\u0151i szerint ez \u00f6sszeoml\u00e1sszer\u0171 recesszi\u00f3nak felelne meg.<br \/>\n    P\u00e9nteken a Standard &#038; Poor&#8217;s is vizsg\u00e1lta az \u00e1ltala szint\u00e9n &#8222;AA&#8221; szinten nyilv\u00e1ntartott brit \u00e1llamad\u00f3ss\u00e1g-besorol\u00e1st, \u00e9s k\u00f6z\u00f6lte, hogy \u00e9rv\u00e9nyben tartja az oszt\u00e1lyzat negat\u00edv kil\u00e1t\u00e1s\u00e1t.<br \/>\n    Ehhez f\u0171z\u00f6tt, p\u00e9ntek \u00e9jjel Londonban ismertetett indokl\u00e1s\u00e1ban az S&#038;P kiemelte: az oszt\u00e1lyzatot terhel\u0151 negat\u00edv kil\u00e1t\u00e1s annak a kock\u00e1zat\u00e1t t\u00fckr\u00f6zi, hogy a brit \u00e1ru- \u00e9s szolg\u00e1ltat\u00e1sexport elvesz\u00edtheti f\u0151 eur\u00f3pai piacait, a k\u00fcls\u0151 finansz\u00edroz\u00e1s sz\u0171k\u00fclhet, vagy a font glob\u00e1lis tartal\u00e9kvaluta-st\u00e1tusa nyom\u00e1s al\u00e1 ker\u00fclhet.<br \/>\n    A c\u00e9g k\u00f6z\u00f6lte: lemin\u0151s\u00edtheti Nagy-Britanni\u00e1t abban az esetben, ha a rendezetlen k\u00f6r\u00fclm\u00e9nyek k\u00f6z\u00f6tt v\u00e9gbemen\u0151 Brexit egyre bizonyosabb forgat\u00f3k\u00f6nyvv\u00e9 v\u00e1lik.<br \/>\n    A Standard &#038; Poor&#8217;s szerint rendezetlen kil\u00e9p\u00e9s eset\u00e9n er\u00f3zi\u00f3nak indulhat a brit gazdas\u00e1g munkaer\u0151- \u00e9s t\u0151kevonz\u00f3 k\u00e9pess\u00e9ge, \u00e9s e forgat\u00f3k\u00f6nyv a font tartal\u00e9kvaluta-szerep\u00e9t is kikezdheti.<br \/>\n    Az S&#038;P kiemeli, hogy a brit foly\u00f3m\u00e9rleg-egyenleg hi\u00e1nya tavaly megk\u00f6zel\u00edtette a 110 milli\u00e1rd doll\u00e1rt, \u00e9s ez a vil\u00e1g m\u00e1sodik legmagasabb nomin\u00e1lis foly\u00f3 deficitje volt az Egyes\u00fclt \u00c1llamok\u00e9 ut\u00e1n.<br \/>\n    A hitelmin\u0151s\u00edt\u0151 hangs\u00falyozza, hogy ez a foly\u00f3m\u00e9rleg-hi\u00e1ny jelent\u0151s k\u00fclf\u00f6ldi finansz\u00edroz\u00e1st ig\u00e9nyel.<br \/>\n    A c\u00e9g k\u00f6z\u00f6lte, hogy a rendezett kil\u00e9p\u00e9st felt\u00e9telez\u0151 alapeseti el\u0151rejelz\u00e9se is mind\u00f6ssze 1,1 sz\u00e1zal\u00e9kos idei brit GDP-n\u00f6veked\u00e9st val\u00f3sz\u00edn\u0171s\u00edt.<br \/>\n    Az S&#038;P a 2020-2022-es id\u0151szakra is csak 1,5 sz\u00e1zal\u00e9kos \u00e9ves \u00e1tlagos re\u00e1ln\u00f6veked\u00e9st v\u00e1r a brit gazdas\u00e1gban.<br \/>\n    A londoni \u00e9s a nemzetk\u00f6zi elemz\u0151i k\u00f6z\u00f6ss\u00e9gben vannak enn\u00e9l is sokkal gyeng\u00e9bb el\u0151rejelz\u00e9sek.<br \/>\n    Az egyik tekint\u00e9lyes londoni p\u00e9nz\u00fcgyi-gazdas\u00e1gi elemz\u0151h\u00e1z, a Centre for Economics and Business Research (CEBR) legut\u00f3bbi helyzet\u00e9rt\u00e9kel\u00e9s\u00e9ben k\u00f6z\u00f6lte: meg\u00edt\u00e9l\u00e9se szerint a brit gazdas\u00e1g idei n\u00f6veked\u00e9si kil\u00e1t\u00e1sai &#8222;valahol a rossz \u00e9s a rettenetes k\u00f6z\u00f6tt j\u00e1rnak&#8221;.<br \/>\n    A h\u00e1z londoni elemz\u0151i jelenleg 0,5 sz\u00e1zal\u00e9kos brit GDP-n\u00f6veked\u00e9st v\u00e1rnak 2019 eg\u00e9sz\u00e9re, de hangs\u00falyozt\u00e1k: a t\u00e9nyleges n\u00f6veked\u00e9si \u00fctem enn\u00e9l is sokkal rosszabb lehet a gazdas\u00e1gba vetett bizalom \u00f6sszeoml\u00e1sa eset\u00e9n, vagy akkor, ha a vil\u00e1ggazdas\u00e1g &#8222;zuhan\u00f3rep\u00fcl\u00e9sbe&#8221; kezd.<br \/>\n    A fejlett ipari gazdas\u00e1gok alkotta Gazdas\u00e1gi Egy\u00fcttm\u0171k\u00f6d\u00e9si \u00e9s Fejleszt\u00e9si Szervezet (OECD) legut\u00f3bbi glob\u00e1lis jelent\u00e9s\u00e9ben k\u00f6z\u00f6lte: fel\u00fclvizsg\u00e1lt el\u0151rejelz\u00e9se szerint a brit hazai \u00f6sszterm\u00e9k z\u00f6kken\u0151mentes, rendezett Brexit eset\u00e9n is mind\u00f6ssze 0,8 sz\u00e1zal\u00e9kkal n\u00f6vekszik az id\u00e9n.<br \/>\n    Az OECD szerint ha a brit EU-tags\u00e1g megsz\u0171n\u00e9s\u00e9ig nem siker\u00fcl \u00e9letbe l\u00e9ptetni a Brexit-meg\u00e1llapod\u00e1st, \u00e9s \u00edgy a kil\u00e9p\u00e9s ut\u00e1n tervezett \u00e1tmeneti id\u0151szak is elmarad, az val\u00f3sz\u00edn\u0171leg recesszi\u00f3ba sodorn\u00e1 a brit gazdas\u00e1got.(MTI)<\/p>\n","protected":false},"excerpt":{"rendered":"<p>V\u00e1ltozatlanul negat\u00edv kil\u00e1t\u00e1ssal, illetve negat\u00edv figyel\u0151list\u00e1n tartja nyilv\u00e1n k\u00e9t nagy nemzetk\u00f6zi hitelmin\u0151s\u00edt\u0151 a brit \u00e1llamad\u00f3ss\u00e1g-oszt\u00e1lyzatokat, els\u0151sorban a brit EU-tags\u00e1g megsz\u0171n\u00e9s\u00e9nek (Brexit) folyamat\u00e1t \u00f6vez\u0151 bizonytalans\u00e1g \u00e9s az ebb\u0151l ered\u0151 gazdas\u00e1gi kock\u00e1zatok miatt.<\/p>\n","protected":false},"author":1001003,"featured_media":0,"comment_status":"closed","ping_status":"open","sticky":false,"template":"","format":"standard","meta":[],"categories":[12,246],"tags":[],"_links":{"self":[{"href":"https:\/\/gazdasagportal.hu\/index.php\/wp-json\/wp\/v2\/posts\/115535"}],"collection":[{"href":"https:\/\/gazdasagportal.hu\/index.php\/wp-json\/wp\/v2\/posts"}],"about":[{"href":"https:\/\/gazdasagportal.hu\/index.php\/wp-json\/wp\/v2\/types\/post"}],"author":[{"embeddable":true,"href":"https:\/\/gazdasagportal.hu\/index.php\/wp-json\/wp\/v2\/users\/1001003"}],"replies":[{"embeddable":true,"href":"https:\/\/gazdasagportal.hu\/index.php\/wp-json\/wp\/v2\/comments?post=115535"}],"version-history":[{"count":1,"href":"https:\/\/gazdasagportal.hu\/index.php\/wp-json\/wp\/v2\/posts\/115535\/revisions"}],"predecessor-version":[{"id":115536,"href":"https:\/\/gazdasagportal.hu\/index.php\/wp-json\/wp\/v2\/posts\/115535\/revisions\/115536"}],"wp:attachment":[{"href":"https:\/\/gazdasagportal.hu\/index.php\/wp-json\/wp\/v2\/media?parent=115535"}],"wp:term":[{"taxonomy":"category","embeddable":true,"href":"https:\/\/gazdasagportal.hu\/index.php\/wp-json\/wp\/v2\/categories?post=115535"},{"taxonomy":"post_tag","embeddable":true,"href":"https:\/\/gazdasagportal.hu\/index.php\/wp-json\/wp\/v2\/tags?post=115535"}],"curies":[{"name":"wp","href":"https:\/\/api.w.org\/{rel}","templated":true}]}}