{"id":115533,"date":"2019-04-27T00:13:42","date_gmt":"2019-04-26T22:13:42","guid":{"rendered":"http:\/\/gazdasagportal.hu\/?p=115533"},"modified":"2019-04-27T00:13:42","modified_gmt":"2019-04-26T22:13:42","slug":"metrofelujitas-szombattol-hetvegenkent-ujpest-kozpont-es-a-lehel-ter-kozott-jar-a-metro","status":"publish","type":"post","link":"https:\/\/gazdasagportal.hu\/index.php\/metrofelujitas-szombattol-hetvegenkent-ujpest-kozpont-es-a-lehel-ter-kozott-jar-a-metro\/","title":{"rendered":"Metr\u00f3fel\u00faj\u00edt\u00e1s &#8211; Szombatt\u00f3l h\u00e9tv\u00e9genk\u00e9nt \u00dajpest-k\u00f6zpont \u00e9s a Lehel t\u00e9r k\u00f6z\u00f6tt j\u00e1r a metr\u00f3"},"content":{"rendered":"<p><strong>Szombatt\u00f3l h\u00e9tv\u00e9genk\u00e9nt \u00dajpest-k\u00f6zpont \u00e9s a Lehel t\u00e9r k\u00f6z\u00f6tt j\u00e1rnak csak a 3-as metr\u00f3 szerelv\u00e9nyei, K\u0151b\u00e1nya-Kispest \u00e9s a Lehel t\u00e9r k\u00f6z\u00f6tt pedig p\u00f3tl\u00f3buszok k\u00f6zlekednek.<\/strong><!--more--><\/p>\n<div class=\"ads-in-post1\"><div id=\"gazdasagportal.hu_fullbanner_wideboard\"><\/div>\r\n<\/div>\n<p>    A Budapesti K\u00f6zleked\u00e9si K\u00f6zpont (BKK) p\u00e9nteki, az MTI-hez eljuttatott k\u00f6zlem\u00e9nye szerint a metr\u00f3p\u00f3tl\u00f3 busz a 3-as metr\u00f3 minden meg\u00e1ll\u00f3hely\u00e9t \u00e9rinti a Ferenciek tere kiv\u00e9tel\u00e9vel: helyette az Astori\u00e1n\u00e1l \u00e1ll meg. Felh\u00edvt\u00e1k a figyelmet arra, hogy \u00fcnnepnapokon a metr\u00f3 \u00e9s a p\u00f3tl\u00f3busz k\u00f6zleked\u00e9si rendje m\u00f3dosulhat, \u00edgy m\u00e1jus 1-j\u00e9n a metr\u00f3 \u00dajpest-k\u00f6zpont \u00e9s a Nagyv\u00e1rad t\u00e9r k\u00f6z\u00f6tt j\u00e1r majd.<br \/>\n    A 3-as metr\u00f3 \u00e9szaki, \u00dajpest-k\u00f6zpont \u00e9s Lehel t\u00e9r k\u00f6z\u00f6tti szakasza fel\u00faj\u00edt\u00e1s\u00e1nak idej\u00e9n h\u00e9tk\u00f6znap est\u00e9nk\u00e9nt \u00e9s h\u00e9tv\u00e9g\u00e9n is a teljes szakaszon p\u00f3tl\u00f3buszok vitt\u00e9k az utasokat.(MTI)<br \/>\n<div class=\"ads-in-post2\"><script async src=\"https:\/\/pagead2.googlesyndication.com\/pagead\/js\/adsbygoogle.js\"><\/script>\r\n<ins class=\"adsbygoogle\"\r\n     style=\"display:block\"\r\n     data-ad-format=\"fluid\"\r\n     data-ad-layout-key=\"-6t+ed+2i-1n-4w\"\r\n     data-ad-client=\"ca-pub-1959107119989764\"\r\n     data-ad-slot=\"4008251320\"><\/ins>\r\n<script>\r\n     (adsbygoogle = window.adsbygoogle || []).push({});\r\n<\/script><\/div>\n","protected":false},"excerpt":{"rendered":"<p>Szombatt\u00f3l h\u00e9tv\u00e9genk\u00e9nt \u00dajpest-k\u00f6zpont \u00e9s a Lehel t\u00e9r k\u00f6z\u00f6tt j\u00e1rnak csak a 3-as metr\u00f3 szerelv\u00e9nyei, K\u0151b\u00e1nya-Kispest \u00e9s a Lehel t\u00e9r k\u00f6z\u00f6tt pedig p\u00f3tl\u00f3buszok k\u00f6zlekednek.<\/p>\n","protected":false},"author":1001003,"featured_media":0,"comment_status":"closed","ping_status":"open","sticky":false,"template":"","format":"standard","meta":[],"categories":[4],"tags":[],"_links":{"self":[{"href":"https:\/\/gazdasagportal.hu\/index.php\/wp-json\/wp\/v2\/posts\/115533"}],"collection":[{"href":"https:\/\/gazdasagportal.hu\/index.php\/wp-json\/wp\/v2\/posts"}],"about":[{"href":"https:\/\/gazdasagportal.hu\/index.php\/wp-json\/wp\/v2\/types\/post"}],"author":[{"embeddable":true,"href":"https:\/\/gazdasagportal.hu\/index.php\/wp-json\/wp\/v2\/users\/1001003"}],"replies":[{"embeddable":true,"href":"https:\/\/gazdasagportal.hu\/index.php\/wp-json\/wp\/v2\/comments?post=115533"}],"version-history":[{"count":1,"href":"https:\/\/gazdasagportal.hu\/index.php\/wp-json\/wp\/v2\/posts\/115533\/revisions"}],"predecessor-version":[{"id":115534,"href":"https:\/\/gazdasagportal.hu\/index.php\/wp-json\/wp\/v2\/posts\/115533\/revisions\/115534"}],"wp:attachment":[{"href":"https:\/\/gazdasagportal.hu\/index.php\/wp-json\/wp\/v2\/media?parent=115533"}],"wp:term":[{"taxonomy":"category","embeddable":true,"href":"https:\/\/gazdasagportal.hu\/index.php\/wp-json\/wp\/v2\/categories?post=115533"},{"taxonomy":"post_tag","embeddable":true,"href":"https:\/\/gazdasagportal.hu\/index.php\/wp-json\/wp\/v2\/tags?post=115533"}],"curies":[{"name":"wp","href":"https:\/\/api.w.org\/{rel}","templated":true}]}}