{"id":115523,"date":"2019-04-26T12:44:52","date_gmt":"2019-04-26T10:44:52","guid":{"rendered":"http:\/\/gazdasagportal.hu\/?p=115523"},"modified":"2019-04-26T10:27:10","modified_gmt":"2019-04-26T08:27:10","slug":"tizenot-eves-csucsra-nott-a-foglalkoztatottsag-az-europai-unioban-tavaly","status":"publish","type":"post","link":"https:\/\/gazdasagportal.hu\/index.php\/tizenot-eves-csucsra-nott-a-foglalkoztatottsag-az-europai-unioban-tavaly\/","title":{"rendered":"Tizen\u00f6t \u00e9ves cs\u00facsra n\u0151tt a foglalkoztatotts\u00e1g az Eur\u00f3pai Uni\u00f3ban tavaly"},"content":{"rendered":"<p><strong>Tizen\u00f6t \u00e9ves cs\u00facsra emelkedett a foglalkoztatotts\u00e1g az Eur\u00f3pai Uni\u00f3ban tavaly, \u00e9s a huszonnyolc tag\u00e1llam k\u00f6z\u00fcl tizenh\u00e1rom m\u00e1r el\u00e9rte a 2020-ra kit\u0171z\u00f6tt nemzeti c\u00e9lj\u00e1t &#8211; ez der\u00fclt az uni\u00f3s statisztikai hivatal (Eurostat) cs\u00fct\u00f6rt\u00f6k\u00f6n k\u00f6z\u00f6lt adataib\u00f3l. <\/strong><!--more--><\/p>\n<div class=\"ads-in-post1\"><div id=\"gazdasagportal.hu_fullbanner_wideboard\"><\/div>\r\n<\/div>\n<p>    Az Eur\u00f3pai Uni\u00f3ban a 20-64 \u00e9v k\u00f6z\u00f6tti n\u00e9pess\u00e9g foglalkoztatotts\u00e1gi r\u00e1t\u00e1ja 73,2 sz\u00e1zal\u00e9kra emelkedett 2018-ban, ami 2005 \u00f3ta a legmagasabb \u00e9rt\u00e9k. Akkor 67,8 sz\u00e1zal\u00e9kon \u00e1llt a mutat\u00f3 \u00e9rt\u00e9ke.<br \/>\n    Egy \u00e9vtizeddel kor\u00e1ban, 2008-ban, a p\u00e9nz\u00fcgyi vil\u00e1gv\u00e1ls\u00e1g idej\u00e9n 70,2 sz\u00e1zal\u00e9kon \u00e1llt a foglalkoztatotts\u00e1gi r\u00e1ta, majd 2013-ra 68,4 sz\u00e1zal\u00e9kig esett vissza, onnant\u00f3l viszont t\u00f6retlen\u00fcl emelkedik.<br \/>\n    Az uni\u00f3s orsz\u00e1gok 2010-ben fogadt\u00e1k el a t\u00edz \u00e9vre sz\u00f3l\u00f3 foglalkoztat\u00e1si \u00e9s n\u00f6veked\u00e9si strat\u00e9gi\u00e1t. Az Eur\u00f3pa 2020 strat\u00e9gia egyik f\u0151 c\u00e9lja az, hogy 2020-ra a 20-64 \u00e9ves koroszt\u00e1ly 75 sz\u00e1zal\u00e9k\u00e1nak legyen munk\u00e1ja az uni\u00f3 eg\u00e9sz\u00e9ben. A f\u0151 sz\u00e1m alapj\u00e1n minden orsz\u00e1g meghat\u00e1rozta nemzeti c\u00e9lj\u00e1t helyzet\u00e9nek \u00e9s saj\u00e1toss\u00e1gainak figyelembe v\u00e9tel\u00e9vel.<br \/>\n<div class=\"ads-in-post2\"><script async src=\"https:\/\/pagead2.googlesyndication.com\/pagead\/js\/adsbygoogle.js\"><\/script>\r\n<ins class=\"adsbygoogle\"\r\n     style=\"display:block\"\r\n     data-ad-format=\"fluid\"\r\n     data-ad-layout-key=\"-6t+ed+2i-1n-4w\"\r\n     data-ad-client=\"ca-pub-1959107119989764\"\r\n     data-ad-slot=\"4008251320\"><\/ins>\r\n<script>\r\n     (adsbygoogle = window.adsbygoogle || []).push({});\r\n<\/script><\/div>\n    Az egyes uni\u00f3s tag\u00e1llamok foglalkoztatotts\u00e1gi r\u00e1t\u00e1ja k\u00f6z\u00f6tt tov\u00e1bbra is jelent\u0151sek a k\u00fcl\u00f6nbs\u00e9gek: a legjobb \u00e9s a legrosszabb adat k\u00f6z\u00f6tt 23,1 sz\u00e1zal\u00e9kpont volt a k\u00fcl\u00f6nbs\u00e9g tavaly.<br \/>\n    Sv\u00e9dorsz\u00e1g 82,6 sz\u00e1zal\u00e9kkal \u00e1llt a lista \u00e9l\u00e9n, az egyetlen olyan EU-tag\u00e1llamk\u00e9nt, amelyben 80 sz\u00e1zal\u00e9k f\u00f6l\u00f6tt van a r\u00e1ta. G\u00f6r\u00f6gorsz\u00e1g volt az utols\u00f3 59,5 sz\u00e1zal\u00e9kkal.<br \/>\n    A k\u00e9t sz\u00e9ls\u0151 \u00e9rt\u00e9k k\u00f6z\u00f6tt h\u00e1rom csoportra oszthat\u00f3k az egyes orsz\u00e1gok. Az els\u0151 csoport a 60 \u00e9s 69,9 sz\u00e1zal\u00e9k k\u00f6z\u00f6tti ar\u00e1nnyal rendelkez\u0151 orsz\u00e1gok\u00e9, ezek k\u00f6z\u00e9 tartozik Belgium, Horv\u00e1torsz\u00e1g, Olaszorsz\u00e1g, Rom\u00e1nia Spanyolorsz\u00e1g. A k\u00f6z\u00e9ps\u0151 csoportban, 70 \u00e9s 74,9 sz\u00e1zal\u00e9k k\u00f6z\u00f6tti ar\u00e1nnyal, Franciaorsz\u00e1g, Luxembourg, Lengyelorsz\u00e1g, Bulg\u00e1ria, Szlov\u00e1kia, Ciprus, \u00cdrorsz\u00e1g \u00e9s Magyarorsz\u00e1g ker\u00fclt. A marad\u00e9k 13 orsz\u00e1g, k\u00f6zt\u00fck N\u00e9metorsz\u00e1g, Hollandia \u00e9s Nagy-Britannia, a 75 \u00e9s 79,9 sz\u00e1zal\u00e9k k\u00f6z\u00f6tti tartom\u00e1nyba ker\u00fclt.<br \/>\n    Az egyes nemzeti c\u00e9lok k\u00f6z\u00f6tt is jelent\u0151s a k\u00fcl\u00f6nbs\u00e9g, 62,9 sz\u00e1zal\u00e9kt\u00f3l (Horv\u00e1torsz\u00e1g) 80 sz\u00e1zal\u00e9kig (D\u00e1nia, Hollandia \u00e9s Sv\u00e9dorsz\u00e1g) terjed a sk\u00e1la. Tavaly 13 uni\u00f3s tag\u00e1llam &#8211; N\u00e9metorsz\u00e1g, \u00c9sztorsz\u00e1g, \u00cdrorsz\u00e1g, Litv\u00e1nia, Sv\u00e9dorsz\u00e1g, Csehorsz\u00e1g, Lettorsz\u00e1g, M\u00e1lta, Horv\u00e1torsz\u00e1g, Lengyelorsz\u00e1g, Portug\u00e1lia, Szlov\u00e9nia \u00e9s Szlov\u00e1kia &#8211; b\u00fcszk\u00e9lkedhetett azzal, hogy teljes\u00edtette terv\u00e9t. K\u00f6z\u00fcl\u00fck \u00f6ten m\u00e1r 2015-ben elmondhatt\u00e1k ezt magukr\u00f3l.<br \/>\n    A c\u00e9lvonalhoz k\u00f6zeled\u0151 orsz\u00e1gok sz\u00e1ma v\u00e1rhat\u00f3an tov\u00e1bb n\u0151 a k\u00f6zelj\u00f6v\u0151ben: Rom\u00e1nia csak 0,1 sz\u00e1zal\u00e9kpontra, Luxembourg, Hollandia, Ausztria \u00e9s Magyarorsz\u00e1g pedig kevesebb mint 1 sz\u00e1zal\u00e9kpontra \u00e1ll a nemzeti c\u00e9l teljes\u00edt\u00e9s\u00e9t\u0151l.<br \/>\n    A f\u00e9rfiak \u00e9s a n\u0151k foglalkoztatotts\u00e1g\u00e1nak ar\u00e1nya k\u00f6z\u00f6tti k\u00fcl\u00f6nbs\u00e9g a 2005-ben m\u00e9rt 16,0 sz\u00e1zal\u00e9kr\u00f3l 11,6 sz\u00e1zal\u00e9kra cs\u00f6kkent 2018-ra, ami alapvet\u0151en annak k\u00f6sz\u00f6nhet\u0151, hogy a n\u0151k foglalkoztatotts\u00e1gi ar\u00e1nya emelkedett, mik\u00f6zben a f\u00e9rfiak\u00e9 gyakorlatilag nem v\u00e1ltozott az elm\u00falt t\u00edz \u00e9vben. Tavaly a 20-64 \u00e9ves koroszt\u00e1lyban a f\u00e9rfiak 79,0 sz\u00e1zal\u00e9ka, a n\u0151knek pedig a 67,4 sz\u00e1zal\u00e9ka tartozott a foglalkoztatottak k\u00f6z\u00e9.<br \/>\n    Magyarorsz\u00e1g eset\u00e9ben a foglalkoztatotts\u00e1gi r\u00e1ta 74,4 sz\u00e1zal\u00e9kra emelkedett tavaly a 2017-ben m\u00e9rt 73,3 sz\u00e1zal\u00e9kr\u00f3l. A nemzeti c\u00e9l 75 sz\u00e1zal\u00e9k. Tavaly a f\u00e9rfiak k\u00f6r\u00e9ben 82,1 sz\u00e1zal\u00e9kra, a n\u0151k k\u00f6r\u00e9ben pedig 66,8 sz\u00e1zal\u00e9kra r\u00fagott a foglalkoztatotts\u00e1gi ar\u00e1ny, mindk\u00e9t adat 1,1 sz\u00e1zal\u00e9kponttal javult az el\u0151z\u0151 \u00e9vhez k\u00e9pest.(MTI)<\/p>\n","protected":false},"excerpt":{"rendered":"<p>Tizen\u00f6t \u00e9ves cs\u00facsra emelkedett a foglalkoztatotts\u00e1g az Eur\u00f3pai Uni\u00f3ban tavaly, \u00e9s a huszonnyolc tag\u00e1llam k\u00f6z\u00fcl tizenh\u00e1rom m\u00e1r el\u00e9rte a 2020-ra kit\u0171z\u00f6tt nemzeti c\u00e9lj\u00e1t &#8211; ez der\u00fclt az uni\u00f3s statisztikai hivatal (Eurostat) cs\u00fct\u00f6rt\u00f6k\u00f6n k\u00f6z\u00f6lt adataib\u00f3l.<\/p>\n","protected":false},"author":1001003,"featured_media":0,"comment_status":"closed","ping_status":"open","sticky":false,"template":"","format":"standard","meta":[],"categories":[12,246],"tags":[],"_links":{"self":[{"href":"https:\/\/gazdasagportal.hu\/index.php\/wp-json\/wp\/v2\/posts\/115523"}],"collection":[{"href":"https:\/\/gazdasagportal.hu\/index.php\/wp-json\/wp\/v2\/posts"}],"about":[{"href":"https:\/\/gazdasagportal.hu\/index.php\/wp-json\/wp\/v2\/types\/post"}],"author":[{"embeddable":true,"href":"https:\/\/gazdasagportal.hu\/index.php\/wp-json\/wp\/v2\/users\/1001003"}],"replies":[{"embeddable":true,"href":"https:\/\/gazdasagportal.hu\/index.php\/wp-json\/wp\/v2\/comments?post=115523"}],"version-history":[{"count":1,"href":"https:\/\/gazdasagportal.hu\/index.php\/wp-json\/wp\/v2\/posts\/115523\/revisions"}],"predecessor-version":[{"id":115524,"href":"https:\/\/gazdasagportal.hu\/index.php\/wp-json\/wp\/v2\/posts\/115523\/revisions\/115524"}],"wp:attachment":[{"href":"https:\/\/gazdasagportal.hu\/index.php\/wp-json\/wp\/v2\/media?parent=115523"}],"wp:term":[{"taxonomy":"category","embeddable":true,"href":"https:\/\/gazdasagportal.hu\/index.php\/wp-json\/wp\/v2\/categories?post=115523"},{"taxonomy":"post_tag","embeddable":true,"href":"https:\/\/gazdasagportal.hu\/index.php\/wp-json\/wp\/v2\/tags?post=115523"}],"curies":[{"name":"wp","href":"https:\/\/api.w.org\/{rel}","templated":true}]}}