{"id":115502,"date":"2019-04-25T15:00:53","date_gmt":"2019-04-25T13:00:53","guid":{"rendered":"http:\/\/gazdasagportal.hu\/?p=115502"},"modified":"2019-04-25T15:00:53","modified_gmt":"2019-04-25T13:00:53","slug":"zelenszkij-hivatalba-lepese-utan-vizsgalat-ala-veti-a-nyelvtorvenyt","status":"publish","type":"post","link":"https:\/\/gazdasagportal.hu\/index.php\/zelenszkij-hivatalba-lepese-utan-vizsgalat-ala-veti-a-nyelvtorvenyt\/","title":{"rendered":"Zelenszkij hivatalba l\u00e9p\u00e9se ut\u00e1n vizsg\u00e1lat al\u00e1 veti a nyelvt\u00f6rv\u00e9nyt"},"content":{"rendered":"<p><strong>Volodimir Zelenszkij megv\u00e1lasztott ukr\u00e1n eln\u00f6k k\u00f6z\u00f6lte, hogy hivatalba l\u00e9p\u00e9se ut\u00e1n megvizsg\u00e1lja a cs\u00fct\u00f6rt\u00f6k\u00f6n a parlament \u00e1ltal megszavazott nyelvt\u00f6rv\u00e9nyt arra vonatkoz\u00f3an, tiszteletben tartja-e a jogszab\u00e1ly minden \u00e1llampolg\u00e1r jogait.<\/strong><!--more--><\/p>\n<div class=\"ads-in-post1\"><div id=\"gazdasagportal.hu_fullbanner_wideboard\"><\/div>\r\n<\/div>\n<p>    &#8222;\u00c1llamf\u0151i hivatalba l\u00e9p\u00e9semet k\u00f6vet\u0151en a t\u00f6rv\u00e9nyt alapos elemz\u00e9snek vetj\u00fck al\u00e1, hogy meggy\u0151z\u0151dj\u00fcnk arr\u00f3l, hogy tiszteletben tartja-e valamennyi ukr\u00e1n \u00e1llampolg\u00e1r alkotm\u00e1nyos jogait \u00e9s \u00e9rdekeit. Az \u00e9rt\u00e9kel\u00e9st k\u00f6vet\u0151en fogok reag\u00e1lni az alkotm\u00e1nyban biztos\u00edtott \u00e1llamf\u0151i hat\u00e1sk\u00f6r\u00f6knek \u00e9s az \u00e1llampolg\u00e1rok \u00e9rdekeinek megfelel\u0151en&#8221; &#8211; sz\u00f6gezte le k\u00f6zlem\u00e9ny\u00e9ben, amelyet csapat\u00e1nak sajt\u00f3szolg\u00e1lata hozott nyilv\u00e1noss\u00e1gra.<br \/>\n    Zelenszkij mindazon\u00e1ltal hangs\u00falyozta, hogy az ukr\u00e1n az egyetlen \u00e1llamnyelv Ukrajn\u00e1ban. &#8222;\u00cdgy volt, \u00edgy van, \u00e9s \u00edgy is lesz. Ebben a k\u00e9rd\u00e9sben nincs kompromisszum. Az \u00e1llam k\u00f6teles gondoskodni az ukr\u00e1n nyelv fejleszt\u00e9s\u00e9r\u0151l, haszn\u00e1lat\u00e1nak kiterjeszt\u00e9s\u00e9r\u0151l. Ezzel is bizonyosan az eg\u00e9sz t\u00e1rsadalom egyet\u00e9rt. A k\u00e9rd\u00e9s az, hogy milyen m\u00f3dszerekkel val\u00f3s\u00edtjuk meg ezt a strat\u00e9giai ir\u00e1nyt&#8221; &#8211; v\u00e9lekedett.<br \/>\n    A megv\u00e1lasztott eln\u00f6k \u00e1ll\u00e1spontja az, hogy az \u00e1llamnak az ukr\u00e1n nyelv fejleszt\u00e9s\u00e9t \u00f6szt\u00f6nz\u00e9ssel \u00e9s j\u00f3 p\u00e9ld\u00e1kkal kell el\u0151seg\u00edtenie, nem pedig tilt\u00e1sokkal \u00e9s b\u00fcntet\u00e9sekkel, &#8222;a b\u00fcrokratikus elj\u00e1r\u00e1sok tov\u00e1bb bonyol\u00edt\u00e1s\u00e1val, hivatalnokok sz\u00e1m\u00e1nak n\u00f6vel\u00e9s\u00e9vel, a cs\u00f6kkent\u00e9s helyett&#8221;.<br \/>\n<div class=\"ads-in-post2\"><script async src=\"https:\/\/pagead2.googlesyndication.com\/pagead\/js\/adsbygoogle.js\"><\/script>\r\n<ins class=\"adsbygoogle\"\r\n     style=\"display:block\"\r\n     data-ad-format=\"fluid\"\r\n     data-ad-layout-key=\"-6t+ed+2i-1n-4w\"\r\n     data-ad-client=\"ca-pub-1959107119989764\"\r\n     data-ad-slot=\"4008251320\"><\/ins>\r\n<script>\r\n     (adsbygoogle = window.adsbygoogle || []).push({});\r\n<\/script><\/div>\n    Hozz\u00e1tette, hogy mivel Ukrajna most komoly kih\u00edv\u00e1sok el\u0151tt \u00e1ll, olyan t\u00f6rv\u00e9nyeket \u00e9s hat\u00e1rozatokat kell kezdem\u00e9nyezni, amelyek &#8222;konszolid\u00e1lj\u00e1k a t\u00e1rsadalmat, \u00e9s nem az ellenkez\u0151 hat\u00e1st \u00e9rik el&#8221;.<br \/>\n    Az ukr\u00e1n parlament cs\u00fct\u00f6rt\u00f6k\u00f6n nagy t\u00f6bbs\u00e9ggel &#8211; 278 szavazattal &#8211; fogadta el a nyelvt\u00f6rv\u00e9nyk\u00e9nt emlegetett, az ukr\u00e1n mint \u00e1llamnyelv m\u0171k\u00f6d\u00e9s\u00e9nek biztos\u00edt\u00e1s\u00e1r\u00f3l sz\u00f3l\u00f3 t\u00f6rv\u00e9nyjavaslatot. A jogszab\u00e1ly ellen a k\u00f6zelm\u00faltban hevesen tiltakoztak a k\u00e1rp\u00e1taljai magyar szervezetek, mert szerint\u00fck felsz\u00e1molja a kisebbs\u00e9gek valamennyi eddigi nyelvi jog\u00e1t.<br \/>\n    A t\u00f6rv\u00e9ny a mag\u00e1nbesz\u00e9lget\u00e9seket \u00e9s a vall\u00e1si szertart\u00e1sokat kiv\u00e9ve gyakorlatilag mindenhol k\u00f6telez\u0151v\u00e9 teszi az ukr\u00e1n nyelv haszn\u00e1lat\u00e1t, az ukr\u00e1n nyelv, illetve a szab\u00e1lyok megs\u00e9rt\u00e9s\u00e9\u00e9rt pedig jogi felel\u0151ss\u00e9gre von\u00e1st helyez kil\u00e1t\u00e1sba.<br \/>\n    Petro Porosenko lek\u00f6sz\u00f6n\u0151 eln\u00f6k el\u0151re jelezte, hogy elfogad\u00e1sa ut\u00e1n al\u00e1\u00edrja a t\u00f6rv\u00e9nyt.(MTI)<\/p>\n","protected":false},"excerpt":{"rendered":"<p>Volodimir Zelenszkij megv\u00e1lasztott ukr\u00e1n eln\u00f6k k\u00f6z\u00f6lte, hogy hivatalba l\u00e9p\u00e9se ut\u00e1n megvizsg\u00e1lja a cs\u00fct\u00f6rt\u00f6k\u00f6n a parlament \u00e1ltal megszavazott nyelvt\u00f6rv\u00e9nyt arra vonatkoz\u00f3an, tiszteletben tartja-e a jogszab\u00e1ly minden \u00e1llampolg\u00e1r jogait.<\/p>\n","protected":false},"author":1,"featured_media":0,"comment_status":"closed","ping_status":"open","sticky":false,"template":"","format":"standard","meta":[],"categories":[12],"tags":[],"_links":{"self":[{"href":"https:\/\/gazdasagportal.hu\/index.php\/wp-json\/wp\/v2\/posts\/115502"}],"collection":[{"href":"https:\/\/gazdasagportal.hu\/index.php\/wp-json\/wp\/v2\/posts"}],"about":[{"href":"https:\/\/gazdasagportal.hu\/index.php\/wp-json\/wp\/v2\/types\/post"}],"author":[{"embeddable":true,"href":"https:\/\/gazdasagportal.hu\/index.php\/wp-json\/wp\/v2\/users\/1"}],"replies":[{"embeddable":true,"href":"https:\/\/gazdasagportal.hu\/index.php\/wp-json\/wp\/v2\/comments?post=115502"}],"version-history":[{"count":1,"href":"https:\/\/gazdasagportal.hu\/index.php\/wp-json\/wp\/v2\/posts\/115502\/revisions"}],"predecessor-version":[{"id":115503,"href":"https:\/\/gazdasagportal.hu\/index.php\/wp-json\/wp\/v2\/posts\/115502\/revisions\/115503"}],"wp:attachment":[{"href":"https:\/\/gazdasagportal.hu\/index.php\/wp-json\/wp\/v2\/media?parent=115502"}],"wp:term":[{"taxonomy":"category","embeddable":true,"href":"https:\/\/gazdasagportal.hu\/index.php\/wp-json\/wp\/v2\/categories?post=115502"},{"taxonomy":"post_tag","embeddable":true,"href":"https:\/\/gazdasagportal.hu\/index.php\/wp-json\/wp\/v2\/tags?post=115502"}],"curies":[{"name":"wp","href":"https:\/\/api.w.org\/{rel}","templated":true}]}}