{"id":115475,"date":"2019-04-24T14:04:31","date_gmt":"2019-04-24T12:04:31","guid":{"rendered":"http:\/\/gazdasagportal.hu\/?p=115475"},"modified":"2019-04-24T14:04:31","modified_gmt":"2019-04-24T12:04:31","slug":"tobb-mint-110-ezren-regisztraltak-ferenc-papa-csiksomlyoi-misejere","status":"publish","type":"post","link":"https:\/\/gazdasagportal.hu\/index.php\/tobb-mint-110-ezren-regisztraltak-ferenc-papa-csiksomlyoi-misejere\/","title":{"rendered":"T\u00f6bb mint 110 ezren regisztr\u00e1ltak Ferenc p\u00e1pa cs\u00edksomly\u00f3i mis\u00e9j\u00e9re"},"content":{"rendered":"<p><strong>T\u00f6bb mint 110 ezer zar\u00e1ndok regisztr\u00e1lt Ferenc p\u00e1pa j\u00fanius 1-jei cs\u00edksomly\u00f3i szentmis\u00e9j\u00e9re, nagy r\u00e9sz\u00fck Rom\u00e1ni\u00e1b\u00f3l \u00e9rkezik, de Magyarorsz\u00e1gr\u00f3l \u00e9s a K\u00e1rp\u00e1t-medence m\u00e1s orsz\u00e1gaib\u00f3l is j\u00f6nnek majd vend\u00e9gek &#8211; k\u00f6z\u00f6lt\u00e9k szerd\u00e1n a szervez\u0151k.<\/strong><!--more--><\/p>\n<div class=\"ads-in-post1\"><div id=\"gazdasagportal.hu_fullbanner_wideboard\"><\/div>\r\n<\/div>\n<p>    A gyulafeh\u00e9rv\u00e1ri \u00e9rseks\u00e9g \u00e1ltal a p\u00e1pal\u00e1togat\u00e1sra l\u00e9trehozott Pontifex.ro oldal szerint \u00e1prilis 22-\u00e9n j\u00e1rt le a regisztr\u00e1l\u00e1s hat\u00e1rideje, addig t\u00f6bb mint 110 ezren jelezt\u00e9k sz\u00e1nd\u00e9kukat, hogy r\u00e9szt akarnak venni a p\u00e1pa \u00e1ltal bemutatott mis\u00e9n az \u00fagynevezett biztons\u00e1gi ter\u00fcleten, ahova csak a szervez\u0151k \u00e1ltal megk\u00fcld\u00f6tt ingyenes bel\u00e9p\u0151jeggyel lehet bejutni. A regisztr\u00e1ci\u00f3s k\u00e9relmek feldolgoz\u00e1sa folyamatban van, ez k\u00f6r\u00fclbel\u00fcl m\u00e9g m\u00e1sf\u00e9l h\u00e9tig tart.<br \/>\n    A legt\u00f6bb zar\u00e1ndok, t\u00f6bb mint 75 ezer szem\u00e9ly csoporttal \u00e9rkezik, az egy\u00e9nileg, illetve csal\u00e1dosan regisztr\u00e1l\u00f3k sz\u00e1ma mintegy 34 600 f\u0151.<br \/>\n    A jelentkez\u0151k k\u00f6zt van 362 pap, diak\u00f3nus \u00e9s kispap, 161 szerzetesn\u0151 \u00e9s szerzetes, tov\u00e1bb\u00e1 95 beteg, mozg\u00e1skorl\u00e1tozott szem\u00e9ly.<br \/>\n<div class=\"ads-in-post2\"><script async src=\"https:\/\/pagead2.googlesyndication.com\/pagead\/js\/adsbygoogle.js\"><\/script>\r\n<ins class=\"adsbygoogle\"\r\n     style=\"display:block\"\r\n     data-ad-format=\"fluid\"\r\n     data-ad-layout-key=\"-6t+ed+2i-1n-4w\"\r\n     data-ad-client=\"ca-pub-1959107119989764\"\r\n     data-ad-slot=\"4008251320\"><\/ins>\r\n<script>\r\n     (adsbygoogle = window.adsbygoogle || []).push({});\r\n<\/script><\/div>\n    A zar\u00e1ndokok jelent\u0151s r\u00e9sze, csaknem 84 ezer szem\u00e9ly rom\u00e1niai, k\u00f6zt\u00fck lesz mintegy 1300 cs\u00e1ng\u00f3 is. T\u00f6bb mint 25 ezren Magyarorsz\u00e1gr\u00f3l mennek, de lesznek zar\u00e1ndokok Felvid\u00e9kr\u0151l, Vajdas\u00e1gb\u00f3l \u00e9s K\u00e1rp\u00e1talj\u00e1r\u00f3l. R\u00e9szv\u00e9teli sz\u00e1nd\u00e9kot jeleztek nagyon t\u00e1voli orsz\u00e1gokb\u00f3l is, \u00edgy p\u00e9ld\u00e1ul regisztr\u00e1ltak Pakiszt\u00e1nb\u00f3l, Ruand\u00e1b\u00f3l, D\u00e9l-Afrik\u00e1b\u00f3l, Ausztr\u00e1li\u00e1b\u00f3l, Izraelb\u0151l, Kanad\u00e1b\u00f3l \u00e9s Nam\u00edbi\u00e1b\u00f3l is.<br \/>\n    A szervez\u0151k \u00e1ltal szerd\u00e1n Cs\u00edkszered\u00e1ban tartott sajt\u00f3t\u00e1j\u00e9koztat\u00f3n &#8211; amelyr\u0151l a Maszol.ro h\u00edrport\u00e1l sz\u00e1molt be &#8211; Ol\u00e1h Zolt\u00e1n kanonok arra buzd\u00edtotta a nem regisztr\u00e1lt h\u00edveket, hogy j\u00f6jjenek \u0151k is a cs\u00edksomly\u00f3i hegynyeregbe, hiszen a biztons\u00e1gi z\u00f3n\u00e1n k\u00edv\u00fcl is lesz hely, ahonnan lehet k\u00f6vetni a szentmis\u00e9t.<br \/>\n    Borboly Csaba, a Hargita megyei tan\u00e1cs eln\u00f6ke elmondta, hogy a sz\u00e9kely megy\u00e9k \u00f6sszefog\u00e1s\u00e1nak k\u00f6sz\u00f6nhet\u0151en 4,3 m\u00e9ter magas \u00e9s 8 m\u00e9ter sz\u00e9les sz\u00e9kelykaput \u00e1ll\u00edtanak fel a cs\u00edksomly\u00f3i hegynyeregben, a p\u00e1pai szentmise helysz\u00edn\u00e9n. Ezt a kaput a V\u00e1mszer G\u00e9za M\u0171v\u00e9szeti N\u00e9piskola oktat\u00f3i \u00e9s di\u00e1kjai fogj\u00e1k elk\u00e9sz\u00edteni. K\u00f6z\u00f6lt\u00e9k, hogy a szentmis\u00e9t k\u00f6vet\u0151en a nyeregben egy M\u00e1rton \u00c1ron volt erd\u00e9lyi p\u00fcsp\u00f6k munk\u00e1ss\u00e1g\u00e1r\u00f3l sz\u00f3l\u00f3 zenem\u0171vet ad el\u0151 a Must\u00e1rmag \u00c9nekegy\u00fcttes, ez az el\u0151ad\u00e1s z\u00e1rja az \u00fcnnepi programot.<br \/>\n    A r\u00f3mai katolikus egyh\u00e1zf\u0151 m\u00e1jus 31. \u00e9s j\u00fanius 2. k\u00f6z\u00f6tt \u00e9rkezik Rom\u00e1ni\u00e1ba, ahol Bukarest mellett Cs\u00edksomly\u00f3ra, J\u00e1szv\u00e1s\u00e1rra \u00e9s Bal\u00e1zsfalv\u00e1ra is ell\u00e1togat.(MTI)<\/p>\n","protected":false},"excerpt":{"rendered":"<p>T\u00f6bb mint 110 ezer zar\u00e1ndok regisztr\u00e1lt Ferenc p\u00e1pa j\u00fanius 1-jei cs\u00edksomly\u00f3i szentmis\u00e9j\u00e9re, nagy r\u00e9sz\u00fck Rom\u00e1ni\u00e1b\u00f3l \u00e9rkezik, de Magyarorsz\u00e1gr\u00f3l \u00e9s a K\u00e1rp\u00e1t-medence m\u00e1s orsz\u00e1gaib\u00f3l is j\u00f6nnek majd vend\u00e9gek &#8211; k\u00f6z\u00f6lt\u00e9k szerd\u00e1n a szervez\u0151k.<\/p>\n","protected":false},"author":1,"featured_media":0,"comment_status":"closed","ping_status":"open","sticky":false,"template":"","format":"standard","meta":[],"categories":[4,12],"tags":[],"_links":{"self":[{"href":"https:\/\/gazdasagportal.hu\/index.php\/wp-json\/wp\/v2\/posts\/115475"}],"collection":[{"href":"https:\/\/gazdasagportal.hu\/index.php\/wp-json\/wp\/v2\/posts"}],"about":[{"href":"https:\/\/gazdasagportal.hu\/index.php\/wp-json\/wp\/v2\/types\/post"}],"author":[{"embeddable":true,"href":"https:\/\/gazdasagportal.hu\/index.php\/wp-json\/wp\/v2\/users\/1"}],"replies":[{"embeddable":true,"href":"https:\/\/gazdasagportal.hu\/index.php\/wp-json\/wp\/v2\/comments?post=115475"}],"version-history":[{"count":1,"href":"https:\/\/gazdasagportal.hu\/index.php\/wp-json\/wp\/v2\/posts\/115475\/revisions"}],"predecessor-version":[{"id":115476,"href":"https:\/\/gazdasagportal.hu\/index.php\/wp-json\/wp\/v2\/posts\/115475\/revisions\/115476"}],"wp:attachment":[{"href":"https:\/\/gazdasagportal.hu\/index.php\/wp-json\/wp\/v2\/media?parent=115475"}],"wp:term":[{"taxonomy":"category","embeddable":true,"href":"https:\/\/gazdasagportal.hu\/index.php\/wp-json\/wp\/v2\/categories?post=115475"},{"taxonomy":"post_tag","embeddable":true,"href":"https:\/\/gazdasagportal.hu\/index.php\/wp-json\/wp\/v2\/tags?post=115475"}],"curies":[{"name":"wp","href":"https:\/\/api.w.org\/{rel}","templated":true}]}}