{"id":115471,"date":"2019-04-24T12:14:50","date_gmt":"2019-04-24T10:14:50","guid":{"rendered":"http:\/\/gazdasagportal.hu\/?p=115471"},"modified":"2019-04-24T12:14:50","modified_gmt":"2019-04-24T10:14:50","slug":"orban-magyarorszag-erositeni-akarja-kapcsolatait-a-keleti-orszagokkal","status":"publish","type":"post","link":"https:\/\/gazdasagportal.hu\/index.php\/orban-magyarorszag-erositeni-akarja-kapcsolatait-a-keleti-orszagokkal\/","title":{"rendered":"Orb\u00e1n: Magyarorsz\u00e1g er\u0151s\u00edteni akarja kapcsolatait a keleti orsz\u00e1gokkal"},"content":{"rendered":"<p><strong>Megv\u00e1ltozott Kelet \u00e9s Nyugat egyens\u00faly\u00e1nak helyzete, de Magyarorsz\u00e1g ebben az \u00faj helyzetben nem vesz\u00e9lyt l\u00e1t, hanem lehet\u0151s\u00e9geket, amelyeket a keleti orsz\u00e1gokhoz f\u0171z\u0151d\u0151 egyre er\u0151sebb kapcsolatok \u00e9p\u00edt\u00e9s\u00e9vel akar kihaszn\u00e1lni &#8211; mondta Orb\u00e1n Viktor minisztereln\u00f6k szerd\u00e1n Kazahszt\u00e1nban.<\/strong><!--more--><\/p>\n<div class=\"ads-in-post1\"><div id=\"gazdasagportal.hu_fullbanner_wideboard\"><\/div>\r\n<\/div>\n<p>    A korm\u00e1nyf\u0151 hivatalos l\u00e1togat\u00e1st tett Kazahszt\u00e1nban, ahol Kaszim-Zsomart Tokajev kazah eln\u00f6kkel folytatott megbesz\u00e9l\u00e9st, majd k\u00f6z\u00f6sen tettek sajt\u00f3nyilatkozatot.<br \/>\n    Orb\u00e1n Viktor kiemelte: a kapcsolatok er\u0151s\u00edt\u00e9se a keleti, k\u00f6z\u00e9p-\u00e1zsiai orsz\u00e1gokkal &#8222;nek\u00fcnk k\u00f6nnyen megy&#8221;, mert t\u00f6rt\u00e9nelmi gy\u00f6kereink a k\u00f6z\u00e9p-\u00e1zsiai t\u00e9rs\u00e9gben \u00e9l\u0151 n\u00e9pekhez k\u00f6tnek minket, ez\u00e9rt a diplom\u00e1ciai \u00e9s gazdas\u00e1gi kapcsolatok intenz\u00edvebb\u00e9 t\u00e9tel\u00e9nek megvan a kultur\u00e1lis talapzata.<br \/>\n    \u00dagy l\u00e1tja, minden, ami ma t\u00f6rt\u00e9nik a nemzetk\u00f6z politik\u00e1ban, erre az \u00faj helyzetre reflekt\u00e1l. &#8222;Kor\u00e1bban evidencia volt&#8221;, hogy a technol\u00f3gia, a gazdas\u00e1gi fejl\u0151d\u00e9s k\u00e9rd\u00e9s\u00e9ben, &#8222;a sikeres politikai rendszerek kik\u00eds\u00e9rletez\u00e9se \u00fcgy\u00e9ben a Nyugat okkal \u00fagy \u00e9rezte, hogy a legnagyobb teljes\u00edtm\u00e9nyre k\u00e9pes a vil\u00e1gon&#8221;, de ez a helyzet most megv\u00e1ltozott, \u00e9s a Kelet folyamatosan er\u0151s\u00f6dik. A k\u00f6vetkez\u0151 t\u00edz \u00e9vet is ebben az er\u0151viszony-v\u00e1ltoz\u00e1sban \u00e9lj\u00fck le &#8211; f\u0171zte hozz\u00e1.<br \/>\n<div class=\"ads-in-post2\"><script async src=\"https:\/\/pagead2.googlesyndication.com\/pagead\/js\/adsbygoogle.js\"><\/script>\r\n<ins class=\"adsbygoogle\"\r\n     style=\"display:block\"\r\n     data-ad-format=\"fluid\"\r\n     data-ad-layout-key=\"-6t+ed+2i-1n-4w\"\r\n     data-ad-client=\"ca-pub-1959107119989764\"\r\n     data-ad-slot=\"4008251320\"><\/ins>\r\n<script>\r\n     (adsbygoogle = window.adsbygoogle || []).push({});\r\n<\/script><\/div>\n    A minisztereln\u00f6k kit\u00e9rt r\u00e1: &#8222;hajlamosak vagyunk elfelejteni, hogy a demokr\u00e1cia nemcsak azt jelenti, hogy az emberek r\u00e9szt tudnak venni a v\u00e1laszt\u00e1son, \u00e9s megadatik a lehet\u0151s\u00e9g, hogy bevon\u00f3djanak a k\u00f6z\u00f6s \u00fcgyek megvitat\u00e1s\u00e1ba&#8221;. A demokr\u00e1cia a r\u00e9gi g\u00f6r\u00f6g felfog\u00e1s szerint korm\u00e1nyzati form\u00e1t is jelent, &#8222;vagyis a v\u00e9lem\u00e9nyszabads\u00e1gnak meg a r\u00e9szv\u00e9telnek v\u00e9g\u00fcl is egy hat\u00e9kony \u00e9s stabil korm\u00e1nyz\u00e1sban kell testet \u00f6ltenie&#8221; &#8211; fogalmazott.<br \/>\n    K\u00f6z\u00f6lte: ez\u00e9rt ma a legsikeresebb orsz\u00e1gok egyben a legstabilabb politikai rendszer\u0171 orsz\u00e1gok. Kazahszt\u00e1n az elm\u00falt \u00e9vekben \u00e9len j\u00e1rt a stabilit\u00e1s tekintet\u00e9ben, \u00e9s a mostani v\u00e1ltoz\u00e1sok is er\u0151s\u00edtik a stabilit\u00e1st, ami mindenk\u00e9ppen elismer\u00e9st \u00e9rdemel &#8211; mondta.<br \/>\n    Orb\u00e1n Viktor kifejtette: a f\u00f6ldrajzi t\u00e1vols\u00e1g hatalmas a k\u00e9t n\u00e9p k\u00f6z\u00f6tt, ez\u00e9rt nagyon neh\u00e9z &#8222;er\u0151s \u00e9s s\u0171r\u0171 sz\u00f6v\u00e9s\u0171 gazdas\u00e1gi kapcsolatokat&#8221; l\u00e9trehozni, de nem lehetetlen. Sokat dolgoztak az\u00e9rt, hogy legyenek k\u00f6z\u00f6s gazdas\u00e1gi v\u00e1llalkoz\u00e1sok, az els\u0151k k\u00f6z\u00f6tt vett\u00fcnk r\u00e9szt a nurszultani p\u00e9nz\u00fcgyi k\u00f6zpont ki\u00e9p\u00edt\u00e9s\u00e9re ir\u00e1nyul\u00f3 t\u00f6rekv\u00e9sekben &#8211; id\u00e9zte fel.<br \/>\n    Megjegyezte: l\u00e9trehoztak egy beruh\u00e1z\u00e1si alapot, amely els\u0151 gy\u00fcm\u00f6lcseit meg is hozta, az els\u0151 komoly mez\u0151gazdas\u00e1gi beruh\u00e1z\u00e1st m\u00e1r \u00e1tadt\u00e1k, \u00e9s elfogadt\u00e1k a m\u00e1sodikat, egy nagy tej\u00fczem fel\u00e9p\u00edt\u00e9s\u00e9t.<br \/>\n    A korm\u00e1nyf\u0151 arr\u00f3l is besz\u00e9lt, hogy a napokban mintegy sz\u00e1ztag\u00fa \u00fczleti deleg\u00e1ci\u00f3 \u00e9rkezik Magyarorsz\u00e1gr\u00f3l az egy\u00fcttm\u0171k\u00f6d\u00e9s tov\u00e1bbi lehet\u0151s\u00e9geinek megtal\u00e1l\u00e1s\u00e1ra.<br \/>\n    Azt is elmondta, hogy 250 kazah hallgat\u00f3 tanul \u00f6szt\u00f6nd\u00edjjal Magyarorsz\u00e1gon, ami az\u00e9rt j\u00f3, mert &#8222;a t\u00e1vols\u00e1g legy\u0151z\u00e9s\u00e9nek legjobb eszk\u00f6ze a bar\u00e1ts\u00e1g, a bar\u00e1ts\u00e1g pedig csak k\u00f6lcs\u00f6n\u00f6s ismeret alapj\u00e1n fejl\u0151dhet ki&#8221;. Amikor a kazah di\u00e1kok visszat\u00e9rnek, j\u00f3 nagyk\u00f6vetei lesznek a kazah-magyar bar\u00e1ts\u00e1gnak \u00e9s gazdas\u00e1gi egy\u00fcttm\u0171k\u00f6d\u00e9snek &#8211; v\u00e9lekedett.<br \/>\n    Kaszim-Zsomart Tokajev kazah eln\u00f6k hangs\u00falyozta: Magyarorsz\u00e1g fontos partner Kazahszt\u00e1n sz\u00e1m\u00e1ra az EU-ban \u00e9s a k\u00f6z\u00e9p-eur\u00f3pai t\u00e9rs\u00e9gben, a k\u00e9t orsz\u00e1got politikai, gazdas\u00e1gi \u00e9rdekek \u00e9s t\u00f6rt\u00e9nelmi gy\u00f6kerek is \u00f6sszek\u00f6tik.<br \/>\n    Eml\u00e9keztetett: Magyarorsz\u00e1g volt az els\u0151 k\u00f6z\u00e9p-eur\u00f3pai orsz\u00e1g, amely strat\u00e9giai partners\u00e9gi meg\u00e1llapod\u00e1st \u00edrt al\u00e1 Kazahszt\u00e1nnal, \u00e9s ez bizony\u00edtja, hogy a k\u00e9t orsz\u00e1g meg\u00e9rti egym\u00e1st \u00e9s arra t\u00f6rekszik, hogy egy\u00fcttm\u0171k\u00f6d\u00e9s\u00fck m\u00e9g er\u0151sebb legyen.<br \/>\n    A kazah eln\u00f6k k\u00fcl\u00f6n\u00f6sen fontosnak nevezte a strat\u00e9giai tan\u00e1cs \u00e9s a korm\u00e1nyk\u00f6zi vegyes bizotts\u00e1g munk\u00e1j\u00e1t. A h\u00f3nap v\u00e9g\u00e9n Magyarorsz\u00e1gr\u00f3l \u00e9rkez\u0151 nagy \u00fczleti deleg\u00e1ci\u00f3 \u00faj l\u00f6k\u00e9st ad a kereskedelmi \u00e9s gazdas\u00e1gi kapcsolatoknak, tov\u00e1bb\u00e1 \u00faj szintre emeli a beruh\u00e1z\u00e1si egy\u00fcttm\u0171k\u00f6d\u00e9st &#8211; v\u00e9lekedett. Hozz\u00e1tette: orsz\u00e1g\u00e1ban minden felt\u00e9tel adott a beruh\u00e1z\u00e1sokhoz, j\u00f3 az \u00fczleti k\u00f6rnyezet.<br \/>\n    Az eln\u00f6k k\u00f6sz\u00f6netet mondott Magyarorsz\u00e1gnak, ami\u00e9rt 250 kazah hallgat\u00f3nak biztos\u00edt \u00f6szt\u00f6nd\u00edjat, ez &#8211; mondta &#8211; er\u0151s\u00edti a k\u00e9t orsz\u00e1g bar\u00e1ts\u00e1g\u00e1t.<br \/>\n    Orb\u00e1n Viktor kedden \u00e9rkezett meg Kazahszt\u00e1nba, akkor tal\u00e1lkozott Askar Mamin kazah minisztereln\u00f6kkel, tov\u00e1bb\u00e1 megbesz\u00e9l\u00e9st folytat Nurszultan Nazarbajevvel, Kazahszt\u00e1n els\u0151 eln\u00f6k\u00e9vel is.<br \/>\n    A korm\u00e1nyf\u0151 innen Pekingbe utazik tov\u00e1bb, ahol K\u00edna vezet\u0151ivel t\u00e1rgyal, \u00e9s r\u00e9szt vesz a m\u00e1sodik Egy \u00f6vezet, egy \u00fat f\u00f3rumon.(MTI)<\/p>\n","protected":false},"excerpt":{"rendered":"<p>Megv\u00e1ltozott Kelet \u00e9s Nyugat egyens\u00faly\u00e1nak helyzete, de Magyarorsz\u00e1g ebben az \u00faj helyzetben nem vesz\u00e9lyt l\u00e1t, hanem lehet\u0151s\u00e9geket, amelyeket a keleti orsz\u00e1gokhoz f\u0171z\u0151d\u0151 egyre er\u0151sebb kapcsolatok \u00e9p\u00edt\u00e9s\u00e9vel akar kihaszn\u00e1lni &#8211; mondta Orb\u00e1n Viktor minisztereln\u00f6k szerd\u00e1n Kazahszt\u00e1nban.<\/p>\n","protected":false},"author":1,"featured_media":0,"comment_status":"closed","ping_status":"open","sticky":false,"template":"","format":"standard","meta":[],"categories":[19],"tags":[],"_links":{"self":[{"href":"https:\/\/gazdasagportal.hu\/index.php\/wp-json\/wp\/v2\/posts\/115471"}],"collection":[{"href":"https:\/\/gazdasagportal.hu\/index.php\/wp-json\/wp\/v2\/posts"}],"about":[{"href":"https:\/\/gazdasagportal.hu\/index.php\/wp-json\/wp\/v2\/types\/post"}],"author":[{"embeddable":true,"href":"https:\/\/gazdasagportal.hu\/index.php\/wp-json\/wp\/v2\/users\/1"}],"replies":[{"embeddable":true,"href":"https:\/\/gazdasagportal.hu\/index.php\/wp-json\/wp\/v2\/comments?post=115471"}],"version-history":[{"count":1,"href":"https:\/\/gazdasagportal.hu\/index.php\/wp-json\/wp\/v2\/posts\/115471\/revisions"}],"predecessor-version":[{"id":115472,"href":"https:\/\/gazdasagportal.hu\/index.php\/wp-json\/wp\/v2\/posts\/115471\/revisions\/115472"}],"wp:attachment":[{"href":"https:\/\/gazdasagportal.hu\/index.php\/wp-json\/wp\/v2\/media?parent=115471"}],"wp:term":[{"taxonomy":"category","embeddable":true,"href":"https:\/\/gazdasagportal.hu\/index.php\/wp-json\/wp\/v2\/categories?post=115471"},{"taxonomy":"post_tag","embeddable":true,"href":"https:\/\/gazdasagportal.hu\/index.php\/wp-json\/wp\/v2\/tags?post=115471"}],"curies":[{"name":"wp","href":"https:\/\/api.w.org\/{rel}","templated":true}]}}