{"id":115437,"date":"2019-04-23T17:15:50","date_gmt":"2019-04-23T15:15:50","guid":{"rendered":"http:\/\/gazdasagportal.hu\/?p=115437"},"modified":"2019-04-23T17:15:50","modified_gmt":"2019-04-23T15:15:50","slug":"romlott-a-fogyasztoi-hangulat-aprilisban-az-euroovezetben","status":"publish","type":"post","link":"https:\/\/gazdasagportal.hu\/index.php\/romlott-a-fogyasztoi-hangulat-aprilisban-az-euroovezetben\/","title":{"rendered":"Romlott a fogyaszt\u00f3i hangulat \u00e1prilisban az eur\u00f3\u00f6vezetben"},"content":{"rendered":"<p><strong>\u00c1prilisban a v\u00e1rt javul\u00e1s helyett romlott a fogyaszt\u00f3i hangulat az eur\u00f3\u00f6vezetben az Eur\u00f3pai Bizotts\u00e1g gazdas\u00e1gi \u00e9s p\u00e9nz\u00fcgyi igazgat\u00f3s\u00e1ga kedden nyilv\u00e1noss\u00e1gra hozott felm\u00e9r\u00e9se alapj\u00e1n.<\/strong><!--more--><\/p>\n<div class=\"ads-in-post1\"><div id=\"gazdasagportal.hu_fullbanner_wideboard\"><\/div>\r\n<\/div>\n<p>    A DG ECFIN (Directorate General for Economic and Financial Affairs) el\u0151zetes adatokra t\u00e1maszkod\u00f3 felm\u00e9r\u00e9se szerint \u00e1prilisban a fogyaszt\u00f3i hangulatindex az eur\u00f3\u00f6vezetben 0,7 ponttal, m\u00ednusz 7,9 pontra cs\u00f6kkent \u00e1prilisban a m\u00e1rciusi m\u00ednusz 7,2 pontr\u00f3l. A piac szer\u00e9ny javul\u00e1st, m\u00ednusz 7 pontot v\u00e1rt \u00e1prilisra.<br \/>\n<div class=\"ads-in-post2\"><script async src=\"https:\/\/pagead2.googlesyndication.com\/pagead\/js\/adsbygoogle.js\"><\/script>\r\n<ins class=\"adsbygoogle\"\r\n     style=\"display:block\"\r\n     data-ad-format=\"fluid\"\r\n     data-ad-layout-key=\"-6t+ed+2i-1n-4w\"\r\n     data-ad-client=\"ca-pub-1959107119989764\"\r\n     data-ad-slot=\"4008251320\"><\/ins>\r\n<script>\r\n     (adsbygoogle = window.adsbygoogle || []).push({});\r\n<\/script><\/div>\n    Az Eur\u00f3pai Uni\u00f3ban a fogyaszt\u00f3i hangulatindex 0,6 ponttal m\u00ednusz 7,7 pontra esett a m\u00e1rciusi m\u00ednusz 7,1 pontr\u00f3l.<br \/>\n    Mindk\u00e9t indik\u00e1tor hossz\u00fa t\u00e1v\u00fa \u00e1tlaga felett van, ami az eur\u00f3\u00f6vezetn\u00e9l m\u00ednusz 11,3 pont, az EU eset\u00e9ben pedig m\u00ednusz 10,4 pont.(MTI)<\/p>\n","protected":false},"excerpt":{"rendered":"<p>\u00c1prilisban a v\u00e1rt javul\u00e1s helyett romlott a fogyaszt\u00f3i hangulat az eur\u00f3\u00f6vezetben az Eur\u00f3pai Bizotts\u00e1g gazdas\u00e1gi \u00e9s p\u00e9nz\u00fcgyi igazgat\u00f3s\u00e1ga kedden nyilv\u00e1noss\u00e1gra hozott felm\u00e9r\u00e9se alapj\u00e1n.<\/p>\n","protected":false},"author":1,"featured_media":0,"comment_status":"closed","ping_status":"open","sticky":false,"template":"","format":"standard","meta":[],"categories":[19],"tags":[],"_links":{"self":[{"href":"https:\/\/gazdasagportal.hu\/index.php\/wp-json\/wp\/v2\/posts\/115437"}],"collection":[{"href":"https:\/\/gazdasagportal.hu\/index.php\/wp-json\/wp\/v2\/posts"}],"about":[{"href":"https:\/\/gazdasagportal.hu\/index.php\/wp-json\/wp\/v2\/types\/post"}],"author":[{"embeddable":true,"href":"https:\/\/gazdasagportal.hu\/index.php\/wp-json\/wp\/v2\/users\/1"}],"replies":[{"embeddable":true,"href":"https:\/\/gazdasagportal.hu\/index.php\/wp-json\/wp\/v2\/comments?post=115437"}],"version-history":[{"count":1,"href":"https:\/\/gazdasagportal.hu\/index.php\/wp-json\/wp\/v2\/posts\/115437\/revisions"}],"predecessor-version":[{"id":115438,"href":"https:\/\/gazdasagportal.hu\/index.php\/wp-json\/wp\/v2\/posts\/115437\/revisions\/115438"}],"wp:attachment":[{"href":"https:\/\/gazdasagportal.hu\/index.php\/wp-json\/wp\/v2\/media?parent=115437"}],"wp:term":[{"taxonomy":"category","embeddable":true,"href":"https:\/\/gazdasagportal.hu\/index.php\/wp-json\/wp\/v2\/categories?post=115437"},{"taxonomy":"post_tag","embeddable":true,"href":"https:\/\/gazdasagportal.hu\/index.php\/wp-json\/wp\/v2\/tags?post=115437"}],"curies":[{"name":"wp","href":"https:\/\/api.w.org\/{rel}","templated":true}]}}