{"id":115431,"date":"2019-04-23T13:48:00","date_gmt":"2019-04-23T11:48:00","guid":{"rendered":"http:\/\/gazdasagportal.hu\/?p=115431"},"modified":"2019-04-23T13:48:00","modified_gmt":"2019-04-23T11:48:00","slug":"egy-elemzes-szerint-romania-nepessege-2031-re-167-milliora-csokken-a-magyarsag-azonban-megorzi-szamaranyat","status":"publish","type":"post","link":"https:\/\/gazdasagportal.hu\/index.php\/egy-elemzes-szerint-romania-nepessege-2031-re-167-milliora-csokken-a-magyarsag-azonban-megorzi-szamaranyat\/","title":{"rendered":"Egy elemz\u00e9s szerint Rom\u00e1nia n\u00e9pess\u00e9ge 2031-re 16,7 milli\u00f3ra cs\u00f6kken, a magyars\u00e1g azonban meg\u0151rzi sz\u00e1mar\u00e1ny\u00e1t"},"content":{"rendered":"<p><strong>Rom\u00e1nia n\u00e9pess\u00e9ge 2031-ig 16,7 milli\u00f3ra cs\u00f6kken, \u00e9s a magyars\u00e1g is fogy, de meg\u0151rzi a k\u00f6r\u00fclbel\u00fcl 6,5 sz\u00e1zal\u00e9kos ar\u00e1ny\u00e1t &#8211; olvashat\u00f3 az erdelystat.ro statisztikai port\u00e1lon kedden k\u00f6zz\u00e9tett elemz\u00e9sben.<\/strong><!--more--><\/p>\n<div class=\"ads-in-post1\"><div id=\"gazdasagportal.hu_fullbanner_wideboard\"><\/div>\r\n<\/div>\n<p>    A N\u00e9pesed\u00e9si perspekt\u00edv\u00e1k Erd\u00e9lyben 2011-2031 elemz\u00e9s felid\u00e9zi: a legut\u00f3bbi, 2011-es rom\u00e1niai n\u00e9psz\u00e1ml\u00e1l\u00e1s adatai szerint az orsz\u00e1g n\u00e9pess\u00e9ge 20,1 milli\u00f3 volt. Az 1,3 milli\u00f3 f\u0151s magyar anyanyelv\u0171 k\u00f6z\u00f6ss\u00e9g a lakoss\u00e1g 6,64 sz\u00e1zal\u00e9k\u00e1t tette ki. Az elemz\u00e9s szerint 2031-ig Rom\u00e1nia n\u00e9pess\u00e9ge 17 sz\u00e1zal\u00e9k\u00e1t vesz\u00edti el.<br \/>\n    Az elemz\u00e9s azzal sz\u00e1mol, hogy 2021-re 18,42 milli\u00f3ra, 2031-re 16,68 milli\u00f3ra apad az orsz\u00e1g lakoss\u00e1ga. A magyar anyanyelv\u0171ek 2021-re v\u00e1rhat\u00f3 sz\u00e1ma 1,19 milli\u00f3, ar\u00e1nya 6,58 sz\u00e1zal\u00e9kos, 2031-re 1,07 milli\u00f3, ar\u00e1nya pedig 6,52 sz\u00e1zal\u00e9kos lesz.<br \/>\n<div class=\"ads-in-post2\"><script async src=\"https:\/\/pagead2.googlesyndication.com\/pagead\/js\/adsbygoogle.js\"><\/script>\r\n<ins class=\"adsbygoogle\"\r\n     style=\"display:block\"\r\n     data-ad-format=\"fluid\"\r\n     data-ad-layout-key=\"-6t+ed+2i-1n-4w\"\r\n     data-ad-client=\"ca-pub-1959107119989764\"\r\n     data-ad-slot=\"4008251320\"><\/ins>\r\n<script>\r\n     (adsbygoogle = window.adsbygoogle || []).push({});\r\n<\/script><\/div>\n    Az Erd\u00e9lystat sz\u00e1m\u00edt\u00e1sa k\u00e9t, a magyar int\u00e9zm\u00e9nyes szerkezet szempontj\u00e1b\u00f3l fontos jelens\u00e9gre h\u00edvja fel a figyelmet. Egyr\u00e9szt arra, hogy a sz\u00fclet\u00e9sek sz\u00e1ma annak ellen\u00e9re cs\u00f6kken\u0151 tendenci\u00e1t mutat, hogy a term\u00e9kenys\u00e9gi ar\u00e1nysz\u00e1m enyhe emelked\u00e9se felt\u00e9telezhet\u0151. M\u00e1sr\u00e9szt, az egyes iskolai szintekre bel\u00e9p\u0151 magyar anyanyelv\u0171ek sz\u00e1m\u00e1nak a cs\u00f6kken\u00e9s\u00e9vel lehet sz\u00e1molni. A h\u00e9t\u00e9ves iskolakezd\u0151k sz\u00e1ma a jelenlegi 11 551-r\u0151l 2031-re minden bizonnyal 9 ezer al\u00e1 cs\u00f6kken.<br \/>\n    A region\u00e1lis k\u00fcl\u00f6nbs\u00e9geket vizsg\u00e1lva az Erd\u00e9lystat sz\u00e1m\u00edt\u00e1sai szerint a partiumi \u00e9s a sz\u00e9kelyf\u00f6ldi t\u00f6mb\u00f6k magyar anyanyelv\u0171 n\u00e9pess\u00e9ge az orsz\u00e1gos trendekhez viszony\u00edtva csak m\u00e9rs\u00e9kelt n\u00e9pess\u00e9gcs\u00f6kken\u00e9st szenved el. A partiumi magyar t\u00f6mbben \u00e9s Sz\u00e9kelyf\u00f6ld\u00f6n is a magyar anyanyelv\u0171ek ar\u00e1ny\u00e1nak a n\u00f6veked\u00e9se a val\u00f3sz\u00edn\u0171bb forgat\u00f3k\u00f6nyv. Marosv\u00e1s\u00e1rhely \u00e9s Kolozsv\u00e1r vonz\u00e1sk\u00f6rzet\u00e9nek a demogr\u00e1fiai kil\u00e1t\u00e1sai magyar szempontb\u00f3l nem ennyire kedvez\u0151ek, azonban a magyar n\u00e9pess\u00e9g cs\u00f6kken\u00e9se itt is alatta marad az orsz\u00e1gos \u00e1tlagnak. A sz\u00e9kelyf\u00f6ldi \u00e9s partiumi megy\u00e9k k\u00f6z\u00fcl Hargita, Kov\u00e1szna, Szatm\u00e1r \u00e9s Szil\u00e1gy eset\u00e9ben v\u00e1rhat\u00f3 a magyarok ar\u00e1ny\u00e1nak a n\u00f6veked\u00e9se, m\u00edg Bihar \u00e9s Maros eset\u00e9ben enyhe cs\u00f6kken\u00e9s val\u00f3sz\u00edn\u0171s\u00edthet\u0151. Erd\u00e9ly egy\u00e9b ter\u00fcletein viszont a rom\u00e1niai \u00e1tlagot meghalad\u00f3 m\u00e9rt\u00e9kben fogy majd a magyar anyanyelv\u0171ek sz\u00e1ma, \u00e9s az ar\u00e1nyuk is cs\u00f6kken.<br \/>\n    Az Erd\u00e9lystat kutat\u00f3i hangs\u00falyozz\u00e1k, hogy a felv\u00e1zolt demogr\u00e1fiai forgat\u00f3k\u00f6nyvet sz\u00e1mos, egyel\u0151re bel\u00e1thatatlan t\u00e9nyez\u0151 befoly\u00e1solhatja. A j\u00f6v\u0151beni migr\u00e1ci\u00f3s mozg\u00e1sokat nem lehet ugyanis nemzetis\u00e9gi bont\u00e1sban megfelel\u0151en dokument\u00e1lni, illetve nem lehet el\u0151re l\u00e1tni a v\u00e1rhat\u00f3 trendeket. Azt is megjegyezt\u00e9k, hogy az el\u0151resz\u00e1m\u00edt\u00e1s nem etnikai, hanem anyanyelvi krit\u00e9rium szerint vizsg\u00e1lta a magyars\u00e1g perspekt\u00edv\u00e1it, \u00e9s a magyar anyanyelv\u0171 rom\u00e1kkal is a magyar besz\u00e9l\u0151k\u00f6z\u00f6ss\u00e9g r\u00e9szek\u00e9nt sz\u00e1molt. Mint hangs\u00falyozt\u00e1k, ez a megk\u00f6zel\u00edt\u00e9s a magyar nyelv\u0171 oktat\u00e1s tervez\u00e9se szempontj\u00e1b\u00f3l fontos.(MTI)<\/p>\n","protected":false},"excerpt":{"rendered":"<p>Rom\u00e1nia n\u00e9pess\u00e9ge 2031-ig 16,7 milli\u00f3ra cs\u00f6kken, \u00e9s a magyars\u00e1g is fogy, de meg\u0151rzi a k\u00f6r\u00fclbel\u00fcl 6,5 sz\u00e1zal\u00e9kos ar\u00e1ny\u00e1t &#8211; olvashat\u00f3 az erdelystat.ro statisztikai port\u00e1lon kedden k\u00f6zz\u00e9tett elemz\u00e9sben.<\/p>\n","protected":false},"author":1,"featured_media":0,"comment_status":"closed","ping_status":"open","sticky":false,"template":"","format":"standard","meta":[],"categories":[12],"tags":[],"_links":{"self":[{"href":"https:\/\/gazdasagportal.hu\/index.php\/wp-json\/wp\/v2\/posts\/115431"}],"collection":[{"href":"https:\/\/gazdasagportal.hu\/index.php\/wp-json\/wp\/v2\/posts"}],"about":[{"href":"https:\/\/gazdasagportal.hu\/index.php\/wp-json\/wp\/v2\/types\/post"}],"author":[{"embeddable":true,"href":"https:\/\/gazdasagportal.hu\/index.php\/wp-json\/wp\/v2\/users\/1"}],"replies":[{"embeddable":true,"href":"https:\/\/gazdasagportal.hu\/index.php\/wp-json\/wp\/v2\/comments?post=115431"}],"version-history":[{"count":1,"href":"https:\/\/gazdasagportal.hu\/index.php\/wp-json\/wp\/v2\/posts\/115431\/revisions"}],"predecessor-version":[{"id":115432,"href":"https:\/\/gazdasagportal.hu\/index.php\/wp-json\/wp\/v2\/posts\/115431\/revisions\/115432"}],"wp:attachment":[{"href":"https:\/\/gazdasagportal.hu\/index.php\/wp-json\/wp\/v2\/media?parent=115431"}],"wp:term":[{"taxonomy":"category","embeddable":true,"href":"https:\/\/gazdasagportal.hu\/index.php\/wp-json\/wp\/v2\/categories?post=115431"},{"taxonomy":"post_tag","embeddable":true,"href":"https:\/\/gazdasagportal.hu\/index.php\/wp-json\/wp\/v2\/tags?post=115431"}],"curies":[{"name":"wp","href":"https:\/\/api.w.org\/{rel}","templated":true}]}}