{"id":115409,"date":"2019-04-22T16:24:12","date_gmt":"2019-04-22T14:24:12","guid":{"rendered":"http:\/\/gazdasagportal.hu\/?p=115409"},"modified":"2019-04-22T16:24:12","modified_gmt":"2019-04-22T14:24:12","slug":"havazik-hargita-megye-hegyvideken","status":"publish","type":"post","link":"https:\/\/gazdasagportal.hu\/index.php\/havazik-hargita-megye-hegyvideken\/","title":{"rendered":"Havazik Hargita megye hegyvid\u00e9k\u00e9n"},"content":{"rendered":"<p><strong>Havazik Hargita megye hegyvid\u00e9k\u00e9n, ahol h\u00e9tf\u0151 reggel \u00f3ta jelent\u0151s h\u00f3r\u00e9teg rak\u00f3dott le &#8211; \u00edrja az Agerpres h\u00edr\u00fcgyn\u00f6ks\u00e9g. <\/strong><!--more--><\/p>\n<div class=\"ads-in-post1\"><div id=\"gazdasagportal.hu_fullbanner_wideboard\"><\/div>\r\n<\/div>\n<p>    A h\u00edr\u00fcgyn\u00f6ks\u00e9g jelent\u00e9se szerint mind a Madarasi Hargit\u00e1n, mind pedig Hargitaf\u00fcrd\u0151n el\u00e9rte a t\u00edz centim\u00e9tert a friss h\u00f3r\u00e9teg vastags\u00e1ga. A Bucsin tet\u0151n \u00e1thalad\u00f3 13B orsz\u00e1gutat \u00e9s a Gyilkos-t\u00f3 fel\u00e9 vezet\u0151 12C orsz\u00e1gutat is sz\u00f3rniuk kellett az \u00fatfenntart\u00f3knak a h\u00f3lerakod\u00e1sok miatt.<br \/>\n<div class=\"ads-in-post2\"><script async src=\"https:\/\/pagead2.googlesyndication.com\/pagead\/js\/adsbygoogle.js\"><\/script>\r\n<ins class=\"adsbygoogle\"\r\n     style=\"display:block\"\r\n     data-ad-format=\"fluid\"\r\n     data-ad-layout-key=\"-6t+ed+2i-1n-4w\"\r\n     data-ad-client=\"ca-pub-1959107119989764\"\r\n     data-ad-slot=\"4008251320\"><\/ins>\r\n<script>\r\n     (adsbygoogle = window.adsbygoogle || []).push({});\r\n<\/script><\/div>\n    A rom\u00e1n meteorol\u00f3giai szolg\u00e1lat 17 \u00f3r\u00e1s adatai szerint csaknem az eg\u00e9sz Sz\u00e9kelyf\u00f6ld\u00f6n az id\u0151szaknak megfelel\u0151n\u00e9l alacsonyabb h\u0151m\u00e9rs\u00e9kleti adatokat m\u00e9rtek. Cs\u00edkszered\u00e1ban h\u00e1rom, Gyergy\u00f3alfaluban \u00f6t, Sz\u00e9kelyudvarhelyen, K\u00e9zdiv\u00e1s\u00e1rhelyen \u00e9s Bar\u00f3ton hat, Sepsiszentgy\u00f6rgy\u00f6n nyolc fokot m\u00e9rtek.(MTI)<\/p>\n","protected":false},"excerpt":{"rendered":"<p>Havazik Hargita megye hegyvid\u00e9k\u00e9n, ahol h\u00e9tf\u0151 reggel \u00f3ta jelent\u0151s h\u00f3r\u00e9teg rak\u00f3dott le &#8211; \u00edrja az Agerpres h\u00edr\u00fcgyn\u00f6ks\u00e9g.<\/p>\n","protected":false},"author":1001003,"featured_media":0,"comment_status":"closed","ping_status":"open","sticky":false,"template":"","format":"standard","meta":[],"categories":[12],"tags":[],"_links":{"self":[{"href":"https:\/\/gazdasagportal.hu\/index.php\/wp-json\/wp\/v2\/posts\/115409"}],"collection":[{"href":"https:\/\/gazdasagportal.hu\/index.php\/wp-json\/wp\/v2\/posts"}],"about":[{"href":"https:\/\/gazdasagportal.hu\/index.php\/wp-json\/wp\/v2\/types\/post"}],"author":[{"embeddable":true,"href":"https:\/\/gazdasagportal.hu\/index.php\/wp-json\/wp\/v2\/users\/1001003"}],"replies":[{"embeddable":true,"href":"https:\/\/gazdasagportal.hu\/index.php\/wp-json\/wp\/v2\/comments?post=115409"}],"version-history":[{"count":1,"href":"https:\/\/gazdasagportal.hu\/index.php\/wp-json\/wp\/v2\/posts\/115409\/revisions"}],"predecessor-version":[{"id":115410,"href":"https:\/\/gazdasagportal.hu\/index.php\/wp-json\/wp\/v2\/posts\/115409\/revisions\/115410"}],"wp:attachment":[{"href":"https:\/\/gazdasagportal.hu\/index.php\/wp-json\/wp\/v2\/media?parent=115409"}],"wp:term":[{"taxonomy":"category","embeddable":true,"href":"https:\/\/gazdasagportal.hu\/index.php\/wp-json\/wp\/v2\/categories?post=115409"},{"taxonomy":"post_tag","embeddable":true,"href":"https:\/\/gazdasagportal.hu\/index.php\/wp-json\/wp\/v2\/tags?post=115409"}],"curies":[{"name":"wp","href":"https:\/\/api.w.org\/{rel}","templated":true}]}}