{"id":115405,"date":"2019-04-22T10:12:10","date_gmt":"2019-04-22T08:12:10","guid":{"rendered":"http:\/\/gazdasagportal.hu\/?p=115405"},"modified":"2019-04-22T10:12:10","modified_gmt":"2019-04-22T08:12:10","slug":"ep-valasztas-jean-claude-juncker-harcot-hirdet-az-alhirek-ellen","status":"publish","type":"post","link":"https:\/\/gazdasagportal.hu\/index.php\/ep-valasztas-jean-claude-juncker-harcot-hirdet-az-alhirek-ellen\/","title":{"rendered":"EP-v\u00e1laszt\u00e1s &#8211; Jean-Claude Juncker harcot hirdet az \u00e1lh\u00edrek ellen"},"content":{"rendered":"<p><strong>Harcot hirdet az \u00e1lh\u00edrek (fake news) ellen Jean-Claude Juncker, az Eur\u00f3pai Bizotts\u00e1g eln\u00f6ke.<\/strong><!--more--><\/p>\n<div class=\"ads-in-post1\"><div id=\"gazdasagportal.hu_fullbanner_wideboard\"><\/div>\r\n<\/div>\n<p>    A kereszt\u00e9nydemokrata luxemburgi politikus a Berliner Morgenpost c\u00edm\u0171 n\u00e9met lap h\u00edrport\u00e1lj\u00e1n h\u00e9tf\u0151n ismertetett nyilatkozat\u00e1ban kiemelte, hogy az eur\u00f3pai parlamenti (EP-) v\u00e1laszt\u00e1s kamp\u00e1ny\u00e1nak id\u0151szak\u00e1ban szem\u00e9lyesen is fell\u00e9p az Eur\u00f3pai Uni\u00f3t (EU) vagy a k\u00f6z\u00f6ss\u00e9g javaslattev\u0151 \u00e9s v\u00e9grehajt\u00f3 int\u00e9zm\u00e9ny\u00e9t, az \u00e1ltala vezetett br\u00fcsszeli test\u00fcletet \u00e9rint\u0151 alaptalan h\u00edresztel\u00e9sekkel szemben.<br \/>\n    &#8222;Reag\u00e1lnunk kell, ha korm\u00e1nyok olyan \u00e1ll\u00edt\u00e1sokat tesznek az EU-r\u00f3l vagy a bizotts\u00e1gr\u00f3l, amelyek nem felelnek meg a val\u00f3s\u00e1gnak&#8221; &#8211; mondta Jean-Claude Juncker.<br \/>\n    Hozz\u00e1tette, hogy ebben a tev\u00e9kenys\u00e9gben szem\u00e9lyesen is r\u00e9szt vesz a k\u00f6vetkez\u0151 hetekben. Mint mondta, &#8222;h\u00fasv\u00e9t ut\u00e1n, szerd\u00e1t\u00f3l visszal\u00f6v\u00fcnk&#8221;.<br \/>\n<div class=\"ads-in-post2\"><script async src=\"https:\/\/pagead2.googlesyndication.com\/pagead\/js\/adsbygoogle.js\"><\/script>\r\n<ins class=\"adsbygoogle\"\r\n     style=\"display:block\"\r\n     data-ad-format=\"fluid\"\r\n     data-ad-layout-key=\"-6t+ed+2i-1n-4w\"\r\n     data-ad-client=\"ca-pub-1959107119989764\"\r\n     data-ad-slot=\"4008251320\"><\/ins>\r\n<script>\r\n     (adsbygoogle = window.adsbygoogle || []).push({});\r\n<\/script><\/div>\n    Kifejtette, hogy EU-tag\u00e1llamok korm\u00e1nyainak r\u00e9sz\u00e9r\u0151l is tapasztalhat\u00f3 igyekezet az EP-v\u00e1laszt\u00e1s befoly\u00e1sol\u00e1s\u00e1t c\u00e9lz\u00f3 manipul\u00e1ci\u00f3ra. Nemcsak Oroszorsz\u00e1g, hanem EU-s tagorsz\u00e1gok is megpr\u00f3b\u00e1lj\u00e1k &#8222;fake news r\u00e9v\u00e9n terelgetni a v\u00e1laszt\u00f3i akaratot egy bizonyos ir\u00e1nyba&#8221;.<br \/>\n    A Berliner Morgenpost besz\u00e1mol\u00f3ja szerint az Eur\u00f3pai Bizotts\u00e1g eln\u00f6ke Orb\u00e1n Viktor magyar korm\u00e1nyf\u0151t eml\u00edtette p\u00e9ldak\u00e9nt. Mint mondta, Orb\u00e1n azt \u00e1ll\u00edtja, hogy \u0151t terheli a felel\u0151ss\u00e9g a brit EU-tags\u00e1g megsz\u00fcntet\u00e9s\u00e9\u00e9rt (Brexit), pedig meggy\u0151z\u0151 bizony\u00edt\u00e9kok sz\u00f3lnak ennek az ellenkez\u0151j\u00e9r\u0151l.<br \/>\n    &#8222;A magyar korm\u00e1ny azt is \u00e1ll\u00edtja, hogy \u00e9n vagyok a hib\u00e1s Eur\u00f3pa kelet-nyugati megosztotts\u00e1g\u00e1\u00e9rt, holott a bizotts\u00e1g mindent megtett ezeknek az \u00e1rkoknak a betemet\u00e9s\u00e9\u00e9rt&#8221; &#8211; mondta Jean-Claude Juncker.<br \/>\n(MTI)<\/p>\n","protected":false},"excerpt":{"rendered":"<p>Harcot hirdet az \u00e1lh\u00edrek (fake news) ellen Jean-Claude Juncker, az Eur\u00f3pai Bizotts\u00e1g eln\u00f6ke.<\/p>\n","protected":false},"author":1001003,"featured_media":0,"comment_status":"closed","ping_status":"open","sticky":false,"template":"","format":"standard","meta":[],"categories":[12],"tags":[],"_links":{"self":[{"href":"https:\/\/gazdasagportal.hu\/index.php\/wp-json\/wp\/v2\/posts\/115405"}],"collection":[{"href":"https:\/\/gazdasagportal.hu\/index.php\/wp-json\/wp\/v2\/posts"}],"about":[{"href":"https:\/\/gazdasagportal.hu\/index.php\/wp-json\/wp\/v2\/types\/post"}],"author":[{"embeddable":true,"href":"https:\/\/gazdasagportal.hu\/index.php\/wp-json\/wp\/v2\/users\/1001003"}],"replies":[{"embeddable":true,"href":"https:\/\/gazdasagportal.hu\/index.php\/wp-json\/wp\/v2\/comments?post=115405"}],"version-history":[{"count":1,"href":"https:\/\/gazdasagportal.hu\/index.php\/wp-json\/wp\/v2\/posts\/115405\/revisions"}],"predecessor-version":[{"id":115406,"href":"https:\/\/gazdasagportal.hu\/index.php\/wp-json\/wp\/v2\/posts\/115405\/revisions\/115406"}],"wp:attachment":[{"href":"https:\/\/gazdasagportal.hu\/index.php\/wp-json\/wp\/v2\/media?parent=115405"}],"wp:term":[{"taxonomy":"category","embeddable":true,"href":"https:\/\/gazdasagportal.hu\/index.php\/wp-json\/wp\/v2\/categories?post=115405"},{"taxonomy":"post_tag","embeddable":true,"href":"https:\/\/gazdasagportal.hu\/index.php\/wp-json\/wp\/v2\/tags?post=115405"}],"curies":[{"name":"wp","href":"https:\/\/api.w.org\/{rel}","templated":true}]}}