{"id":115403,"date":"2019-04-22T09:26:41","date_gmt":"2019-04-22T07:26:41","guid":{"rendered":"http:\/\/gazdasagportal.hu\/?p=115403"},"modified":"2019-04-22T09:26:41","modified_gmt":"2019-04-22T07:26:41","slug":"a-lakaspiac-lendulete-es-az-emelkedo-jovedelmek-felporgetik-az-iparcikkek-forgalmat","status":"publish","type":"post","link":"https:\/\/gazdasagportal.hu\/index.php\/a-lakaspiac-lendulete-es-az-emelkedo-jovedelmek-felporgetik-az-iparcikkek-forgalmat\/","title":{"rendered":"A lak\u00e1spiac lend\u00fclete \u00e9s az emelked\u0151 j\u00f6vedelmek felp\u00f6rgetik az iparcikkek forgalm\u00e1t"},"content":{"rendered":"<p><strong>A kiskereskedelem \u00e1tlagos n\u00f6veked\u00e9si \u00fctem\u00e9t jelent\u0151sen meghaladja a nagyobb \u00e9rt\u00e9k\u0171 iparcikkek forgalm\u00e1nak b\u0151v\u00fcl\u00e9se, ennek oka szak\u00e9rt\u0151k szerint els\u0151sorban a j\u00f6vedelmek emelked\u00e9se \u00e9s a lak\u00e1spiaci fellend\u00fcl\u00e9s.<\/strong><!--more--><\/p>\n<div class=\"ads-in-post1\"><div id=\"gazdasagportal.hu_fullbanner_wideboard\"><\/div>\r\n<\/div>\n<p>    Egyre er\u0151teljesebb a nagyobb \u00e9rt\u00e9k\u0171 tart\u00f3s iparcikkek, b\u00fatorok, m\u0171szaki cikkek forgalm\u00e1nak n\u00f6veked\u00e9si \u00fcteme &#8211; mondta V\u00e1mos Gy\u00f6rgy, az Orsz\u00e1gos Kereskedelmi Sz\u00f6vets\u00e9g (OKSZ) f\u0151titk\u00e1ra az MTI-nek.<br \/>\n    A kiskereskedelmi forgalom a v\u00e1ls\u00e1g ut\u00e1n 2013 m\u00e1sodik fel\u00e9t\u0151l indult n\u00f6veked\u00e9snek, de a nem \u00e9lelmiszer-term\u00e9kek k\u00f6z\u00fcl el\u0151sz\u00f6r a kisebb \u00e9rt\u00e9k\u0171ek, p\u00e9ld\u00e1ul a ruh\u00e1zati cikkek, kisebb h\u00e1ztart\u00e1si felszerel\u00e9sek ir\u00e1nt \u00e9l\u00e9nk\u00fclt meg az \u00e9rdekl\u0151d\u00e9s. A h\u00e1ztart\u00e1sok p\u00e9nz\u00fcgyi helyzet\u00e9nek fokozatos er\u0151s\u00f6d\u00e9s\u00e9vel ker\u00fcltek egyre jobban el\u0151t\u00e9rbe a nagyobb \u00e9rt\u00e9k\u0171 term\u00e9kek &#8211; fejtette ki.<br \/>\n    M\u00e1r harmadik \u00e9ve n\u0151 10 sz\u00e1zal\u00e9k feletti \u00fctemben a havi brutt\u00f3 \u00e1tlagkereset Magyarorsz\u00e1gon, emellett a lak\u00e1s\u00e9p\u00edt\u00e9sek felfut\u00e1sa is er\u0151s\u00edti a fogyaszt\u00e1st &#8211; mutatott r\u00e1 a szakember.<br \/>\n    Az OKSZ f\u0151titk\u00e1ra \u00fagy l\u00e1tja, hogy a korm\u00e1nyzati int\u00e9zked\u00e9sek, a csal\u00e1di otthonteremt\u00e9si kedvezm\u00e9nyek kib\u0151v\u00edt\u00e9se tov\u00e1bb er\u0151s\u00edtik a lak\u00e1spiacot, ami &#8222;h\u00fazza&#8221; majd az ehhez kapcsol\u00f3d\u00f3 term\u00e9kek ir\u00e1nti keresletet is.<br \/>\n<div class=\"ads-in-post2\"><script async src=\"https:\/\/pagead2.googlesyndication.com\/pagead\/js\/adsbygoogle.js\"><\/script>\r\n<ins class=\"adsbygoogle\"\r\n     style=\"display:block\"\r\n     data-ad-format=\"fluid\"\r\n     data-ad-layout-key=\"-6t+ed+2i-1n-4w\"\r\n     data-ad-client=\"ca-pub-1959107119989764\"\r\n     data-ad-slot=\"4008251320\"><\/ins>\r\n<script>\r\n     (adsbygoogle = window.adsbygoogle || []).push({});\r\n<\/script><\/div>\n    Az Ikea k\u00e9tsz\u00e1mjegy\u0171 n\u00f6veked\u00e9st \u00e9rt el Magyarorsz\u00e1gon az ut\u00f3bbi \u00f6t p\u00e9nz\u00fcgyi \u00e9vben, ebben az id\u0151szakban \u00e1rbev\u00e9tele \u00f6sszesen 82 sz\u00e1zal\u00e9kkal emelkedett &#8211; k\u00f6z\u00f6lte a lakberendez\u00e9si v\u00e1llalat az MTI megkeres\u00e9s\u00e9re. A t\u00e1rsas\u00e1g szerint a n\u00f6veked\u00e9s oka a lakberendez\u00e9si term\u00e9kek ir\u00e1nti t\u00f6retlen \u00e9rdekl\u0151d\u00e9s, illetve az ingatlanpiaci p\u00f6rg\u00e9s.<br \/>\n    Az Ikea nett\u00f3 \u00e1rbev\u00e9tele 23,3 sz\u00e1zal\u00e9kkal, 75,5 milli\u00e1rd forintra n\u0151tt a 2017. szeptember 1-t\u0151l 2018. augusztus 31-ig tart\u00f3 2018-as p\u00e9nz\u00fcgyi \u00e9vben az el\u0151z\u0151h\u00f6z k\u00e9pest. A 2017-es p\u00e9nz\u00fcgyi \u00e9vben 61 milli\u00e1rd forint volt a nett\u00f3 \u00e1rbev\u00e9tel, ami 14 sz\u00e1zal\u00e9kos n\u00f6veked\u00e9s, a 2016-os p\u00e9nz\u00fcgyi \u00e9vet 53,8 milli\u00e1rd forint nett\u00f3 \u00e1rbev\u00e9tellel z\u00e1rt\u00e1k, ami 14,5 sz\u00e1zal\u00e9kkal haladta meg az el\u0151z\u0151 \u00e9vit, a 2015-\u00f6s p\u00e9nz\u00fcgyi \u00e9vben pedig 47 milli\u00e1rd forint nett\u00f3 \u00e1rbev\u00e9telt \u00e9rtek el, 14,6 sz\u00e1zal\u00e9kkal t\u00f6bbet a kor\u00e1bbin\u00e1l.<br \/>\n    Az ut\u00f3bbi \u00e9vek adatai alapj\u00e1n a m\u00e1rciusi \u00e9s az \u00e1prilisi forgalom szinte teljesen egyezik, mindk\u00e9t h\u00f3nap k\u00f6r\u00fclbel\u00fcl 7 sz\u00e1zal\u00e9k\u00e1t, \u00f6sszesen 14 sz\u00e1zal\u00e9k\u00e1t teszi ki az \u00e9ves forgalomnak. Jelent\u0151s emelked\u00e9st augusztust\u00f3l decemberig tapasztalnak.     A tavaszi h\u00f3napokban a szezon\u00e1lis term\u00e9kek, p\u00e9ld\u00e1ul a k\u00fclt\u00e9ri b\u00fatorok ir\u00e1nt n\u0151 meg a kereslet. Erre az id\u0151szakra sokan id\u0151z\u00edtik fel\u00faj\u00edt\u00e1saikat, a konyha \u00e9s a nappali a k\u00e9t kiemelt ter\u00fclet, a megv\u00e1s\u00e1rolt term\u00e9kek t\u00f6bbs\u00e9ge az \u00e9tkez\u00e9s, pihen\u00e9s, otthoni tart\u00f3zkod\u00e1s, t\u00e1rol\u00e1s k\u00f6r\u00e9 csoportosul &#8211; jelezte az Ikea.<br \/>\n    A Praktiker szint\u00e9n azt k\u00f6z\u00f6lte, hogy tov\u00e1bbra is j\u00f3l \u00e9rz\u00e9kelhet\u0151 a v\u00e1s\u00e1rl\u00e1si kedv. F\u0151leg a kiterjesztett csal\u00e1dt\u00e1mogat\u00e1si rendszernek, illetve a kedvez\u0151 banki finansz\u00edroz\u00e1si lehet\u0151s\u00e9geknek k\u00f6sz\u00f6nhet\u0151en, m\u00e1sr\u00e9szt a bark\u00e1cs\u00e1ruh\u00e1zl\u00e1nc jelent\u0151sen \u00e1talak\u00edtott, kib\u0151v\u00edtett \u00e1ruk\u00edn\u00e1lata is seg\u00edti a forgalom b\u0151v\u00fcl\u00e9s\u00e9t.<br \/>\n    A Praktiker rekordforgalmat \u00e9rt el 2017-ben, nett\u00f3 47,8 milli\u00e1rd forintos \u00e1rbev\u00e9tele 22 sz\u00e1zal\u00e9kkal, 8,6 milli\u00e1rd forinttal meghaladta az el\u0151z\u0151 \u00e9vit. A 2016-os \u00e1rbev\u00e9tel mintegy 20 sz\u00e1zal\u00e9kkal, 39,2 milli\u00e1rd forintra n\u0151tt. A 2015-\u00f6s \u00e1rbev\u00e9tel 32,5 milli\u00e1rd forint volt, a v\u00e1llalat t\u00f6bb mint 7 milli\u00e1rd forinttal n\u00f6velte forgalm\u00e1t az el\u0151z\u0151 \u00e9vihez k\u00e9pest, ezzel hat \u00e9v cs\u00f6kken\u00e9s ut\u00e1n pozit\u00edvba fordult a c\u00e9g m\u00e9rlege.<br \/>\n    A bark\u00e1cs\u00e1ruh\u00e1z arr\u00f3l sz\u00e1molt be, hogy a szezon\u00e1lis term\u00e9kek ir\u00e1nti kereslet jelent\u0151sen megn\u00f6veli a forgalmat, a tavaszi \u00e9s ny\u00e1ri term\u00e9kek \u00e9rt\u00e9kes\u00edt\u00e9s\u00e9b\u0151l sz\u00e1rmaz\u00f3 bev\u00e9tel ak\u00e1r k\u00e9tsz\u00e1mjegy\u0171 t\u00f6bbletet is eredm\u00e9nyezhet a t\u00e9li h\u00f3napokhoz k\u00e9pest. Id\u00e9n a m\u00e1rciusi \u00e1rbev\u00e9tel t\u00f6bb mint 20 sz\u00e1zal\u00e9kkal haladta meg a febru\u00e1rit. K\u00fcl\u00f6n\u00f6sen sok fogy kerti k\u00e9ziszersz\u00e1mokb\u00f3l, kerti motoros g\u00e9pekb\u0151l, ker\u00edt\u00e9sekb\u0151l, fest\u00e9kekb\u0151l, \u00f6nt\u00f6z\u00e9stechnikai term\u00e9kekb\u0151l, szol\u00e1r l\u00e1mp\u00e1kb\u00f3l, grillekb\u0151l, valamint k\u00fclt\u00e9ri garnit\u00far\u00e1kb\u00f3l, a j\u00f3 id\u0151 bek\u00f6sz\u00f6nt\u00e9vel ezekn\u00e9l a term\u00e9kekn\u00e9l ak\u00e1r 20 sz\u00e1zal\u00e9kos n\u00f6veked\u00e9s is tapasztalhat\u00f3 egy \u00e1tlagos h\u00f3naphoz k\u00e9pest.<br \/>\n    Az Euronics m\u0171szaki \u00e1ruh\u00e1zl\u00e1nc tapasztalatai szerint m\u00e9g mindig p\u00f6rgetik a m\u0171szaki piacot a v\u00e1ls\u00e1g \u00e9veiben visszafogott v\u00e1s\u00e1rl\u00e1sok, \u00fajra megjelentek azok a v\u00e1s\u00e1rl\u00f3k, akik eddig halogatt\u00e1k h\u00e1ztart\u00e1si g\u00e9peik cser\u00e9j\u00e9t. A kedvez\u0151 otthonteremt\u00e9si felt\u00e9telek \u00e9s a p\u00f6rg\u0151 ingatlanpiac szint\u00e9n a kereslet n\u00f6veked\u00e9s\u00e9t vonja maga ut\u00e1n.<br \/>\n    A m\u0171szaki piacon az \u00e1ruhitel-kihelyez\u00e9s nagyon fontos, a hitelfelv\u00e9teli kedv fokoz\u00f3dott az elm\u00falt \u00e9vekben. A b\u00e9rek stabil emelked\u00e9se szint\u00e9n hozz\u00e1j\u00e1rul ahhoz, hogy a fogyaszt\u00f3k megengedhetnek maguknak olyan term\u00e9keket is, amelyeket kor\u00e1bban nem v\u00e1s\u00e1roltak meg, vagy eltolt\u00e1k a beszerz\u00e9st. Emellett a tavaly az \u00e1llami Otthon melege program, illetve t\u00f6bb sportesem\u00e9ny is n\u00f6velte a keresletet &#8211; hangs\u00falyozta az Euronics.<br \/>\n    A m\u0171szaki \u00e1ruh\u00e1zl\u00e1nc \u00e1rbev\u00e9tele 63 milli\u00e1rd forint volt tavaly, a 2017-es 52,1 milli\u00e1rd, a 2016-os 49,6 milli\u00e1rd \u00e9s a 2015-\u00f6s 46,3 milli\u00e1rd forint ut\u00e1n.<br \/>\n    A tavaly lez\u00e1rult Otthon melege programban mos\u00f3g\u00e9pek \u00e9s h\u0171t\u0151szekr\u00e9nyek energiahat\u00e9konys\u00e1gi cser\u00e9j\u00e9re lehetett p\u00e1ly\u00e1zni, a bev\u00e1lt\u00e1sok id\u00e9n janu\u00e1rban kezd\u0151dtek, de a rohamra m\u00e9g \u00e1prilisban is sz\u00e1m\u00edt az Euronics. Ez nagyban hozz\u00e1j\u00e1rul az \u00e9v eleji kiemelked\u0151 teljes\u00edtm\u00e9nyhez. A h\u00e1ztart\u00e1si kisg\u00e9pek k\u00f6z\u00fcl tavasszal meg\u00e9l\u00e9nk\u00fcl a porsz\u00edv\u00f3k, takar\u00edt\u00f3g\u00e9pek, illetve a kisebb konyhai g\u00e9pek v\u00e1s\u00e1rl\u00e1sa &#8211; k\u00f6z\u00f6lt\u00e9k.<br \/>\n    A MediaMarkt tapasztalatai szerint a kor\u00e1bban elhalasztott v\u00e1s\u00e1rl\u00e1sok jelent\u0151s\u00e9ge folyamatosan cs\u00f6kken. Az elm\u00falt h\u00f3napokban az Otthon melege program gener\u00e1lt kiemelked\u0151 forgalmat, emellett a lak\u00e1s\u00e9p\u00edt\u00e9sek n\u00f6velt\u00e9k a m\u0171szaki cikkek ir\u00e1nti \u00e9rdekl\u0151d\u00e9st. A m\u0171szaki \u00e1ruh\u00e1zl\u00e1ncn\u00e1l a novemberi \u00e9s a kar\u00e1csonyi id\u0151szak forgalma kiemelked\u0151, de ez a tendencia folytat\u00f3dik az idei \u00e9v els\u0151 fel\u00e9ben is &#8211; k\u00f6z\u00f6lt\u00e9k az MTI-vel.(MTI)<\/p>\n","protected":false},"excerpt":{"rendered":"<p>A kiskereskedelem \u00e1tlagos n\u00f6veked\u00e9si \u00fctem\u00e9t jelent\u0151sen meghaladja a nagyobb \u00e9rt\u00e9k\u0171 iparcikkek forgalm\u00e1nak b\u0151v\u00fcl\u00e9se, ennek oka szak\u00e9rt\u0151k szerint els\u0151sorban a j\u00f6vedelmek emelked\u00e9se \u00e9s a lak\u00e1spiaci fellend\u00fcl\u00e9s.<\/p>\n","protected":false},"author":1001003,"featured_media":0,"comment_status":"closed","ping_status":"open","sticky":false,"template":"","format":"standard","meta":[],"categories":[4,19],"tags":[],"_links":{"self":[{"href":"https:\/\/gazdasagportal.hu\/index.php\/wp-json\/wp\/v2\/posts\/115403"}],"collection":[{"href":"https:\/\/gazdasagportal.hu\/index.php\/wp-json\/wp\/v2\/posts"}],"about":[{"href":"https:\/\/gazdasagportal.hu\/index.php\/wp-json\/wp\/v2\/types\/post"}],"author":[{"embeddable":true,"href":"https:\/\/gazdasagportal.hu\/index.php\/wp-json\/wp\/v2\/users\/1001003"}],"replies":[{"embeddable":true,"href":"https:\/\/gazdasagportal.hu\/index.php\/wp-json\/wp\/v2\/comments?post=115403"}],"version-history":[{"count":1,"href":"https:\/\/gazdasagportal.hu\/index.php\/wp-json\/wp\/v2\/posts\/115403\/revisions"}],"predecessor-version":[{"id":115404,"href":"https:\/\/gazdasagportal.hu\/index.php\/wp-json\/wp\/v2\/posts\/115403\/revisions\/115404"}],"wp:attachment":[{"href":"https:\/\/gazdasagportal.hu\/index.php\/wp-json\/wp\/v2\/media?parent=115403"}],"wp:term":[{"taxonomy":"category","embeddable":true,"href":"https:\/\/gazdasagportal.hu\/index.php\/wp-json\/wp\/v2\/categories?post=115403"},{"taxonomy":"post_tag","embeddable":true,"href":"https:\/\/gazdasagportal.hu\/index.php\/wp-json\/wp\/v2\/tags?post=115403"}],"curies":[{"name":"wp","href":"https:\/\/api.w.org\/{rel}","templated":true}]}}