{"id":115378,"date":"2019-04-19T12:42:47","date_gmt":"2019-04-19T10:42:47","guid":{"rendered":"http:\/\/gazdasagportal.hu\/?p=115378"},"modified":"2019-04-18T17:43:42","modified_gmt":"2019-04-18T15:43:42","slug":"megvalosult-a-pg-kuldetese-hogy-a-legjobb-munkahellye-valjon","status":"publish","type":"post","link":"https:\/\/gazdasagportal.hu\/index.php\/megvalosult-a-pg-kuldetese-hogy-a-legjobb-munkahellye-valjon\/","title":{"rendered":"Megval\u00f3sult a P&#038;G k\u00fcldet\u00e9se, hogy a legjobb munkahelly\u00e9 v\u00e1ljon"},"content":{"rendered":"<p><strong><em>Id\u00e9n \u00e1prilisban hatodik alkalommal adt\u00e1k \u00e1t a vil\u00e1g legnagyobb f\u00fcggetlen munk\u00e1ltat\u00f3i m\u00e1rkakutat\u00e1s\u00e1n alapul\u00f3 Randstad Employer Brand hazai d\u00edjait, a Randstad Awardot, amelyen a Procter&amp;Gamble elnyerte az FMCG szektor legjobb munk\u00e1ltat\u00f3ja d\u00edjat.<\/em><\/strong><!--more--><\/p>\n<div class=\"ads-in-post1\"><div id=\"gazdasagportal.hu_fullbanner_wideboard\"><\/div>\r\n<\/div>\n<p>&nbsp;<\/p>\n<p>A Randstad Employer Branding kutat\u00e1s a vil\u00e1g legnagyobb f\u00fcggetlen felm\u00e9r\u00e9se a\u00a0munk\u00e1ltat\u00f3i m\u00e1rk\u00e1kr\u00f3l, amely a vil\u00e1ggazdas\u00e1g t\u00f6bb, mint 75 sz\u00e1zal\u00e9k\u00e1t lefedve 32 orsz\u00e1g\u00a0munkaer\u0151piac\u00e1t vizsg\u00e1lja. A kutat\u00e1s a legnagyobb munkaad\u00f3k \u00e9s a\u00a0k\u00fcl\u00f6nb\u00f6z\u0151 szektorok meg\u00edt\u00e9l\u00e9se mellett a munkaer\u0151piac legfontosabb mozgat\u00f3rug\u00f3it elemzi.<\/p><div id=\"gazda-941501369\" class=\"gazda-tartalomban gazda-entity-placement\"><script async src=\"https:\/\/pagead2.googlesyndication.com\/pagead\/js\/adsbygoogle.js\"><\/script>\r\n<ins class=\"adsbygoogle\"\r\n     style=\"display:block\"\r\n     data-ad-format=\"fluid\"\r\n     data-ad-layout-key=\"-6t+ed+2i-1n-4w\"\r\n     data-ad-client=\"ca-pub-1959107119989764\"\r\n     data-ad-slot=\"4008251320\"><\/ins>\r\n<script>\r\n     (adsbygoogle = window.adsbygoogle || []).push({});\r\n<\/script><\/div>\n<p>2019-ben m\u00e1r hatodik alkalommal d\u00edjazt\u00e1k Magyarorsz\u00e1g\u00a0legvonz\u00f3bb munk\u00e1ltat\u00f3it.\u00a0Felm\u00e9r\u00e9s\u00fck szerint tov\u00e1bbra is a fizet\u00e9s \u00e9s a munkahelyi l\u00e9gk\u00f6r a k\u00e9t legfontosabb munkahelyv\u00e1laszt\u00e1si szempont, de a fizikai elhelyezked\u00e9s, a munka-mag\u00e1n\u00e9let egyens\u00falya, a soksz\u00edn\u0171, t\u00e1mogat\u00f3 l\u00e9gk\u00f6r, a t\u00e1rsadalmi felel\u0151ss\u00e9gv\u00e1llal\u00e1s \u00e9s a szolg\u00e1ltat\u00e1sok, term\u00e9kek min\u0151s\u00e9ge is egyre hangs\u00falyosabb szerepet kap: \u00e9vr\u0151l \u00e9vre dinamikusan n\u0151 jelent\u0151s\u00e9g\u00fck a munkav\u00e1llal\u00f3k szem\u00e9ben.<\/p>\n<p>&nbsp;<br \/>\n<div class=\"ads-in-post2\"><script async src=\"https:\/\/pagead2.googlesyndication.com\/pagead\/js\/adsbygoogle.js\"><\/script>\r\n<ins class=\"adsbygoogle\"\r\n     style=\"display:block\"\r\n     data-ad-format=\"fluid\"\r\n     data-ad-layout-key=\"-6t+ed+2i-1n-4w\"\r\n     data-ad-client=\"ca-pub-1959107119989764\"\r\n     data-ad-slot=\"4008251320\"><\/ins>\r\n<script>\r\n     (adsbygoogle = window.adsbygoogle || []).push({});\r\n<\/script><\/div>\n<p>A Procter&amp;Gamble b\u00fcszke munk\u00e1ltat\u00f3i j\u00f3 h\u00edrnev\u00e9re, \u00e9s a v\u00e1llalat er\u0151fesz\u00edt\u00e9sei m\u00e9lt\u00e1n nyert\u00e9k el id\u00e9n az FMCG szektor legjobb munk\u00e1ltat\u00f3ja d\u00edj\u00e1t. A P&amp;G, haz\u00e1nkban t\u00f6bb mint 1500 munkav\u00e1llal\u00f3j\u00e1val folyamatosan t\u00e9rk\u00e9pezi fel a k\u00fcl\u00f6nb\u00f6z\u0151 gener\u00e1ci\u00f3k k\u00fcl\u00f6nf\u00e9le ig\u00e9nyeit, egyre er\u0151teljesebben f\u00f3kusz\u00e1lva a Z gener\u00e1ci\u00f3ra, akik az Y gener\u00e1ci\u00f3val egy\u00fctt a legnagyobb sz\u00e1m\u00fa munkav\u00e1llal\u00f3k a hum\u00e1ner\u0151piacon: 2025-re a glob\u00e1lis munkaer\u0151 75%-\u00e1t teszik ki.<\/p>\n<p>&nbsp;<\/p>\n<p>Ahogyan a v\u00e1llalat legut\u00f3bbi, a CEMS (Community of European Management Schools) \u00e1prilisi \u00e9ves konferenci\u00e1n v\u00e9gzett felm\u00e9r\u00e9se is r\u00e1vil\u00e1g\u00edtott, ez a gener\u00e1ci\u00f3 els\u0151sorban mentor\u00e1l\u00e1si lehet\u0151s\u00e9geket \u00e9s olyan vezet\u0151ket keres a v\u00e1llalatokn\u00e1l, akik nemcsak mentor\u00e1lj\u00e1k a munkav\u00e1llal\u00f3kat, hanem seg\u00edtenek megtal\u00e1lni az optim\u00e1lis karrierlehet\u0151s\u00e9get a c\u00e9gen bel\u00fcl. A kiel\u00e9g\u00edt\u0151 fizet\u00e9s mellett a munka-mag\u00e1n\u00e9let megfelel\u0151 egyens\u00falya is kiemelten fontos sz\u00e1mukra, valamint kih\u00edv\u00e1sokkal teli, nemzetk\u00f6zi lehet\u0151s\u00e9geket is k\u00edn\u00e1l\u00f3 \u00e1ll\u00e1sra v\u00e1gynak.<\/p>\n<p>&nbsp;<\/p>\n<p>A P&amp;G karrier \u00e9s munk\u00e1ltat\u00f3i programja mindezt megadja, s\u0151t m\u00e9g t\u00f6bbet is k\u00edn\u00e1l. A v\u00e1llalat elk\u00f6telezett amellett, hogy nyitott, befogad\u00f3 \u00e9s er\u0151s\u00edt\u0151 kult\u00far\u00e1t \u00e9p\u00edtsen, ahol a nagyszer\u0171 munk\u00e1t elismerik \u00e9s jutalmazz\u00e1k. A c\u00e9g gondoskodik a munkav\u00e1llal\u00f3k szem\u00e9lyes j\u00f3ll\u00e9t\u00e9r\u0151l, sz\u00e1mos programot vezetett be annak t\u00e1mogat\u00e1s\u00e1ra, t\u00f6bbek k\u00f6z\u00f6tt rugalmas munkav\u00e9gz\u00e9st, eg\u00e9szs\u00e9g\u00fcgyi \u00e9s szoci\u00e1lis t\u00e1mogat\u00e1st, valamint a versenyk\u00e9pes fizet\u00e9st biztos\u00edt. Leg\u00fajabb programja, amelyet els\u0151k\u00e9nt id\u00e9n m\u00e1rciusban vezetett be Magyarorsz\u00e1gon, az apas\u00e1gi szabads\u00e1g, amelynek keret\u00e9ben 2 h\u00f3napos fizetett t\u00e1voll\u00e9tet biztos\u00edt az \u00fajdons\u00fclt ap\u00e1knak.<\/p>\n","protected":false},"excerpt":{"rendered":"<p>Id\u00e9n \u00e1prilisban hatodik alkalommal adt\u00e1k \u00e1t a vil\u00e1g legnagyobb f\u00fcggetlen munk\u00e1ltat\u00f3i m\u00e1rkakutat\u00e1s\u00e1n alapul\u00f3 Randstad Employer Brand hazai d\u00edjait, a Randstad Awardot, amelyen a Procter&amp;Gamble elnyerte az FMCG szektor legjobb munk\u00e1ltat\u00f3ja d\u00edjat.<\/p>\n","protected":false},"author":1001003,"featured_media":0,"comment_status":"closed","ping_status":"open","sticky":false,"template":"","format":"standard","meta":[],"categories":[4,19],"tags":[],"_links":{"self":[{"href":"https:\/\/gazdasagportal.hu\/index.php\/wp-json\/wp\/v2\/posts\/115378"}],"collection":[{"href":"https:\/\/gazdasagportal.hu\/index.php\/wp-json\/wp\/v2\/posts"}],"about":[{"href":"https:\/\/gazdasagportal.hu\/index.php\/wp-json\/wp\/v2\/types\/post"}],"author":[{"embeddable":true,"href":"https:\/\/gazdasagportal.hu\/index.php\/wp-json\/wp\/v2\/users\/1001003"}],"replies":[{"embeddable":true,"href":"https:\/\/gazdasagportal.hu\/index.php\/wp-json\/wp\/v2\/comments?post=115378"}],"version-history":[{"count":1,"href":"https:\/\/gazdasagportal.hu\/index.php\/wp-json\/wp\/v2\/posts\/115378\/revisions"}],"predecessor-version":[{"id":115379,"href":"https:\/\/gazdasagportal.hu\/index.php\/wp-json\/wp\/v2\/posts\/115378\/revisions\/115379"}],"wp:attachment":[{"href":"https:\/\/gazdasagportal.hu\/index.php\/wp-json\/wp\/v2\/media?parent=115378"}],"wp:term":[{"taxonomy":"category","embeddable":true,"href":"https:\/\/gazdasagportal.hu\/index.php\/wp-json\/wp\/v2\/categories?post=115378"},{"taxonomy":"post_tag","embeddable":true,"href":"https:\/\/gazdasagportal.hu\/index.php\/wp-json\/wp\/v2\/tags?post=115378"}],"curies":[{"name":"wp","href":"https:\/\/api.w.org\/{rel}","templated":true}]}}