{"id":115369,"date":"2019-04-18T15:57:55","date_gmt":"2019-04-18T13:57:55","guid":{"rendered":"http:\/\/gazdasagportal.hu\/?p=115369"},"modified":"2019-04-18T14:58:47","modified_gmt":"2019-04-18T12:58:47","slug":"lejar-a-mandatuma-tavozik-beck-gyorgy-a-vodafone-tol","status":"publish","type":"post","link":"https:\/\/gazdasagportal.hu\/index.php\/lejar-a-mandatuma-tavozik-beck-gyorgy-a-vodafone-tol\/","title":{"rendered":"Lej\u00e1r a mand\u00e1tuma, t\u00e1vozik Beck Gy\u00f6rgy a Vodafone-t\u00f3l"},"content":{"rendered":"<p><strong>Igazgat\u00f3s\u00e1gi mand\u00e1tum\u00e1nak \u00e1prilis 30-ikai lej\u00e1rt\u00e1val t\u00e1vozik a Vodafone-t\u00f3l Beck Gy\u00f6rgy, a Vodafone Magyarorsz\u00e1g eln\u00f6ke, m\u00e1jus elsej\u00e9t\u0151l a tiszts\u00e9get a vez\u00e9rigazgat\u00f3, Amanda Nelson t\u00f6lti be, eln\u00f6k-vez\u00e9rigazgat\u00f3k\u00e9nt.<\/strong><!--more--><\/p>\n<div class=\"ads-in-post1\"><div id=\"gazdasagportal.hu_fullbanner_wideboard\"><\/div>\r\n<\/div>\n<p>    Beck Gy\u00f6rgy sajt\u00f3besz\u00e9lget\u00e9sen cs\u00fct\u00f6rt\u00f6k\u00f6n Budapesten elmondta, hogy Budai J. Gerg\u0151 vez\u00e9rigazgat\u00f3-helyettes jelenlegi poz\u00edci\u00f3ja megtart\u00e1sa mellett az Igazgat\u00f3s\u00e1g aleln\u00f6ke lesz.<br \/>\n    Beck Gy\u00f6rgy 12 \u00e9ve, 2007-ben csatlakozott a Vodafone Magyarorsz\u00e1ghoz vez\u00e9rigazgat\u00f3k\u00e9nt. Ezt a tiszts\u00e9get 2011-ig t\u00f6lt\u00f6tte be &#8211; 2009-2011-ben eln\u00f6k-vez\u00e9rigazgat\u00f3k\u00e9nt -, ezt k\u00f6vet\u0151en pedig eln\u00f6kk\u00e9nt tev\u00e9kenykedett tov\u00e1bb.<br \/>\n    A t\u00e1voz\u00f3 eln\u00f6k jelent\u0151s eredm\u00e9nynek nevezte, hogy az elm\u00falt 12 \u00e9v alatt a Vodafone a 2007-es harmadik helyr\u0151l Magyarorsz\u00e1g m\u00e1sodik legnagyobb telekommunik\u00e1ci\u00f3s szolg\u00e1ltat\u00f3ja lett a piaci r\u00e9szesed\u00e9se alapj\u00e1n.<br \/>\n<div class=\"ads-in-post2\"><script async src=\"https:\/\/pagead2.googlesyndication.com\/pagead\/js\/adsbygoogle.js\"><\/script>\r\n<ins class=\"adsbygoogle\"\r\n     style=\"display:block\"\r\n     data-ad-format=\"fluid\"\r\n     data-ad-layout-key=\"-6t+ed+2i-1n-4w\"\r\n     data-ad-client=\"ca-pub-1959107119989764\"\r\n     data-ad-slot=\"4008251320\"><\/ins>\r\n<script>\r\n     (adsbygoogle = window.adsbygoogle || []).push({});\r\n<\/script><\/div>\n    Beck Gy\u00f6rgy a visszavonul\u00e1sa ut\u00e1n tov\u00e1bbra is bet\u00f6lti a Neumann J\u00e1nos Sz\u00e1m\u00edt\u00f3g\u00e9p-tudom\u00e1nyi T\u00e1rsas\u00e1g (NJSZT) eln\u00f6ki poz\u00edci\u00f3j\u00e1t, ezzel is k\u00f6zrem\u0171k\u00f6dve az orsz\u00e1g lakoss\u00e1g\u00e1nak digitaliz\u00e1ci\u00f3ra val\u00f3 felk\u00e9sz\u00edt\u00e9s\u00e9ben, az \u00faj technol\u00f3giai megold\u00e1sok haszn\u00e1lat\u00e1ban. Folytatja a &#8222;Management \u00e9s Leadership a gyakorlatban&#8221; c\u00edm\u0171 kurzust a Corvinus Egyetem FAKT Szakkoll\u00e9gium di\u00e1kjainak, oktat, mentor\u00e1l \u00e9s az igazgat\u00f3s\u00e1g tagja a 2014-ben elind\u00edtott SEED, K\u00f6z\u00e9p-Eur\u00f3pai Menedzser Iskol\u00e1ban, melynek egyik alap\u00edt\u00f3ja is egyben. Emellett a Day One Capital P\u00e9nz\u00fcgyi Befektet\u00e9si Alap Fel\u00fcgyel\u0151 Bizotts\u00e1g\u00e1nak Eln\u00f6ke \u00e9s a Munk\u00e1ltat\u00f3k \u00e9s V\u00e1llalkoz\u00f3k Orsz\u00e1gos Sz\u00f6vets\u00e9g\u00e9nek (VOSZ) t\u00e1rseln\u00f6ke marad. A sportban a Magyar V\u00edzilabda Sz\u00f6vets\u00e9g (MVLSZ) t\u00e1rseln\u00f6kek\u00e9nt \u00e9s a Magyar Olimpiai Bizotts\u00e1g (MOB) tagjak\u00e9nt seg\u00edti a kit\u0171z\u00f6tt c\u00e9lok megval\u00f3sul\u00e1s\u00e1t &#8211; mondta.<br \/>\n    Beck Gy\u00f6rgy a Vodafone-korszakot megel\u0151z\u0151en olyan vezet\u0151 IT c\u00e9gek magyarorsz\u00e1gi vez\u00e9rigazgat\u00f3ja volt, mint a Digital, a HP \u00e9s Compaq, ut\u00f3bbi c\u00e9g r\u00e9gi\u00f3s tev\u00e9kenys\u00e9g\u00e9t is \u0151 ir\u00e1ny\u00edtotta.(MTI)<\/p>\n","protected":false},"excerpt":{"rendered":"<p>Igazgat\u00f3s\u00e1gi mand\u00e1tum\u00e1nak \u00e1prilis 30-ikai lej\u00e1rt\u00e1val t\u00e1vozik a Vodafone-t\u00f3l Beck Gy\u00f6rgy, a Vodafone Magyarorsz\u00e1g eln\u00f6ke, m\u00e1jus elsej\u00e9t\u0151l a tiszts\u00e9get a vez\u00e9rigazgat\u00f3, Amanda Nelson t\u00f6lti be, eln\u00f6k-vez\u00e9rigazgat\u00f3k\u00e9nt.<\/p>\n","protected":false},"author":1,"featured_media":0,"comment_status":"closed","ping_status":"open","sticky":false,"template":"","format":"standard","meta":[],"categories":[19],"tags":[],"_links":{"self":[{"href":"https:\/\/gazdasagportal.hu\/index.php\/wp-json\/wp\/v2\/posts\/115369"}],"collection":[{"href":"https:\/\/gazdasagportal.hu\/index.php\/wp-json\/wp\/v2\/posts"}],"about":[{"href":"https:\/\/gazdasagportal.hu\/index.php\/wp-json\/wp\/v2\/types\/post"}],"author":[{"embeddable":true,"href":"https:\/\/gazdasagportal.hu\/index.php\/wp-json\/wp\/v2\/users\/1"}],"replies":[{"embeddable":true,"href":"https:\/\/gazdasagportal.hu\/index.php\/wp-json\/wp\/v2\/comments?post=115369"}],"version-history":[{"count":1,"href":"https:\/\/gazdasagportal.hu\/index.php\/wp-json\/wp\/v2\/posts\/115369\/revisions"}],"predecessor-version":[{"id":115370,"href":"https:\/\/gazdasagportal.hu\/index.php\/wp-json\/wp\/v2\/posts\/115369\/revisions\/115370"}],"wp:attachment":[{"href":"https:\/\/gazdasagportal.hu\/index.php\/wp-json\/wp\/v2\/media?parent=115369"}],"wp:term":[{"taxonomy":"category","embeddable":true,"href":"https:\/\/gazdasagportal.hu\/index.php\/wp-json\/wp\/v2\/categories?post=115369"},{"taxonomy":"post_tag","embeddable":true,"href":"https:\/\/gazdasagportal.hu\/index.php\/wp-json\/wp\/v2\/tags?post=115369"}],"curies":[{"name":"wp","href":"https:\/\/api.w.org\/{rel}","templated":true}]}}