{"id":115347,"date":"2019-04-20T18:31:07","date_gmt":"2019-04-20T16:31:07","guid":{"rendered":"http:\/\/gazdasagportal.hu\/?p=115347"},"modified":"2019-04-18T13:32:22","modified_gmt":"2019-04-18T11:32:22","slug":"magyarorszag-egyik-legnagyobb-logisztikai-beruhazasat-kezdi-meg-aprilisban-a-pepco","status":"publish","type":"post","link":"https:\/\/gazdasagportal.hu\/index.php\/magyarorszag-egyik-legnagyobb-logisztikai-beruhazasat-kezdi-meg-aprilisban-a-pepco\/","title":{"rendered":"Magyarorsz\u00e1g egyik legnagyobb logisztikai beruh\u00e1z\u00e1s\u00e1t kezdi meg \u00e1prilisban a PEPCO"},"content":{"rendered":"<div><strong>A jelenleg tizenegy k\u00f6z\u00e9p- \u00e9s kelet-eur\u00f3pai orsz\u00e1gban m\u0171k\u00f6d\u0151 ruh\u00e1zati \u00e9s h\u00e1ztart\u00e1si cikkeket forgalmaz\u00f3 PEPCO jelent\u0151sen b\u0151v\u00edti magyarorsz\u00e1gi tev\u00e9kenys\u00e9g\u00e9t. A lengyel k\u00f6zpont\u00fa v\u00e1llalat 2019 \u00e1prilis\u00e1ban mintegy 100 000 n\u00e9gyzetm\u00e9teres disztrib\u00faci\u00f3s k\u00f6zpont beruh\u00e1z\u00e1s\u00e1t kezdi meg. A 85 milli\u00f3 eur\u00f3s projektet a magyar korm\u00e1ny 11,5 milli\u00f3 eur\u00f3val t\u00e1mogatja.<\/strong><\/div>\n<p><!--more--><\/p>\n<div class=\"ads-in-post1\"><div id=\"gazdasagportal.hu_fullbanner_wideboard\"><\/div>\r\n<\/div>\n<div>\nA\u00a0<strong>PEPCO\u00a0<\/strong>K\u00f6z\u00e9p-Eur\u00f3pa legnagyobb \u00e9s leggyorsabban n\u00f6vekv\u0151, non-food term\u00e9keket forgalmaz\u00f3 diszkont\u00e1ruh\u00e1za, amely egy disztrib\u00faci\u00f3s k\u00f6zpont \u00e9p\u00edt\u00e9s\u00e9t kezdi meg Gy\u00e1lon.<br \/>\nAz \u00faj l\u00e9tes\u00edtm\u00e9ny 140 magyarorsz\u00e1gi, valamint t\u00f6bb, mint 500 csehorsz\u00e1gi, szlov\u00e1kiai, rom\u00e1niai \u00e9s bulg\u00e1riai PEPCO \u00fczletet szolg\u00e1l majd ki.<\/p>\n<p>A 100 000 n\u00e9gyzetm\u00e9teres \u00e9p\u00fclet olyan technol\u00f3gi\u00e1kkal lesz felszerelve, mint az ikert\u00e1lc\u00e1s szort\u00edroz\u00f3, hangvez\u00e9relt \u00e1rumozgat\u00e1si \u00e9s kiszed\u00e9si rendszer vagy vezet\u0151 n\u00e9lk\u00fcli raklapemel\u0151k (AGV). 2020 tavasz\u00e1t\u00f3l 400 \u00faj munkahely j\u00f6n l\u00e9tre, amelyet a r\u00e1 k\u00f6vetkez\u0151 k\u00e9t \u00e9vben t\u00f6bb, mint 1000 f\u0151re b\u0151v\u00edtenek. A toborz\u00e1si folyamat m\u00e1r id\u00e9n \u00e1prilisban elkezd\u0151dik.<\/p>\n<p>Ez lesz a PEPCO egyik legnagyobb projektje, s\u0151t az elm\u00falt \u00e9vek egyik legnagyobb magyarorsz\u00e1gi logisztikai beruh\u00e1z\u00e1sa is, amelynek teljes k\u00f6lts\u00e9ge 85 milli\u00f3 eur\u00f3.<br \/>\nA projekt f\u0151v\u00e1llalkoz\u00f3ja a\u00a0<strong>Market \u00c9p\u00edt\u0151 Zrt.<\/strong>, a beruh\u00e1z\u00e1s menedzsmentj\u00e9t pedig a\u00a0<strong>C\u00c9H Tervez\u0151, Beruh\u00e1z\u00f3 \u00e9s Fejleszt\u0151 Zrt.\u00a0<\/strong>fel\u00fcgyeli majd. Mindk\u00e9t c\u00e9g sz\u00e9khelye Budapesten tal\u00e1lhat\u00f3.<\/p>\n<p>Az \u00e9p\u00edt\u00e9si folyamat k\u00fcl\u00f6nb\u00f6z\u0151 szakaszaiban k\u00f6r\u00fclbel\u00fcl 500 ember vesz majd r\u00e9szt. A tervek szerint a munk\u00e1latok 2019. \u00e1prilis\u00e1ban kezd\u0151dnek, az \u00e1tad\u00e1s pedig 2020 tavasz\u00e1n v\u00e1rhat\u00f3.<\/p><div id=\"gazda-2551285560\" class=\"gazda-tartalomban gazda-entity-placement\"><script async src=\"https:\/\/pagead2.googlesyndication.com\/pagead\/js\/adsbygoogle.js\"><\/script>\r\n<ins class=\"adsbygoogle\"\r\n     style=\"display:block\"\r\n     data-ad-format=\"fluid\"\r\n     data-ad-layout-key=\"-6t+ed+2i-1n-4w\"\r\n     data-ad-client=\"ca-pub-1959107119989764\"\r\n     data-ad-slot=\"4008251320\"><\/ins>\r\n<script>\r\n     (adsbygoogle = window.adsbygoogle || []).push({});\r\n<\/script><\/div>\n<p>A beruh\u00e1z\u00e1s a magyar korm\u00e1nnyal val\u00f3 szoros egy\u00fcttm\u0171k\u00f6d\u00e9sben val\u00f3sul meg.<br \/>\n<em>\u201eMi\u00f3ta 2015 m\u00e1jus\u00e1ban megnyitottuk els\u0151 magyar \u00fczleteinket, tapasztalataink rendk\u00edv\u00fcl pozit\u00edvak voltak a motiv\u00e1lt \u00e9s szakk\u00e9pzett munkav\u00e1llal\u00f3k, valamint az \u00fcgyfelek \u00e9s az \u00fczleti partnerek visszajelz\u00e9sei alapj\u00e1n. Term\u00e9szetes volt, hogy Magyarorsz\u00e1gon hozzuk l\u00e9tre a k\u00f6vetkez\u0151 disztrib\u00faci\u00f3s k\u00f6zpontunkat, ezzel is t\u00e1mogatva a fejleszt\u00e9st mind Magyarorsz\u00e1gon, mind a r\u00e9gi\u00f3ban. \u00d6r\u00f6m\u00fcnkre szolg\u00e1l, hogy ezzel a kezdem\u00e9nyez\u00e9ssel egy\u00fcttm\u0171k\u00f6d\u00fcnk a Market \u00c9p\u00edt\u0151 Zrt-vel, a C\u00c9H Tervez\u0151, Beruh\u00e1z\u00f3 \u00e9s Fejleszt\u0151 Zrt-vel \u00e9s term\u00e9szetesen a magyar korm\u00e1nnyal\u201d- nyilatkozta\u00a0<strong>Robin Taylor, a PEPCO \u00fcgyvezet\u0151 igazgat\u00f3ja.<\/strong><\/em><\/p>\n<p><em>\u00a0\u201eEz a 100 000 n\u00e9gyzetm\u00e9teres k\u00f6zpont jelent\u0151s \u00f6sszetev\u0151je lesz az ell\u00e1t\u00e1si strat\u00e9gi\u00e1nknak, amely t\u00e1mogatja a n\u00f6veked\u00e9s\u00fcnket \u00e9s k\u00f6zelebb hoz minket a helyi piachoz. A hossz\u00fat\u00e1v\u00fa terveinket figyelembe v\u00e9ve Magyarorsz\u00e1g egy\u00e9rtelm\u0171 v\u00e1laszt\u00e1s volt a disztrib\u00faci\u00f3s k\u00f6zpont l\u00e9trehoz\u00e1s\u00e1ra. A l\u00e9tes\u00edtm\u00e9ny nemcsak lehet\u0151v\u00e9 teszi sz\u00e1munkra, hogy fejlessz\u00fck az ell\u00e1t\u00e1si l\u00e1ncunkat, hanem a sz\u00e1ll\u00edt\u00e1si k\u00f6lts\u00e9geket, \u00e9s ezzel egy\u00fctt a sz\u00e9ndioxid kibocs\u00e1t\u00e1st is cs\u00f6kkenti\u201d- tette hozz\u00e1\u00a0<strong>Eric Berben, a PEPCO ell\u00e1t\u00e1si l\u00e1nc igazgat\u00f3ja.<\/strong><\/em><\/p>\n<div class=\"ads-in-post2\"><script async src=\"https:\/\/pagead2.googlesyndication.com\/pagead\/js\/adsbygoogle.js\"><\/script>\r\n<ins class=\"adsbygoogle\"\r\n     style=\"display:block\"\r\n     data-ad-format=\"fluid\"\r\n     data-ad-layout-key=\"-6t+ed+2i-1n-4w\"\r\n     data-ad-client=\"ca-pub-1959107119989764\"\r\n     data-ad-slot=\"4008251320\"><\/ins>\r\n<script>\r\n     (adsbygoogle = window.adsbygoogle || []).push({});\r\n<\/script><\/div>\nA PEPCO Eur\u00f3pa egyik leggyorsabban n\u00f6vekv\u0151 kiskereskedelmi l\u00e1nca, amely a lehet\u0151 legkedvez\u0151bb \u00e1ron ruh\u00e1zati \u00e9s h\u00e1ztart\u00e1si cikkeket biztos\u00edt \u00fcgyfeleinek. A PEPCO jelenleg t\u00f6bb mint 1600 \u00fczletet \u00fczemeltet Csehorsz\u00e1gban, Horv\u00e1torsz\u00e1gban, \u00c9sztorsz\u00e1gban, Lettorsz\u00e1gban, Litv\u00e1ni\u00e1ban, Magyarorsz\u00e1gon, Lengyelorsz\u00e1gban, Szlov\u00e1ki\u00e1ban, Szlov\u00e9ni\u00e1ban, Rom\u00e1ni\u00e1ban \u00e9s Bulg\u00e1ri\u00e1ban.<\/p>\n<p>A v\u00e1llalatot 2004-ben alap\u00edtott\u00e1k Lengyelorsz\u00e1gban, \u00e9s az\u00f3ta folyamatosan b\u0151v\u00edtette tev\u00e9kenys\u00e9g\u00e9t K\u00f6z\u00e9p- \u00e9s Kelet-Eur\u00f3p\u00e1ban. A PEPCO jelenleg 16 000 embert foglalkoztat 11 orsz\u00e1gban.<br \/>\nTov\u00e1bbi inform\u00e1ci\u00f3k a PEPCO-r\u00f3l \u00e9s az \u00e1ll\u00e1saj\u00e1nlatokr\u00f3l a\u00a0<a href=\"https:\/\/pragent.us19.list-manage.com\/track\/click?u=d78f04d469a29d5b8b04c83bd&amp;id=f7c6c80c1c&amp;e=3dc9f85875\" target=\"_blank\" rel=\"noopener noreferrer\" data-saferedirecturl=\"https:\/\/www.google.com\/url?q=https:\/\/pragent.us19.list-manage.com\/track\/click?u%3Dd78f04d469a29d5b8b04c83bd%26id%3Df7c6c80c1c%26e%3D3dc9f85875&amp;source=gmail&amp;ust=1555670271336000&amp;usg=AFQjCNFXGciXU8VAA7-D5C7EDHMRAl1ZRg\">www.pepco.hu<\/a>\u00a0oldalon \u00e9rhet\u0151k el.<\/div>\n","protected":false},"excerpt":{"rendered":"<p>A jelenleg tizenegy k\u00f6z\u00e9p- \u00e9s kelet-eur\u00f3pai orsz\u00e1gban m\u0171k\u00f6d\u0151 ruh\u00e1zati \u00e9s h\u00e1ztart\u00e1si cikkeket forgalmaz\u00f3 PEPCO jelent\u0151sen b\u0151v\u00edti magyarorsz\u00e1gi tev\u00e9kenys\u00e9g\u00e9t. A lengyel k\u00f6zpont\u00fa v\u00e1llalat 2019 \u00e1prilis\u00e1ban mintegy 100 000 n\u00e9gyzetm\u00e9teres disztrib\u00faci\u00f3s k\u00f6zpont beruh\u00e1z\u00e1s\u00e1t kezdi meg. A 85 milli\u00f3 eur\u00f3s projektet a magyar korm\u00e1ny 11,5 milli\u00f3 eur\u00f3val t\u00e1mogatja.<\/p>\n","protected":false},"author":1,"featured_media":0,"comment_status":"closed","ping_status":"open","sticky":false,"template":"","format":"standard","meta":[],"categories":[4,19],"tags":[],"_links":{"self":[{"href":"https:\/\/gazdasagportal.hu\/index.php\/wp-json\/wp\/v2\/posts\/115347"}],"collection":[{"href":"https:\/\/gazdasagportal.hu\/index.php\/wp-json\/wp\/v2\/posts"}],"about":[{"href":"https:\/\/gazdasagportal.hu\/index.php\/wp-json\/wp\/v2\/types\/post"}],"author":[{"embeddable":true,"href":"https:\/\/gazdasagportal.hu\/index.php\/wp-json\/wp\/v2\/users\/1"}],"replies":[{"embeddable":true,"href":"https:\/\/gazdasagportal.hu\/index.php\/wp-json\/wp\/v2\/comments?post=115347"}],"version-history":[{"count":1,"href":"https:\/\/gazdasagportal.hu\/index.php\/wp-json\/wp\/v2\/posts\/115347\/revisions"}],"predecessor-version":[{"id":115348,"href":"https:\/\/gazdasagportal.hu\/index.php\/wp-json\/wp\/v2\/posts\/115347\/revisions\/115348"}],"wp:attachment":[{"href":"https:\/\/gazdasagportal.hu\/index.php\/wp-json\/wp\/v2\/media?parent=115347"}],"wp:term":[{"taxonomy":"category","embeddable":true,"href":"https:\/\/gazdasagportal.hu\/index.php\/wp-json\/wp\/v2\/categories?post=115347"},{"taxonomy":"post_tag","embeddable":true,"href":"https:\/\/gazdasagportal.hu\/index.php\/wp-json\/wp\/v2\/tags?post=115347"}],"curies":[{"name":"wp","href":"https:\/\/api.w.org\/{rel}","templated":true}]}}