{"id":115329,"date":"2019-04-19T08:44:33","date_gmt":"2019-04-19T06:44:33","guid":{"rendered":"http:\/\/gazdasagportal.hu\/?p=115329"},"modified":"2019-04-18T12:45:59","modified_gmt":"2019-04-18T10:45:59","slug":"milliardos-koltsegvetesi-csalast-leplezett-le-a-nav","status":"publish","type":"post","link":"https:\/\/gazdasagportal.hu\/index.php\/milliardos-koltsegvetesi-csalast-leplezett-le-a-nav\/","title":{"rendered":"Milli\u00e1rdos k\u00f6lts\u00e9gvet\u00e9si csal\u00e1st leplezett le a NAV"},"content":{"rendered":"<p><strong>T\u00f6bb sz\u00e1z munkaer\u0151-k\u00f6zvet\u00edt\u00e9ssel foglalkoz\u00f3 c\u00e9get sz\u00e1molt fel a Nemzeti Ad\u00f3- \u00e9s V\u00e1mhivatal (NAV). A c\u00e9gek a gyan\u00fa szerint milli\u00e1rdos k\u00e1rt okoztak a k\u00f6lts\u00e9gvet\u00e9snek azzal, hogy nem fizett\u00e9k a munkav\u00e1llal\u00f3k ut\u00e1ni j\u00e1rul\u00e9kokat.<\/strong><!--more--><\/p>\n<div class=\"ads-in-post1\"><div id=\"gazdasagportal.hu_fullbanner_wideboard\"><\/div>\r\n<\/div>\n<p>    A hivatal cs\u00fct\u00f6rt\u00f6k\u00f6n az MTI-hez eljuttatott k\u00f6zlem\u00e9ny\u00e9ben azt \u00edrta, a csal\u00e1di v\u00e1llalkoz\u00e1sk\u00e9nt m\u0171k\u00f6d\u0151 b\u0171nszervezet t\u00f6bb sz\u00e1z gazdas\u00e1gi t\u00e1rsas\u00e1got hozott l\u00e9tre, amelyek a munkaer\u0151piac szinte b\u00e1rmely ter\u00fclet\u00e9re biztos\u00edtottak dolgoz\u00f3kat, \u00e9s mintegy h\u00e9tezer embert alkalmazott. A munkav\u00e1llal\u00f3kat bejelentett\u00e9k, az ut\u00e1nuk fizetend\u0151 j\u00e1rul\u00e9kokat bevallott\u00e1k, de nem fizett\u00e9k meg.<br \/>\n    Ezt \u00fagy kivitelezt\u00e9k, hogy az \u00e1fabevall\u00e1saikban val\u00f3tlanul visszaig\u00e9nyelhet\u0151 ad\u00f3t vallottak, amelyet a bevallott, munk\u00e1ltat\u00e1ssal \u00f6sszef\u00fcgg\u0151 j\u00e1rul\u00e9kokra k\u00e9rtek \u00e1tvezetni &#8211; tett\u00e9k hozz\u00e1.<br \/>\n    A NAV t\u00f6bb h\u00f3napos el\u0151k\u00e9sz\u00edt\u0151 munka ut\u00e1n csapott le. A nyolcvann\u00e9gy helysz\u00ednt \u00e9rint\u0151 k\u00e9tnapos kutat\u00e1ssorozatban t\u00f6bb mint k\u00e9tsz\u00e1zan vettek r\u00e9szt. A b\u0171nszervezet ir\u00e1ny\u00edt\u00f3ihoz &#8211; a val\u00f3sz\u00edn\u0171s\u00edthet\u0151 agressz\u00edv ellen\u00e1ll\u00e1s miatt &#8211; a MERKUR bevet\u00e9si egys\u00e9g kommand\u00f3sai \u00e9rkeztek.<br \/>\n<div class=\"ads-in-post2\"><script async src=\"https:\/\/pagead2.googlesyndication.com\/pagead\/js\/adsbygoogle.js\"><\/script>\r\n<ins class=\"adsbygoogle\"\r\n     style=\"display:block\"\r\n     data-ad-format=\"fluid\"\r\n     data-ad-layout-key=\"-6t+ed+2i-1n-4w\"\r\n     data-ad-client=\"ca-pub-1959107119989764\"\r\n     data-ad-slot=\"4008251320\"><\/ins>\r\n<script>\r\n     (adsbygoogle = window.adsbygoogle || []).push({});\r\n<\/script><\/div>\n    A nyomoz\u00f3k a vagyoni k\u00e1r biztos\u00edt\u00e1s\u00e1ra t\u00f6bb mint egymilli\u00e1rd forint \u00e9rt\u00e9kben k\u00e9szp\u00e9nzt \u00e9s ing\u00f3s\u00e1gokat foglaltak le, valamint \u00fczletr\u00e9szeket, banksz\u00e1ml\u00e1kat z\u00e1roltak. Az elj\u00e1r\u00e1sban lefoglalt nagy mennyis\u00e9g\u0171 iratot teheraut\u00f3val sz\u00e1ll\u00edtott\u00e1k el &#8211; \u00edrt\u00e1k.<br \/>\n    A k\u00f6zlem\u00e9ny szerint negyvenkilenc gyan\u00fas\u00edtottak hallgattak ki. A b\u0171nszervezet tagjai jelenleg letart\u00f3ztat\u00e1sban vannak, tett\u00fck\u00e9rt ak\u00e1r h\u00fasz \u00e9v b\u00f6rt\u00f6nb\u00fcntet\u00e9sre is sz\u00e1m\u00edthatnak.(MTI)<\/p>\n","protected":false},"excerpt":{"rendered":"<p>T\u00f6bb sz\u00e1z munkaer\u0151-k\u00f6zvet\u00edt\u00e9ssel foglalkoz\u00f3 c\u00e9get sz\u00e1molt fel a Nemzeti Ad\u00f3- \u00e9s V\u00e1mhivatal (NAV). A c\u00e9gek a gyan\u00fa szerint milli\u00e1rdos k\u00e1rt okoztak a k\u00f6lts\u00e9gvet\u00e9snek azzal, hogy nem fizett\u00e9k a munkav\u00e1llal\u00f3k ut\u00e1ni j\u00e1rul\u00e9kokat.<\/p>\n","protected":false},"author":1,"featured_media":0,"comment_status":"closed","ping_status":"open","sticky":false,"template":"","format":"standard","meta":[],"categories":[20,4,19],"tags":[],"_links":{"self":[{"href":"https:\/\/gazdasagportal.hu\/index.php\/wp-json\/wp\/v2\/posts\/115329"}],"collection":[{"href":"https:\/\/gazdasagportal.hu\/index.php\/wp-json\/wp\/v2\/posts"}],"about":[{"href":"https:\/\/gazdasagportal.hu\/index.php\/wp-json\/wp\/v2\/types\/post"}],"author":[{"embeddable":true,"href":"https:\/\/gazdasagportal.hu\/index.php\/wp-json\/wp\/v2\/users\/1"}],"replies":[{"embeddable":true,"href":"https:\/\/gazdasagportal.hu\/index.php\/wp-json\/wp\/v2\/comments?post=115329"}],"version-history":[{"count":1,"href":"https:\/\/gazdasagportal.hu\/index.php\/wp-json\/wp\/v2\/posts\/115329\/revisions"}],"predecessor-version":[{"id":115330,"href":"https:\/\/gazdasagportal.hu\/index.php\/wp-json\/wp\/v2\/posts\/115329\/revisions\/115330"}],"wp:attachment":[{"href":"https:\/\/gazdasagportal.hu\/index.php\/wp-json\/wp\/v2\/media?parent=115329"}],"wp:term":[{"taxonomy":"category","embeddable":true,"href":"https:\/\/gazdasagportal.hu\/index.php\/wp-json\/wp\/v2\/categories?post=115329"},{"taxonomy":"post_tag","embeddable":true,"href":"https:\/\/gazdasagportal.hu\/index.php\/wp-json\/wp\/v2\/tags?post=115329"}],"curies":[{"name":"wp","href":"https:\/\/api.w.org\/{rel}","templated":true}]}}