{"id":115295,"date":"2019-04-17T15:11:46","date_gmt":"2019-04-17T13:11:46","guid":{"rendered":"http:\/\/gazdasagportal.hu\/?p=115295"},"modified":"2019-04-17T15:11:46","modified_gmt":"2019-04-17T13:11:46","slug":"az-europai-unio-20-milliard-dollarnyi-amerikai-termekre-vethet-ki-vamokat-a-boeing-ugyben","status":"publish","type":"post","link":"https:\/\/gazdasagportal.hu\/index.php\/az-europai-unio-20-milliard-dollarnyi-amerikai-termekre-vethet-ki-vamokat-a-boeing-ugyben\/","title":{"rendered":"Az Eur\u00f3pai Uni\u00f3 20 milli\u00e1rd doll\u00e1rnyi amerikai term\u00e9kre vethet ki v\u00e1mokat a Boeing-\u00fcgyben"},"content":{"rendered":"<p><strong>Nagyj\u00e1b\u00f3l 20 milli\u00e1rd doll\u00e1rnyi amerikai term\u00e9kre vethet ki importv\u00e1mokat az Eur\u00f3pai Uni\u00f3 a Boeing rep\u00fcl\u0151g\u00e9pgy\u00e1rt\u00f3nak ny\u00fajtott, tiltott, washingtoni t\u00e1mogat\u00e1sok miatt &#8211; jelentett\u00e9k be szerd\u00e1n Br\u00fcsszelben.<\/strong><!--more--><\/p>\n<div class=\"ads-in-post1\"><div id=\"gazdasagportal.hu_fullbanner_wideboard\"><\/div>\r\n<\/div>\n<p>    Az Eur\u00f3pai Bizotts\u00e1g el\u0151k\u00e9sz\u00edtett, \u00e9s nyilv\u00e1nos konzult\u00e1ci\u00f3ra bocs\u00e1tott egy list\u00e1t azokr\u00f3l a term\u00e9kekr\u0151l, amelyeket ellenint\u00e9zked\u00e9sk\u00e9nt b\u00fcntet\u0151v\u00e1mokkal s\u00fajthat. Ezek a doh\u00e1ny- \u00e9s \u00e9lelmiszeripari term\u00e9kekt\u0151l kezdve a b\u0151r\u00f6nd\u00f6k\u00f6n, j\u00e1t\u00e9kkonzolokon, traktorokon \u00e1t eg\u00e9szen a helikopterekig, a rep\u00fcl\u0151g\u00e9p- \u00e9s aut\u00f3alkatr\u00e9szekig sz\u00e1mos amerikai \u00e1rut \u00e9rinten\u00e9nek.<br \/>\n    A br\u00fcsszeli test\u00fclet ezzel p\u00e1rhuzamosan jelezte, hogy nyitott a t\u00e1rgyal\u00e1sokra az Egyes\u00fclt \u00c1llamokkal.<br \/>\n    Szak\u00e9rt\u0151k szerint a l\u00e9p\u00e9s v\u00e1lasz arra, hogy Robert Lighthizer amerikai kereskedelmi f\u0151k\u00e9pvisel\u0151 m\u00falt h\u00e9ten hasonl\u00f3 korl\u00e1toz\u00e1sokkal fenyegetett 11 milli\u00e1rd doll\u00e1r \u00e9rt\u00e9kben, amennyiben az EU egyes orsz\u00e1gai nem hagynak fel a Boeing riv\u00e1lis\u00e1nak sz\u00e1m\u00edt\u00f3 Airbus t\u00f6rv\u00e9nyellenes t\u00e1mogat\u00e1s\u00e1val, amely szerinte ekkora k\u00e1rt okoz \u00e9vente.<br \/>\n<div class=\"ads-in-post2\"><script async src=\"https:\/\/pagead2.googlesyndication.com\/pagead\/js\/adsbygoogle.js\"><\/script>\r\n<ins class=\"adsbygoogle\"\r\n     style=\"display:block\"\r\n     data-ad-format=\"fluid\"\r\n     data-ad-layout-key=\"-6t+ed+2i-1n-4w\"\r\n     data-ad-client=\"ca-pub-1959107119989764\"\r\n     data-ad-slot=\"4008251320\"><\/ins>\r\n<script>\r\n     (adsbygoogle = window.adsbygoogle || []).push({});\r\n<\/script><\/div>\n    Az amerikai v\u00e1mtarif\u00e1kat az 1974-es kereskedelmi t\u00f6rv\u00e9ny alapj\u00e1n vetn\u00e9k ki, Donald Trump eln\u00f6k korm\u00e1nya ugyan\u00edgy j\u00e1rt el a k\u00ednai \u00e1rukra m\u00e9g tavaly kivetett v\u00e1mok eset\u00e9ben.<br \/>\n    Uni\u00f3s diplom\u00e1ciai forr\u00e1sok &#8222;er\u0151sen elt\u00falzottnak&#8221; tartj\u00e1k ezen tervezett amerikai l\u00e9p\u00e9seket. A k\u00e1rig\u00e9ny m\u00e9rt\u00e9k\u00e9t a Kereskedelmi Vil\u00e1gszervezetnek (WTO) kell v\u00e9g\u00fcl mindk\u00e9t f\u00e9l sz\u00e1m\u00e1ra meg\u00edt\u00e9lnie. Az Airbus \u00fcgy\u00e9ben a d\u00f6nt\u00e9s m\u00e1r id\u00e9n ny\u00e1rra v\u00e1rhat\u00f3, s ezt k\u00f6vet\u0151en Washington meg\u00e1llapod\u00e1s hi\u00e1ny\u00e1ban azonnali cselekedni k\u00e9sz\u00fcl.<br \/>\n    Az elemz\u0151k arr\u00f3l sz\u00e1moltak be, hogy a WTO mindk\u00e9t esetben ezekn\u00e9l j\u00f3val alacsonyabb \u00f6sszegeket \u00e1llap\u00edthat majd meg. Az EU 2012-ben 12 milli\u00e1rd doll\u00e1rnyi k\u00e1rig\u00e9ny meg\u00edt\u00e9l\u00e9s\u00e9re k\u00e9rte a szervezetet.<br \/>\n    A WTO el\u0151z\u0151leg meg\u00e1llap\u00edtotta: az Eur\u00f3pai Uni\u00f3 egyes orsz\u00e1gai az Airbusnak, az Egyes\u00fclt \u00c1llamok pedig a Boeingnek ny\u00fajtott tiltott \u00e1llami t\u00e1mogat\u00e1st.<br \/>\n    &#8222;Tisztess\u00e9ges versenyt, egyenl\u0151 versenyfelt\u00e9teleket kell biztos\u00edtani az eur\u00f3pai v\u00e1llalatok sz\u00e1m\u00e1ra. Fontos ebben a tekintetben a WTO legfrissebb d\u00f6nt\u00e9se a Boeing amerikai szubvencion\u00e1l\u00e1sa \u00fcgy\u00e9ben. Mik\u00f6zben k\u00e9szen kell \u00e1llnunk v\u00e1laszl\u00e9p\u00e9sekkel sz\u00fcks\u00e9g eset\u00e9re, hiszek abban, hogy a vit\u00e1t p\u00e1rbesz\u00e9d \u00fatj\u00e1n kell rendezni&#8221; &#8211; emelte ki Cecilia Malmstr\u00f6m uni\u00f3s kereskedelmi biztos.<br \/>\n    Az Egyes\u00fclt \u00c1llamok, valamint a N\u00e9metorsz\u00e1got, az Egyes\u00fclt Kir\u00e1lys\u00e1got, Franciaorsz\u00e1got \u00e9s Spanyolorsz\u00e1got k\u00e9pvisel\u0151 Eur\u00f3pai Bizotts\u00e1g k\u00f6z\u00f6tt mintegy 15 \u00e9ve \u00e1d\u00e1z vita d\u00fal a vil\u00e1g k\u00e9t legnagyobb rep\u00fcl\u0151g\u00e9pgy\u00e1rt\u00f3ja, az amerikai Boeing \u00e9s az eur\u00f3pai Airbus szab\u00e1lyellenes t\u00e1mogat\u00e1s\u00e1r\u00f3l.<br \/>\n    Az \u00fcgy tov\u00e1bb fokozhatja a fesz\u00fclts\u00e9get az Atlanti-\u00f3ce\u00e1n k\u00e9t partja k\u00f6z\u00f6tt.(MTI)<\/p>\n","protected":false},"excerpt":{"rendered":"<p>Nagyj\u00e1b\u00f3l 20 milli\u00e1rd doll\u00e1rnyi amerikai term\u00e9kre vethet ki importv\u00e1mokat az Eur\u00f3pai Uni\u00f3 a Boeing rep\u00fcl\u0151g\u00e9pgy\u00e1rt\u00f3nak ny\u00fajtott, tiltott, washingtoni t\u00e1mogat\u00e1sok miatt &#8211; jelentett\u00e9k be szerd\u00e1n Br\u00fcsszelben.<\/p>\n","protected":false},"author":1,"featured_media":0,"comment_status":"closed","ping_status":"open","sticky":false,"template":"","format":"standard","meta":[],"categories":[12,246],"tags":[],"_links":{"self":[{"href":"https:\/\/gazdasagportal.hu\/index.php\/wp-json\/wp\/v2\/posts\/115295"}],"collection":[{"href":"https:\/\/gazdasagportal.hu\/index.php\/wp-json\/wp\/v2\/posts"}],"about":[{"href":"https:\/\/gazdasagportal.hu\/index.php\/wp-json\/wp\/v2\/types\/post"}],"author":[{"embeddable":true,"href":"https:\/\/gazdasagportal.hu\/index.php\/wp-json\/wp\/v2\/users\/1"}],"replies":[{"embeddable":true,"href":"https:\/\/gazdasagportal.hu\/index.php\/wp-json\/wp\/v2\/comments?post=115295"}],"version-history":[{"count":1,"href":"https:\/\/gazdasagportal.hu\/index.php\/wp-json\/wp\/v2\/posts\/115295\/revisions"}],"predecessor-version":[{"id":115296,"href":"https:\/\/gazdasagportal.hu\/index.php\/wp-json\/wp\/v2\/posts\/115295\/revisions\/115296"}],"wp:attachment":[{"href":"https:\/\/gazdasagportal.hu\/index.php\/wp-json\/wp\/v2\/media?parent=115295"}],"wp:term":[{"taxonomy":"category","embeddable":true,"href":"https:\/\/gazdasagportal.hu\/index.php\/wp-json\/wp\/v2\/categories?post=115295"},{"taxonomy":"post_tag","embeddable":true,"href":"https:\/\/gazdasagportal.hu\/index.php\/wp-json\/wp\/v2\/tags?post=115295"}],"curies":[{"name":"wp","href":"https:\/\/api.w.org\/{rel}","templated":true}]}}