{"id":115291,"date":"2019-04-17T13:10:42","date_gmt":"2019-04-17T11:10:42","guid":{"rendered":"http:\/\/gazdasagportal.hu\/?p=115291"},"modified":"2019-04-17T13:10:42","modified_gmt":"2019-04-17T11:10:42","slug":"majus-6-an-indul-az-uj-takarekbank-zrt","status":"publish","type":"post","link":"https:\/\/gazdasagportal.hu\/index.php\/majus-6-an-indul-az-uj-takarekbank-zrt\/","title":{"rendered":"M\u00e1jus 6-\u00e1n indul az \u00faj Takar\u00e9kbank Zrt."},"content":{"rendered":"<p><strong>A Moh\u00e1csi Takar\u00e9k Bank Zrt., a Pannon Takar\u00e9k Bank Zrt., valamint a B3 Takar\u00e9k Sz\u00f6vetkezet egyes\u00fcl\u00e9s\u00e9vel m\u00e1jus 6-\u00e1n elindul a Takar\u00e9k Csoport \u00faj, univerz\u00e1lis kereskedelmi bankja, a Takar\u00e9kbank Zrt. Az \u00e1t\u00e1ll\u00e1st biztos\u00edt\u00f3 banksz\u00fcnnapok alatt, m\u00e1jus 1-6-a k\u00f6z\u00f6tt nem nyitnak ki a bankfi\u00f3kok, \u00e1tmenetileg nem m\u0171k\u00f6dik a netbank \u00e9s a mobilapplik\u00e1ci\u00f3, nem lehet utal\u00e1sokat kezdem\u00e9nyezni \u00e9s fogadni.<\/strong><!--more--><\/p>\n<div class=\"ads-in-post1\"><div id=\"gazdasagportal.hu_fullbanner_wideboard\"><\/div>\r\n<\/div>\n<p>    A p\u00e9nzint\u00e9zet szerdai, MTI-nek k\u00fcld\u00f6tt t\u00e1j\u00e9koztat\u00e1sa szerint az \u00faj Takar\u00e9kbank a Takar\u00e9k Csoport k\u00f6zponti bankj\u00e1nak v\u00e1llalati \u00e9s lakoss\u00e1gi sz\u00e1mlaszerz\u0151d\u00e9s-, bet\u00e9t- \u00e9s hitel\u00e1llom\u00e1nyait is \u00e1tveszi. Az \u00faj Takar\u00e9kbankhoz a tervek szerint okt\u00f3ber v\u00e9g\u00e9ig a t\u00f6bbi 11 takar\u00e9ksz\u00f6vetkezet \u00e9s a Takar\u00e9k Kereskedelmi Bank Zrt. is csatlakozik majd.<br \/>\n    A k\u00f6zlem\u00e9nyben felid\u00e9zik: a Takar\u00e9k Csoport jelent\u0151s \u00fczleti \u00e9s szervezeti \u00e1talakul\u00e1son megy kereszt\u00fcl. A 2010-es \u00e9vek elej\u00e9n m\u00e9g t\u00f6bb mint 120 kisebb-nagyobb takar\u00e9kb\u00f3l \u00e1ll\u00f3 integr\u00e1ci\u00f3 2017 v\u00e9g\u00e9re 12 region\u00e1lis takar\u00e9kban egyes\u00fclt. Tavaly november 30-\u00e1n a csoport k\u00f6zponti bankj\u00e1nak k\u00f6zgy\u0171l\u00e9s\u00e9n a takar\u00e9kok \u00fagy d\u00f6nt\u00f6ttek, hogy 2019. okt\u00f3ber v\u00e9g\u00e9ig egyetlen \u00faj, \u00edzig-v\u00e9rig korszer\u0171, orsz\u00e1gos lefedetts\u00e9g\u0171 kereskedelmi bankban egyes\u00fclve folytatj\u00e1k tev\u00e9kenys\u00e9g\u00fcket.<br \/>\n<div class=\"ads-in-post2\"><script async src=\"https:\/\/pagead2.googlesyndication.com\/pagead\/js\/adsbygoogle.js\"><\/script>\r\n<ins class=\"adsbygoogle\"\r\n     style=\"display:block\"\r\n     data-ad-format=\"fluid\"\r\n     data-ad-layout-key=\"-6t+ed+2i-1n-4w\"\r\n     data-ad-client=\"ca-pub-1959107119989764\"\r\n     data-ad-slot=\"4008251320\"><\/ins>\r\n<script>\r\n     (adsbygoogle = window.adsbygoogle || []).push({});\r\n<\/script><\/div>\n    Ennek els\u0151 l\u00e9pcs\u0151jek\u00e9nt kezdi meg m\u0171k\u00f6d\u00e9s\u00e9t 2019. m\u00e1jus 6-\u00e1n az \u00faj Takar\u00e9kbank Zrt. a Moh\u00e1csi Takar\u00e9k Bank Zrt., a Pannon Takar\u00e9k Bank Zrt., valamint a B3 Takar\u00e9k Sz\u00f6vetkezet egyes\u00fcl\u00e9s\u00e9vel \u00fagy, hogy a Pannon Takar\u00e9k Bank Zrt. \u00e9s a B3 Takar\u00e9k Sz\u00f6vetkezet beolvad a Moh\u00e1csi Takar\u00e9k Bank Zrt.-be, amely ezzel egyidej\u0171leg Takar\u00e9kbank Zrt.-re v\u00e1ltoztatja a nev\u00e9t. A Csoport k\u00f6zponti bankja, amely MTB Zrt. elnevez\u00e9ssel m\u0171k\u00f6dik tov\u00e1bb, lakoss\u00e1gi \u00e9s v\u00e1llalati sz\u00e1mlaszerz\u0151d\u00e9s-, bet\u00e9t- \u00e9s hitel\u00e1llom\u00e1ny\u00e1t ruh\u00e1zza \u00e1t az \u00faj Takar\u00e9kbank Zrt.-re &#8211; \u00edrt\u00e1k.<br \/>\n    K\u00f6z\u00f6lt\u00e9k: b\u00e1r a t\u00e1rsas\u00e1gok c\u00e9gjogi egyes\u00fcl\u00e9se \u00e9s az \u00e1llom\u00e1nyok \u00e1truh\u00e1z\u00e1sa m\u00e1r \u00e1prilis 30-\u00e1n megt\u00f6rt\u00e9nik, a Takar\u00e9kbank &#8211; egy k\u00e9tnapos banki \u00e1t\u00e1ll\u00e1st k\u00f6vet\u0151en &#8211; v\u00e1rhat\u00f3an m\u00e1jus 6-\u00e1n kezdi meg m\u0171k\u00f6d\u00e9s\u00e9t.<br \/>\n    A bankfi\u00f3kok m\u00e1jus 6-\u00e1n, h\u00e9tf\u0151n reggel nyitnak ki, akkort\u00f3l lehet \u00fajra haszn\u00e1lni a netbankot \u00e9s a mobilapplik\u00e1ci\u00f3t, akkort\u00f3l lehet \u00e1tutal\u00e1sokat lebonyol\u00edtani, \u00e9s akkor k\u00f6nyvelik el a 2019. \u00e1prilis 30-a ut\u00e1n \u00e9rkezett megb\u00edz\u00e1sokat. Addig, az \u00e1tmeneti id\u0151ben, a sz\u00e1mlatulajdonosok az ATM-ekb\u0151l a 2019. \u00e1prilis 30-i egyenleg\u00fck erej\u00e9ig tudnak p\u00e9nzt felvenni, ugyanezzel a kerettel haszn\u00e1lhatj\u00e1k bankk\u00e1rty\u00e1jukat is. A bank t\u00f6bb k\u00f6rben r\u00e9szletesen t\u00e1j\u00e9koztatta az \u00fcgyfeleket az \u00e1talakul\u00e1s technikai r\u00e9szleteir\u0151l &#8211; k\u00f6z\u00f6lt\u00e9k.<br \/>\n    Mint \u00edrt\u00e1k, az \u00fcgyfeleknek sz\u00e1mos el\u0151nnyel j\u00e1r a takar\u00e9kok egyes\u00fcl\u00e9se: egys\u00e9ges\u00edtett, versenyk\u00e9pes term\u00e9keket vehetnek ig\u00e9nybe, mint b\u00e1rmely nagy kereskedelmi bankban, a bevezetend\u0151 k\u00f6z\u00f6s, modern informatikai rendszer az eddigihez k\u00e9pest egyszer\u0171s\u00edti \u00e9s gyors\u00edtja a kiszolg\u00e1l\u00e1st. A folyamat v\u00e9g\u00e9n pedig el\u00e9rhet\u0151v\u00e9 v\u00e1lik a teljes, orsz\u00e1gos \u00e1tj\u00e1r\u00e1s: az \u00fcgyfelek az orsz\u00e1g b\u00e1rmely takar\u00e9k-fi\u00f3kj\u00e1ban int\u00e9zhetik majd \u00fcgyeiket.<br \/>\n    &#8222;Az orsz\u00e1gos lefedetts\u00e9g\u0171, a hazai p\u00e9nzint\u00e9zetek k\u00f6z\u00fcl a legnagyobb fi\u00f3kh\u00e1l\u00f3zatot \u00fczemeltet\u0151 Takar\u00e9kbank a helyi csal\u00e1dok \u00e9s gener\u00e1ci\u00f3k, valamint a helyi k\u00f6z\u00f6ss\u00e9gek bankja k\u00edv\u00e1n lenni. Az \u00faj Takar\u00e9kbank jelent\u0151s \u00fczleti korszer\u0171s\u00edt\u00e9st tervez, \u00faj term\u00e9kekkel \u00e9s szolg\u00e1ltat\u00e1sokkal, \u00faj, korszer\u0171, digit\u00e1lis csatorn\u00e1k alkalmaz\u00e1s\u00e1val k\u00edv\u00e1n a piacra l\u00e9pni, mik\u00f6zben a hagyom\u00e1nyos banki \u00fcgyint\u00e9z\u00e9st is sz\u00e9les k\u00f6r\u0171en biztos\u00edtja \u00fcgyfelei sz\u00e1m\u00e1ra&#8221; &#8211; olvashat\u00f3 a k\u00f6zlem\u00e9nyben.(MTI)<\/p>\n","protected":false},"excerpt":{"rendered":"<p>A Moh\u00e1csi Takar\u00e9k Bank Zrt., a Pannon Takar\u00e9k Bank Zrt., valamint a B3 Takar\u00e9k Sz\u00f6vetkezet egyes\u00fcl\u00e9s\u00e9vel m\u00e1jus 6-\u00e1n elindul a Takar\u00e9k Csoport \u00faj, univerz\u00e1lis kereskedelmi bankja, a Takar\u00e9kbank Zrt. Az \u00e1t\u00e1ll\u00e1st biztos\u00edt\u00f3 banksz\u00fcnnapok alatt, m\u00e1jus 1-6-a k\u00f6z\u00f6tt nem nyitnak ki a bankfi\u00f3kok, \u00e1tmenetileg nem m\u0171k\u00f6dik a netbank \u00e9s a mobilapplik\u00e1ci\u00f3, nem lehet utal\u00e1sokat kezdem\u00e9nyezni \u00e9s &#8230;<\/p>\n","protected":false},"author":1,"featured_media":0,"comment_status":"closed","ping_status":"open","sticky":false,"template":"","format":"standard","meta":[],"categories":[19],"tags":[],"_links":{"self":[{"href":"https:\/\/gazdasagportal.hu\/index.php\/wp-json\/wp\/v2\/posts\/115291"}],"collection":[{"href":"https:\/\/gazdasagportal.hu\/index.php\/wp-json\/wp\/v2\/posts"}],"about":[{"href":"https:\/\/gazdasagportal.hu\/index.php\/wp-json\/wp\/v2\/types\/post"}],"author":[{"embeddable":true,"href":"https:\/\/gazdasagportal.hu\/index.php\/wp-json\/wp\/v2\/users\/1"}],"replies":[{"embeddable":true,"href":"https:\/\/gazdasagportal.hu\/index.php\/wp-json\/wp\/v2\/comments?post=115291"}],"version-history":[{"count":1,"href":"https:\/\/gazdasagportal.hu\/index.php\/wp-json\/wp\/v2\/posts\/115291\/revisions"}],"predecessor-version":[{"id":115292,"href":"https:\/\/gazdasagportal.hu\/index.php\/wp-json\/wp\/v2\/posts\/115291\/revisions\/115292"}],"wp:attachment":[{"href":"https:\/\/gazdasagportal.hu\/index.php\/wp-json\/wp\/v2\/media?parent=115291"}],"wp:term":[{"taxonomy":"category","embeddable":true,"href":"https:\/\/gazdasagportal.hu\/index.php\/wp-json\/wp\/v2\/categories?post=115291"},{"taxonomy":"post_tag","embeddable":true,"href":"https:\/\/gazdasagportal.hu\/index.php\/wp-json\/wp\/v2\/tags?post=115291"}],"curies":[{"name":"wp","href":"https:\/\/api.w.org\/{rel}","templated":true}]}}