{"id":115284,"date":"2019-04-17T11:07:31","date_gmt":"2019-04-17T09:07:31","guid":{"rendered":"http:\/\/gazdasagportal.hu\/?p=115284"},"modified":"2019-04-17T11:07:31","modified_gmt":"2019-04-17T09:07:31","slug":"uj-vezetoi-kinevezesek-a-ps-nel","status":"publish","type":"post","link":"https:\/\/gazdasagportal.hu\/index.php\/uj-vezetoi-kinevezesek-a-ps-nel\/","title":{"rendered":"\u00daj vezet\u0151i kinevez\u00e9sek a PS-n\u00e9l"},"content":{"rendered":"<p><strong>A Process Solutions Kft. febru\u00e1r elej\u00e9t\u0151l \u00faj szervezeti fel\u00e9p\u00edt\u00e9st alkalmaz, amely keretein bel\u00fcl a v\u00e1llalat n\u00e9gy manager\u00e9t nevezte ki \u00faj partnerr\u00e9. A v\u00e1ltoz\u00e1st az elm\u00falt \u00e9vek n\u00f6veked\u00e9se \u00e9s a c\u00e9g m\u00e9rete tette indokoltt\u00e1.<\/strong><!--more--><\/p>\n<div class=\"ads-in-post1\"><div id=\"gazdasagportal.hu_fullbanner_wideboard\"><\/div>\r\n<\/div>\n<p>Menyh\u00e1rt Gy\u00f6ngyv\u00e9r 2004 \u00f3ta, Sah\u00f3 D\u00e1niel 2005 \u00f3ta, T\u00f3th Tibor 2003 \u00f3ta, Urb\u00e1n Bal\u00e1zs pedig 2011 \u00f3ta tagja a PS csapat\u00e1nak, managerk\u00e9nt pedig mindannyian k\u00f6zel 10 \u00e9ve j\u00e1rulnak hozz\u00e1 a v\u00e1llalat legnagyobb nemzetk\u00f6zi projektjeinek koordin\u00e1l\u00e1s\u00e1hoz. A vezet\u0151s\u00e9g elb\u00edr\u00e1l\u00e1sa szerint \u0151k azok a szakemberek, akik a partnercsapatokat kifog\u00e1stalanul tudj\u00e1k majd ir\u00e1ny\u00edtani, \u00e9s szak\u00e9rtelm\u00fck garant\u00e1lja azt, hogy az \u00faj rendszer val\u00f3ban meggyors\u00edtja majd a v\u00e1llalaton bel\u00fcli dinamizmus fenntart\u00e1s\u00e1t, lehet\u0151v\u00e9 teszi a gyors \u00e9s eredm\u00e9nyes vezet\u0151i d\u00f6nt\u00e9shozatalt, valamint a min\u00e9l optim\u00e1lisabb kapacit\u00e1smenedzsmentet.<br \/>\n<img decoding=\"async\" loading=\"lazy\" class=\"CToWUd a6T\" tabindex=\"0\" src=\"https:\/\/ci5.googleusercontent.com\/proxy\/JjtfVQ4xUUBEjiiIOZRdtc-p28XkDY752ahmle0aN0iBe_j6PQl4ilWvwbJLv44GjnEHYJsL148z5qdstGwfMhne-eX1KzvBwYyyRSyDrNC979Nsdz3qf09Zc_s-czgGWm7z4YXeQtD3eG1IIebEjq86PcS2hldBwYQ=s0-d-e1-ft#https:\/\/gallery.mailchimp.com\/59bf37de6da6ee2292c59b9d7\/images\/f7c2416b-83e6-4d49-a53b-fb9e3a14d44e.png\" width=\"800\" height=\"531\" \/><br \/>\n<em>\u00a0 \u00a0 \u00a0 \u00a0A fot\u00f3n balr\u00f3l jobbra: Sah\u00f3 D\u00e1niel, Urb\u00e1n Bal\u00e1zs, Menyh\u00e1rt Gy\u00f6ngyv\u00e9r \u00e9s T\u00f3th Tibor<\/em><\/p>\n<p>A PS 2014 \u00f3ta manager teamekre bontva v\u00e9gzi a munk\u00e1j\u00e1t, azonban az elm\u00falt \u00e9vekben bek\u00f6vetkezett dinamikus n\u00f6veked\u00e9s sz\u00fcks\u00e9gess\u00e9 tette azt, hogy a szervezeti strukt\u00fara bizonyos m\u00f3don meg\u00fajuljon, \u00edgy biztos\u00edtva tov\u00e1bbra is teret a v\u00e1llalat fejl\u0151d\u00e9s\u00e9nek. A sikeres v\u00e1ltoz\u00e1s el\u00e9r\u00e9s\u00e9hez az eddigi manager csoportok \u00e9l\u00e9re \u00faj partnereket neveztek ki, akik ezent\u00fal k\u00f6zvetlen\u00fcl a PS strat\u00e9giai ir\u00e1ny\u00edt\u00f3ival, a managing partnerekkel m\u0171k\u00f6dnek majd egy\u00fctt.<\/p><div id=\"gazda-3402639837\" class=\"gazda-tartalomban gazda-entity-placement\"><script async src=\"https:\/\/pagead2.googlesyndication.com\/pagead\/js\/adsbygoogle.js\"><\/script>\r\n<ins class=\"adsbygoogle\"\r\n     style=\"display:block\"\r\n     data-ad-format=\"fluid\"\r\n     data-ad-layout-key=\"-6t+ed+2i-1n-4w\"\r\n     data-ad-client=\"ca-pub-1959107119989764\"\r\n     data-ad-slot=\"4008251320\"><\/ins>\r\n<script>\r\n     (adsbygoogle = window.adsbygoogle || []).push({});\r\n<\/script><\/div>\n<div class=\"ads-in-post2\"><script async src=\"https:\/\/pagead2.googlesyndication.com\/pagead\/js\/adsbygoogle.js\"><\/script>\r\n<ins class=\"adsbygoogle\"\r\n     style=\"display:block\"\r\n     data-ad-format=\"fluid\"\r\n     data-ad-layout-key=\"-6t+ed+2i-1n-4w\"\r\n     data-ad-client=\"ca-pub-1959107119989764\"\r\n     data-ad-slot=\"4008251320\"><\/ins>\r\n<script>\r\n     (adsbygoogle = window.adsbygoogle || []).push({});\r\n<\/script><\/div>\nSzalai Andr\u00e1s, a PS \u00fcgyvezet\u0151je szerint \u201eaz \u00e1t\u00e1ll\u00e1st k\u00f6vet\u0151en az \u00faj szervezeti fel\u00e9p\u00edt\u00e9s nagy m\u00e9rt\u00e9kben fogja alak\u00edtani a PS 2019-es \u00e9v\u00e9t, \u00e9s azon fogunk dolgozni, hogy az \u00e1talakul\u00e1st\u00f3l rem\u00e9lt pozit\u00edv v\u00e1ltoz\u00e1sok ak\u00e1r a mindennapi munk\u00e1ban, ak\u00e1r a c\u00e9g hosszabb t\u00e1v\u00fa strat\u00e9gi\u00e1j\u00e1nak fejleszt\u00e9s\u00e9ben is miel\u0151bb \u00e9rezhet\u0151ek legyenek \u00fcgyfeleink, \u00e9s a teljes PS csapat sz\u00e1m\u00e1ra.\u201d<\/p>\n<div>***<\/div>\n<p><strong>A Process Solutions-r\u0151l<\/strong><br \/>\nA Process Solutions egy dinamikusan b\u0151v\u00fcl\u0151 Business Process Outsourcing (BPO) C\u00e9gcsoport, amely Eur\u00f3pa-szerte 500 \u00fcgyfel\u00e9nek, k\u00f6zt\u00fck a vil\u00e1g legnagyobb nemzetk\u00f6zi v\u00e1llalatainak ny\u00fajt sz\u00e1mviteli-, ad\u00f3z\u00e1si- \u00e9s b\u00e9rsz\u00e1mfejt\u00e9si szolg\u00e1ltat\u00e1sokat. Tov\u00e1bbi inform\u00e1ci\u00f3:\u00a0<a href=\"https:\/\/cluepr.us16.list-manage.com\/track\/click?u=59bf37de6da6ee2292c59b9d7&amp;id=105fce7466&amp;e=2223a95744\" target=\"_blank\" rel=\"noopener noreferrer\" data-saferedirecturl=\"https:\/\/www.google.com\/url?q=https:\/\/cluepr.us16.list-manage.com\/track\/click?u%3D59bf37de6da6ee2292c59b9d7%26id%3D105fce7466%26e%3D2223a95744&amp;source=gmail&amp;ust=1555576488464000&amp;usg=AFQjCNFGFeb6ZKndJR6kxNuhw7kF6OZlFA\">www.ps-bpo.com<\/a><\/p>\n","protected":false},"excerpt":{"rendered":"<p>A Process Solutions Kft. febru\u00e1r elej\u00e9t\u0151l \u00faj szervezeti fel\u00e9p\u00edt\u00e9st alkalmaz, amely keretein bel\u00fcl a v\u00e1llalat n\u00e9gy manager\u00e9t nevezte ki \u00faj partnerr\u00e9. A v\u00e1ltoz\u00e1st az elm\u00falt \u00e9vek n\u00f6veked\u00e9se \u00e9s a c\u00e9g m\u00e9rete tette indokoltt\u00e1.<\/p>\n","protected":false},"author":1,"featured_media":0,"comment_status":"closed","ping_status":"open","sticky":false,"template":"","format":"standard","meta":[],"categories":[19],"tags":[],"_links":{"self":[{"href":"https:\/\/gazdasagportal.hu\/index.php\/wp-json\/wp\/v2\/posts\/115284"}],"collection":[{"href":"https:\/\/gazdasagportal.hu\/index.php\/wp-json\/wp\/v2\/posts"}],"about":[{"href":"https:\/\/gazdasagportal.hu\/index.php\/wp-json\/wp\/v2\/types\/post"}],"author":[{"embeddable":true,"href":"https:\/\/gazdasagportal.hu\/index.php\/wp-json\/wp\/v2\/users\/1"}],"replies":[{"embeddable":true,"href":"https:\/\/gazdasagportal.hu\/index.php\/wp-json\/wp\/v2\/comments?post=115284"}],"version-history":[{"count":1,"href":"https:\/\/gazdasagportal.hu\/index.php\/wp-json\/wp\/v2\/posts\/115284\/revisions"}],"predecessor-version":[{"id":115285,"href":"https:\/\/gazdasagportal.hu\/index.php\/wp-json\/wp\/v2\/posts\/115284\/revisions\/115285"}],"wp:attachment":[{"href":"https:\/\/gazdasagportal.hu\/index.php\/wp-json\/wp\/v2\/media?parent=115284"}],"wp:term":[{"taxonomy":"category","embeddable":true,"href":"https:\/\/gazdasagportal.hu\/index.php\/wp-json\/wp\/v2\/categories?post=115284"},{"taxonomy":"post_tag","embeddable":true,"href":"https:\/\/gazdasagportal.hu\/index.php\/wp-json\/wp\/v2\/tags?post=115284"}],"curies":[{"name":"wp","href":"https:\/\/api.w.org\/{rel}","templated":true}]}}