{"id":115267,"date":"2019-04-17T05:14:49","date_gmt":"2019-04-17T03:14:49","guid":{"rendered":"http:\/\/gazdasagportal.hu\/?p=115267"},"modified":"2019-04-16T21:28:39","modified_gmt":"2019-04-16T19:28:39","slug":"az-olaszok-nagy-resze-erosebb-politikai-egyuttmukodest-szorgalmaz-magyarorszaggal","status":"publish","type":"post","link":"https:\/\/gazdasagportal.hu\/index.php\/az-olaszok-nagy-resze-erosebb-politikai-egyuttmukodest-szorgalmaz-magyarorszaggal\/","title":{"rendered":"Az olaszok nagy r\u00e9sze er\u0151sebb politikai egy\u00fcttm\u0171k\u00f6d\u00e9st szorgalmaz Magyarorsz\u00e1ggal"},"content":{"rendered":"<p><strong>Az olaszok 39 sz\u00e1zal\u00e9ka hat\u00e1rozotts\u00e1g\u00e1\u00e9rt \u00e9rt\u00e9keli a magyarokat, 52 sz\u00e1zal\u00e9k bizalmat \u00e9rez Magyarorsz\u00e1g ir\u00e1nt, 45 sz\u00e1zal\u00e9k kiemelten t\u00e1mogatja a k\u00e9t orsz\u00e1g k\u00f6z\u00f6tti politikai kapcsolat er\u0151s\u00edt\u00e9s\u00e9t &#8211; der\u00fclt ki a Piepoli olasz k\u00f6zv\u00e9lem\u00e9ny-kutat\u00f3 int\u00e9zet kedden R\u00f3m\u00e1ban bemutatott felm\u00e9r\u00e9s\u00e9b\u0151l.<\/strong><!--more--><\/p>\n<div class=\"ads-in-post1\"><div id=\"gazdasagportal.hu_fullbanner_wideboard\"><\/div>\r\n<\/div>\n<p>    A felm\u00e9r\u00e9st a tekint\u00e9lyes olasz k\u00f6zv\u00e9lem\u00e9ny-kutat\u00f3 Piepoli Int\u00e9zet v\u00e9gezte, az adatokat Livio Gigliuto, az int\u00e9zet aleln\u00f6ke mutatta be a r\u00f3mai magyar nagyk\u00f6vets\u00e9g \u00e1ltal kedden, R\u00f3m\u00e1ban rendezett tal\u00e1lkoz\u00f3n.<br \/>\n    A Hogyan l\u00e1tj\u00e1k az olaszok Magyarorsz\u00e1got? c\u00edm\u0171 felm\u00e9r\u00e9s adatai szerint az olaszok 39 sz\u00e1zal\u00e9ka a hat\u00e1rozotts\u00e1got tartja a magyar n\u00e9p f\u0151 jellegzetess\u00e9g\u00e9nek. A megk\u00e9rdezettek tov\u00e1bbi 24 sz\u00e1zal\u00e9ka a magyart bar\u00e1ti n\u00e9pnek tartja.  Az olaszok 17 sz\u00e1zal\u00e9ka Magyarorsz\u00e1got befoly\u00e1sos uni\u00f3s tag\u00e1llamnak tekinti.<br \/>\n    Az olaszok 52 sz\u00e1zal\u00e9ka bizalmat \u00e9rez Magyarorsz\u00e1g ir\u00e1nt.<br \/>\n    A megk\u00e9rdezettek 45 sz\u00e1zal\u00e9ka nagyon, 13 sz\u00e1zal\u00e9k el\u00e9gg\u00e9 t\u00e1mogatja az Olaszorsz\u00e1g \u00e9s Magyarorsz\u00e1g k\u00f6zti politikai egy\u00fcttm\u0171k\u00f6d\u00e9s er\u0151s\u00f6d\u00e9s\u00e9t.<br \/>\n<div class=\"ads-in-post2\"><script async src=\"https:\/\/pagead2.googlesyndication.com\/pagead\/js\/adsbygoogle.js\"><\/script>\r\n<ins class=\"adsbygoogle\"\r\n     style=\"display:block\"\r\n     data-ad-format=\"fluid\"\r\n     data-ad-layout-key=\"-6t+ed+2i-1n-4w\"\r\n     data-ad-client=\"ca-pub-1959107119989764\"\r\n     data-ad-slot=\"4008251320\"><\/ins>\r\n<script>\r\n     (adsbygoogle = window.adsbygoogle || []).push({});\r\n<\/script><\/div>\n    Arra a k\u00e9rd\u00e9sre, hogy Magyarorsz\u00e1g mely ter\u00fcleteken sz\u00e1m\u00edt kiemelked\u0151nek,  25 sz\u00e1zal\u00e9k a kult\u00far\u00e1t, 13 sz\u00e1zal\u00e9k a kereskedelmet, 12 sz\u00e1zal\u00e9k a politik\u00e1t, 5 sz\u00e1zal\u00e9k a turizmust eml\u00edtette.<br \/>\n    A kerekasztal- besz\u00e9lget\u00e9s sor\u00e1n bemutatt\u00e1k az olasz k\u00f6z\u00f6ns\u00e9gnek a Sz\u00e1zadv\u00e9g Alap\u00edtv\u00e1ny Poject 28 nev\u0171 vizsg\u00e1lat\u00e1nak r\u00e9szadatait, az EU tag\u00e1llamaiban, Ukrajn\u00e1ban \u00e9s a nyugat-balk\u00e1ni \u00e1llamokban v\u00e9gzett felm\u00e9r\u00e9sek alapj\u00e1n. A v\u00e9gleges adatokat m\u00e1jusban k\u00f6zlik &#8211; mondta el a Farag\u00f3 Csaba, a Sz\u00e1zadv\u00e9g Alap\u00edtv\u00e1ny k\u00fcl\u00fcgyi vezet\u0151je.<br \/>\n    A besz\u00e9lget\u00e9sben t\u00f6bbek k\u00f6zt r\u00e9szt vett Marco Rossi, a magyar labdar\u00fag\u00f3 v\u00e1logatott sz\u00f6vets\u00e9gi kapit\u00e1nya is, aki az MTI-nek \u00fagy \u00e9rt\u00e9kelte, a magyarokat er\u0151s hazaszeretet jellemzi.<br \/>\n     Az olasz \u00e9s magyar n\u00e9p k\u00f6z\u00f6tt szerinte megl\u00e9v\u0151 sz\u00e1mtalan k\u00f6z\u00f6s pont k\u00f6z\u00fcl Marco Rossi a sport ir\u00e1nti szeretet emelte ki.(MTI)<\/p>\n","protected":false},"excerpt":{"rendered":"<p>Az olaszok 39 sz\u00e1zal\u00e9ka hat\u00e1rozotts\u00e1g\u00e1\u00e9rt \u00e9rt\u00e9keli a magyarokat, 52 sz\u00e1zal\u00e9k bizalmat \u00e9rez Magyarorsz\u00e1g ir\u00e1nt, 45 sz\u00e1zal\u00e9k kiemelten t\u00e1mogatja a k\u00e9t orsz\u00e1g k\u00f6z\u00f6tti politikai kapcsolat er\u0151s\u00edt\u00e9s\u00e9t &#8211; der\u00fclt ki a Piepoli olasz k\u00f6zv\u00e9lem\u00e9ny-kutat\u00f3 int\u00e9zet kedden R\u00f3m\u00e1ban bemutatott felm\u00e9r\u00e9s\u00e9b\u0151l.<\/p>\n","protected":false},"author":1001003,"featured_media":0,"comment_status":"closed","ping_status":"open","sticky":false,"template":"","format":"standard","meta":[],"categories":[4,12],"tags":[],"_links":{"self":[{"href":"https:\/\/gazdasagportal.hu\/index.php\/wp-json\/wp\/v2\/posts\/115267"}],"collection":[{"href":"https:\/\/gazdasagportal.hu\/index.php\/wp-json\/wp\/v2\/posts"}],"about":[{"href":"https:\/\/gazdasagportal.hu\/index.php\/wp-json\/wp\/v2\/types\/post"}],"author":[{"embeddable":true,"href":"https:\/\/gazdasagportal.hu\/index.php\/wp-json\/wp\/v2\/users\/1001003"}],"replies":[{"embeddable":true,"href":"https:\/\/gazdasagportal.hu\/index.php\/wp-json\/wp\/v2\/comments?post=115267"}],"version-history":[{"count":1,"href":"https:\/\/gazdasagportal.hu\/index.php\/wp-json\/wp\/v2\/posts\/115267\/revisions"}],"predecessor-version":[{"id":115268,"href":"https:\/\/gazdasagportal.hu\/index.php\/wp-json\/wp\/v2\/posts\/115267\/revisions\/115268"}],"wp:attachment":[{"href":"https:\/\/gazdasagportal.hu\/index.php\/wp-json\/wp\/v2\/media?parent=115267"}],"wp:term":[{"taxonomy":"category","embeddable":true,"href":"https:\/\/gazdasagportal.hu\/index.php\/wp-json\/wp\/v2\/categories?post=115267"},{"taxonomy":"post_tag","embeddable":true,"href":"https:\/\/gazdasagportal.hu\/index.php\/wp-json\/wp\/v2\/tags?post=115267"}],"curies":[{"name":"wp","href":"https:\/\/api.w.org\/{rel}","templated":true}]}}