{"id":115261,"date":"2019-04-16T21:01:11","date_gmt":"2019-04-16T19:01:11","guid":{"rendered":"http:\/\/gazdasagportal.hu\/?p=115261"},"modified":"2019-04-16T21:01:11","modified_gmt":"2019-04-16T19:01:11","slug":"notre-dame-a-pusztitas-mogott-megjelent-a-kozosseg-ereje","status":"publish","type":"post","link":"https:\/\/gazdasagportal.hu\/index.php\/notre-dame-a-pusztitas-mogott-megjelent-a-kozosseg-ereje\/","title":{"rendered":"Notre-Dame &#8211; A puszt\u00edt\u00e1s m\u00f6g\u00f6tt megjelent a k\u00f6z\u00f6ss\u00e9g ereje"},"content":{"rendered":"<p><strong>So\u00f3s Eszter Petronella Franciaorsz\u00e1g-szak\u00e9rt\u0151 szerint a p\u00e1rizsi Notre-Dame-ban puszt\u00edt\u00f3 t\u0171z ut\u00e1n megjelent az akarat, a k\u00f6z\u00f6ss\u00e9g ereje, hogy ak\u00e1rmi t\u00f6rt\u00e9nik a sz\u00e9kesegyh\u00e1zzal, mindig \u00fajj\u00e1\u00e9p\u00edtik.<\/strong><!--more--><\/p>\n<div class=\"ads-in-post1\"><div id=\"gazdasagportal.hu_fullbanner_wideboard\"><\/div>\r\n<\/div>\n<p>    A szak\u00e9rt\u0151t kedden az M1 aktu\u00e1lis csatorn\u00e1n arr\u00f3l k\u00e9rdezt\u00e9k, hogy a Notre-Dame g\u00f3tikus sz\u00e9kesegyh\u00e1zban, a francia f\u0151v\u00e1ros egyik jelk\u00e9p\u00e9ben h\u00e9tf\u0151n kora este keletkezett t\u0171z. A l\u00e1ngok a vil\u00e1gh\u00edr\u0171 \u00e9p\u00fclet fels\u0151 r\u00e9sz\u00e9ben puszt\u00edtottak, \u00f6sszeomlott a fel\u00faj\u00edt\u00e1s alatt \u00e1ll\u00f3 katedr\u00e1lis k\u00fap alak\u00fa tornya, a husz\u00e1rtorony, \u00e9s odaveszett a teljes tet\u0151szerkezet.<br \/>\n    So\u00f3s Eszter Petronella szerint a sz\u00e9kesegyh\u00e1z kultur\u00e1lis szimb\u00f3lum, amelyet azok is ismernek, akik nem vall\u00e1sosak vagy nem franci\u00e1k. Ehhez az ismerts\u00e9ghez sokat adott Victor Hugo 1831-es reg\u00e9nye, A p\u00e1rizsi Notre-Dame, amelyet sokszor feldolgoztak sz\u00ednh\u00e1zban \u00e9s filmen is &#8211; tette hozz\u00e1.<br \/>\n<div class=\"ads-in-post2\"><script async src=\"https:\/\/pagead2.googlesyndication.com\/pagead\/js\/adsbygoogle.js\"><\/script>\r\n<ins class=\"adsbygoogle\"\r\n     style=\"display:block\"\r\n     data-ad-format=\"fluid\"\r\n     data-ad-layout-key=\"-6t+ed+2i-1n-4w\"\r\n     data-ad-client=\"ca-pub-1959107119989764\"\r\n     data-ad-slot=\"4008251320\"><\/ins>\r\n<script>\r\n     (adsbygoogle = window.adsbygoogle || []).push({});\r\n<\/script><\/div>\n    K\u00f6z\u00f6lte, a Notre-Dame a francia katolicizmus sz\u00edve, fontos erekly\u00e9ket \u0151riztek ott. A jelenlegi h\u00edrek szerint a kegyt\u00e1rgyak \u00e9s a m\u0171v\u00e9szeti \u00f6r\u00f6ks\u00e9g jelent\u0151s r\u00e9sze megmenek\u00fclt, k\u00e9rd\u00e9s az orgona, bizonyos fresk\u00f3k, valamint a rozett\u00e1k sorsa. A t\u0171z ut\u00e1n m\u00e1r a v\u00edzk\u00e1rral is sz\u00e1molni kell az \u00e9p\u00fcletben, napok, hetek telhetnek el, mire kider\u00fcl, hogy ezekkel az \u00e9rt\u00e9kekkel mi t\u00f6rt\u00e9nt.<br \/>\n    So\u00f3s Eszter Petronella kiemelte: mivel az \u00e9p\u00fclet 19. sz\u00e1zadi fel\u00faj\u00edt\u00e1sa k\u00e9t \u00e9vtizedig tartott, csak az a k\u00e9rd\u00e9s, hogy melyik gener\u00e1ci\u00f3 l\u00e1tja \u00fajra eredeti form\u00e1j\u00e1ban a templomot, de eg\u00e9szen biztosan \u00fajj\u00e1\u00e9p\u00fcl. Hangs\u00falyozta: a puszt\u00edt\u00e1s m\u00f6g\u00f6tt megjelent az akarat, a k\u00f6z\u00f6ss\u00e9g ereje, hogy ak\u00e1rmi t\u00f6rt\u00e9nik a sz\u00e9kesegyh\u00e1zzal &#8211; p\u00e9ld\u00e1ul a francia forradalom idej\u00e9n k\u0151rakt\u00e1rnak haszn\u00e1lt\u00e1k &#8211; mindig \u00fajra\u00e9p\u00edtik.<br \/>\n    Jelezte azt is, hogy a t\u0171z keletkez\u00e9s\u00e9t vizsg\u00e1lva a m\u0171eml\u00e9kv\u00e9delem, munkav\u00e9delem k\u00e9rd\u00e9se biztosan \u00e9rdemben felmer\u00fcl majd. Egyel\u0151re azonban &#8211; f\u0171zte hozz\u00e1 &#8211; a szebb arc\u00e1t mutatja a francia politikai elit, megpr\u00f3b\u00e1lj\u00e1k meg\u00e9lni a k\u00f6z\u00f6s \u00e9rz\u00e9st.(MTI)<\/p>\n","protected":false},"excerpt":{"rendered":"<p>So\u00f3s Eszter Petronella Franciaorsz\u00e1g-szak\u00e9rt\u0151 szerint a p\u00e1rizsi Notre-Dame-ban puszt\u00edt\u00f3 t\u0171z ut\u00e1n megjelent az akarat, a k\u00f6z\u00f6ss\u00e9g ereje, hogy ak\u00e1rmi t\u00f6rt\u00e9nik a sz\u00e9kesegyh\u00e1zzal, mindig \u00fajj\u00e1\u00e9p\u00edtik.<\/p>\n","protected":false},"author":1001003,"featured_media":0,"comment_status":"closed","ping_status":"open","sticky":false,"template":"","format":"standard","meta":[],"categories":[4,12],"tags":[],"_links":{"self":[{"href":"https:\/\/gazdasagportal.hu\/index.php\/wp-json\/wp\/v2\/posts\/115261"}],"collection":[{"href":"https:\/\/gazdasagportal.hu\/index.php\/wp-json\/wp\/v2\/posts"}],"about":[{"href":"https:\/\/gazdasagportal.hu\/index.php\/wp-json\/wp\/v2\/types\/post"}],"author":[{"embeddable":true,"href":"https:\/\/gazdasagportal.hu\/index.php\/wp-json\/wp\/v2\/users\/1001003"}],"replies":[{"embeddable":true,"href":"https:\/\/gazdasagportal.hu\/index.php\/wp-json\/wp\/v2\/comments?post=115261"}],"version-history":[{"count":1,"href":"https:\/\/gazdasagportal.hu\/index.php\/wp-json\/wp\/v2\/posts\/115261\/revisions"}],"predecessor-version":[{"id":115262,"href":"https:\/\/gazdasagportal.hu\/index.php\/wp-json\/wp\/v2\/posts\/115261\/revisions\/115262"}],"wp:attachment":[{"href":"https:\/\/gazdasagportal.hu\/index.php\/wp-json\/wp\/v2\/media?parent=115261"}],"wp:term":[{"taxonomy":"category","embeddable":true,"href":"https:\/\/gazdasagportal.hu\/index.php\/wp-json\/wp\/v2\/categories?post=115261"},{"taxonomy":"post_tag","embeddable":true,"href":"https:\/\/gazdasagportal.hu\/index.php\/wp-json\/wp\/v2\/tags?post=115261"}],"curies":[{"name":"wp","href":"https:\/\/api.w.org\/{rel}","templated":true}]}}