{"id":115256,"date":"2019-04-16T16:15:38","date_gmt":"2019-04-16T14:15:38","guid":{"rendered":"http:\/\/gazdasagportal.hu\/?p=115256"},"modified":"2019-04-16T16:15:38","modified_gmt":"2019-04-16T14:15:38","slug":"csokkent-az-amerikai-ipari-termeles-marciusban","status":"publish","type":"post","link":"https:\/\/gazdasagportal.hu\/index.php\/csokkent-az-amerikai-ipari-termeles-marciusban\/","title":{"rendered":"Cs\u00f6kkent az amerikai ipari termel\u00e9s m\u00e1rciusban"},"content":{"rendered":"<p><strong>Az Egyes\u00fclt \u00c1llamokban zsugorodott az ipari termel\u00e9s, f\u0151leg a b\u00e1nyaipar visszaes\u0151 teljes\u00edtm\u00e9nye miatt. <\/strong><!--more--><\/p>\n<div class=\"ads-in-post1\"><div id=\"gazdasagportal.hu_fullbanner_wideboard\"><\/div>\r\n<\/div>\n<p>    Az amerikai jegybank szerep\u00e9t bet\u00f6lt\u0151 sz\u00f6vets\u00e9gi tartal\u00e9kbankrendszer (Fed) kedden azt k\u00f6z\u00f6lte, hogy szezon\u00e1lis kiigaz\u00edt\u00e1ssal sz\u00e1molva m\u00e1rciusban az el\u0151z\u0151 h\u00f3naphoz k\u00e9pes 0,1 sz\u00e1zal\u00e9kkal cs\u00f6kkent az ipari termel\u00e9s, ugyanannyival mint febru\u00e1rban. Az elemz\u0151k 0,2 sz\u00e1zal\u00e9kos emelked\u00e9st v\u00e1rtak.<br \/>\n<div class=\"ads-in-post2\"><script async src=\"https:\/\/pagead2.googlesyndication.com\/pagead\/js\/adsbygoogle.js\"><\/script>\r\n<ins class=\"adsbygoogle\"\r\n     style=\"display:block\"\r\n     data-ad-format=\"fluid\"\r\n     data-ad-layout-key=\"-6t+ed+2i-1n-4w\"\r\n     data-ad-client=\"ca-pub-1959107119989764\"\r\n     data-ad-slot=\"4008251320\"><\/ins>\r\n<script>\r\n     (adsbygoogle = window.adsbygoogle || []).push({});\r\n<\/script><\/div>\n    A gy\u00e1ripari termel\u00e9s a janu\u00e1ri \u00e9s febru\u00e1ri visszaes\u00e9s ut\u00e1n stagn\u00e1lt, a b\u00e1nyaipar kibocs\u00e1t\u00e1sa viszont 0,8 sz\u00e1zal\u00e9kkal cs\u00f6kkent.<br \/>\n    Az ipar kapacit\u00e1skihaszn\u00e1lts\u00e1ga a febru\u00e1ri 79 sz\u00e1zal\u00e9kr\u00f3l 78,8 sz\u00e1zal\u00e9kra cs\u00faszott vissza.(MTI)<\/p>\n","protected":false},"excerpt":{"rendered":"<p>Az Egyes\u00fclt \u00c1llamokban zsugorodott az ipari termel\u00e9s, f\u0151leg a b\u00e1nyaipar visszaes\u0151 teljes\u00edtm\u00e9nye miatt.<\/p>\n","protected":false},"author":1,"featured_media":0,"comment_status":"closed","ping_status":"open","sticky":false,"template":"","format":"standard","meta":[],"categories":[246],"tags":[],"_links":{"self":[{"href":"https:\/\/gazdasagportal.hu\/index.php\/wp-json\/wp\/v2\/posts\/115256"}],"collection":[{"href":"https:\/\/gazdasagportal.hu\/index.php\/wp-json\/wp\/v2\/posts"}],"about":[{"href":"https:\/\/gazdasagportal.hu\/index.php\/wp-json\/wp\/v2\/types\/post"}],"author":[{"embeddable":true,"href":"https:\/\/gazdasagportal.hu\/index.php\/wp-json\/wp\/v2\/users\/1"}],"replies":[{"embeddable":true,"href":"https:\/\/gazdasagportal.hu\/index.php\/wp-json\/wp\/v2\/comments?post=115256"}],"version-history":[{"count":1,"href":"https:\/\/gazdasagportal.hu\/index.php\/wp-json\/wp\/v2\/posts\/115256\/revisions"}],"predecessor-version":[{"id":115258,"href":"https:\/\/gazdasagportal.hu\/index.php\/wp-json\/wp\/v2\/posts\/115256\/revisions\/115258"}],"wp:attachment":[{"href":"https:\/\/gazdasagportal.hu\/index.php\/wp-json\/wp\/v2\/media?parent=115256"}],"wp:term":[{"taxonomy":"category","embeddable":true,"href":"https:\/\/gazdasagportal.hu\/index.php\/wp-json\/wp\/v2\/categories?post=115256"},{"taxonomy":"post_tag","embeddable":true,"href":"https:\/\/gazdasagportal.hu\/index.php\/wp-json\/wp\/v2\/tags?post=115256"}],"curies":[{"name":"wp","href":"https:\/\/api.w.org\/{rel}","templated":true}]}}