{"id":115248,"date":"2019-04-16T12:50:52","date_gmt":"2019-04-16T10:50:52","guid":{"rendered":"http:\/\/gazdasagportal.hu\/?p=115248"},"modified":"2019-04-16T12:51:28","modified_gmt":"2019-04-16T10:51:28","slug":"a-szerb-kormany-segit-a-svajcifrank-hiteleseken","status":"publish","type":"post","link":"https:\/\/gazdasagportal.hu\/index.php\/a-szerb-kormany-segit-a-svajcifrank-hiteleseken\/","title":{"rendered":"A szerb korm\u00e1ny seg\u00edt a sv\u00e1jcifrank-hiteleseken"},"content":{"rendered":"<p><strong>Szerbi\u00e1ban a sv\u00e1jcifrank-hitelesek tartoz\u00e1s\u00e1t eur\u00f3ra v\u00e1ltj\u00e1k, majd az \u00edgy kapott \u00f6sszeg 38 sz\u00e1zal\u00e9k\u00e1t le\u00edrj\u00e1k az \u00e1llam, illetve a bankok terh\u00e9re &#8211; d\u00f6nt\u00f6tt a szerb korm\u00e1ny kedden, az err\u0151l sz\u00f3l\u00f3 t\u00f6rv\u00e9nyjavaslat pedig m\u00e1r a h\u00e9ten a parlament el\u00e9 ker\u00fclhet.<\/strong><!--more--><\/p>\n<div class=\"ads-in-post1\"><div id=\"gazdasagportal.hu_fullbanner_wideboard\"><\/div>\r\n<\/div>\n<p>    Szerbi\u00e1ban mintegy 16 800 embernek van m\u00e9g sv\u00e1jcifrank-hitele, \u00f6sszesen 540 milli\u00f3 eur\u00f3 \u00e9rt\u00e9kben.<br \/>\n    Amennyiben a parlament is elfogadja az err\u0151l sz\u00f3l\u00f3 t\u00f6rv\u00e9nyt, a hitelesek tartoz\u00e1s\u00e1nak 15 sz\u00e1zal\u00e9k\u00e1t az \u00e1llam, 23 sz\u00e1zal\u00e9k\u00e1t pedig a bankok terh\u00e9re \u00edrj\u00e1k le. A t\u00f6rv\u00e9nyjavaslat szerint a fennmarad\u00f3 tartoz\u00e1s kamata nem haladhatja meg a 3,4 sz\u00e1zal\u00e9k plusz a h\u00e1rom h\u00f3napos vagy hat h\u00f3napos eur\u00f3pai ir\u00e1nyad\u00f3 bankk\u00f6zi kamatl\u00e1bat (Euribor), ha pedig fix kamatot \u00e1llap\u00edtanak meg, az nem haladhatja meg a 4 sz\u00e1zal\u00e9kot.<br \/>\n<div class=\"ads-in-post2\"><script async src=\"https:\/\/pagead2.googlesyndication.com\/pagead\/js\/adsbygoogle.js\"><\/script>\r\n<ins class=\"adsbygoogle\"\r\n     style=\"display:block\"\r\n     data-ad-format=\"fluid\"\r\n     data-ad-layout-key=\"-6t+ed+2i-1n-4w\"\r\n     data-ad-client=\"ca-pub-1959107119989764\"\r\n     data-ad-slot=\"4008251320\"><\/ins>\r\n<script>\r\n     (adsbygoogle = window.adsbygoogle || []).push({});\r\n<\/script><\/div>\n    A t\u00f6rv\u00e9nyjavaslat a korm\u00e1ny \u00e9s az \u00e9rdekelt felek hossz\u00fa t\u00e1rgyal\u00e1ssorozata ut\u00e1n sz\u00fcletett meg. A korm\u00e1ny d\u00f6nt\u00e9s\u00e9t feltehet\u0151en seg\u00edtette az is, hogy a szerbiai Legfels\u0151bb Semm\u00edt\u0151sz\u00e9k \u00e1prilis elej\u00e9n meghozott \u00e1ll\u00e1sfoglal\u00e1sa szerint a bankoknak a sv\u00e1jci frank alap\u00fa hiteleket eur\u00f3sra kell v\u00e1ltaniuk, \u00e9s fel kell hagyniuk azoknak a hiteleseknek a kilakoltat\u00e1s\u00e1val, akik nem tudj\u00e1k t\u00f6rleszteni a lak\u00e1shitel\u00fcket.(MTI)<\/p>\n","protected":false},"excerpt":{"rendered":"<p>Szerbi\u00e1ban a sv\u00e1jcifrank-hitelesek tartoz\u00e1s\u00e1t eur\u00f3ra v\u00e1ltj\u00e1k, majd az \u00edgy kapott \u00f6sszeg 38 sz\u00e1zal\u00e9k\u00e1t le\u00edrj\u00e1k az \u00e1llam, illetve a bankok terh\u00e9re &#8211; d\u00f6nt\u00f6tt a szerb korm\u00e1ny kedden, az err\u0151l sz\u00f3l\u00f3 t\u00f6rv\u00e9nyjavaslat pedig m\u00e1r a h\u00e9ten a parlament el\u00e9 ker\u00fclhet.<\/p>\n","protected":false},"author":1,"featured_media":0,"comment_status":"closed","ping_status":"open","sticky":false,"template":"","format":"standard","meta":[],"categories":[12,246],"tags":[],"_links":{"self":[{"href":"https:\/\/gazdasagportal.hu\/index.php\/wp-json\/wp\/v2\/posts\/115248"}],"collection":[{"href":"https:\/\/gazdasagportal.hu\/index.php\/wp-json\/wp\/v2\/posts"}],"about":[{"href":"https:\/\/gazdasagportal.hu\/index.php\/wp-json\/wp\/v2\/types\/post"}],"author":[{"embeddable":true,"href":"https:\/\/gazdasagportal.hu\/index.php\/wp-json\/wp\/v2\/users\/1"}],"replies":[{"embeddable":true,"href":"https:\/\/gazdasagportal.hu\/index.php\/wp-json\/wp\/v2\/comments?post=115248"}],"version-history":[{"count":1,"href":"https:\/\/gazdasagportal.hu\/index.php\/wp-json\/wp\/v2\/posts\/115248\/revisions"}],"predecessor-version":[{"id":115249,"href":"https:\/\/gazdasagportal.hu\/index.php\/wp-json\/wp\/v2\/posts\/115248\/revisions\/115249"}],"wp:attachment":[{"href":"https:\/\/gazdasagportal.hu\/index.php\/wp-json\/wp\/v2\/media?parent=115248"}],"wp:term":[{"taxonomy":"category","embeddable":true,"href":"https:\/\/gazdasagportal.hu\/index.php\/wp-json\/wp\/v2\/categories?post=115248"},{"taxonomy":"post_tag","embeddable":true,"href":"https:\/\/gazdasagportal.hu\/index.php\/wp-json\/wp\/v2\/tags?post=115248"}],"curies":[{"name":"wp","href":"https:\/\/api.w.org\/{rel}","templated":true}]}}