{"id":115246,"date":"2019-04-16T12:06:29","date_gmt":"2019-04-16T10:06:29","guid":{"rendered":"http:\/\/gazdasagportal.hu\/?p=115246"},"modified":"2019-04-16T12:06:29","modified_gmt":"2019-04-16T10:06:29","slug":"asz-fenntarthato-az-allamadossag-csokkentes","status":"publish","type":"post","link":"https:\/\/gazdasagportal.hu\/index.php\/asz-fenntarthato-az-allamadossag-csokkentes\/","title":{"rendered":"\u00c1SZ: fenntarthat\u00f3 az \u00e1llamad\u00f3ss\u00e1g-cs\u00f6kkent\u00e9s"},"content":{"rendered":"<p><strong>T\u00f6bbs\u00e9gben vannak azon t\u00e9nyez\u0151k, amelyek pozit\u00edvan befoly\u00e1solj\u00e1k az \u00e1llamad\u00f3ss\u00e1g-mutat\u00f3 fenntarthat\u00f3 cs\u00f6kkent\u00e9s\u00e9t az \u00c1llami Sz\u00e1mvev\u0151sz\u00e9k (\u00c1SZ) elemz\u00e9se szerint.<\/strong><!--more--><\/p>\n<div class=\"ads-in-post1\"><div id=\"gazdasagportal.hu_fullbanner_wideboard\"><\/div>\r\n<\/div>\n<p>    Az \u00c1SZ a 2014-2017 k\u00f6z\u00f6tti id\u0151szakra vizsg\u00e1lta az \u00e1llamad\u00f3ss\u00e1g-mutat\u00f3 cs\u00f6kkent\u00e9s\u00e9nek fenntarthat\u00f3s\u00e1g\u00e1t, \u00e9s figyelembe vett\u00e9k a 2018-as \u00e9vr\u0151l rendelkez\u00e9sre \u00e1ll\u00f3 adatokat is. Magyarorsz\u00e1g Alapt\u00f6rv\u00e9nye az \u00e1llam elad\u00f3sodotts\u00e1g\u00e1nak m\u00e9rs\u00e9kl\u00e9s\u00e9t, azaz az \u00e1llamad\u00f3ss\u00e1g GDP-hez viszony\u00edtott ar\u00e1ny\u00e1nak (\u00e1llamad\u00f3ss\u00e1g-mutat\u00f3) folyamatos cs\u00f6kkent\u00e9s\u00e9t \u00edrja el\u0151, mindaddig, am\u00edg \u00e9rt\u00e9ke az 50,0 sz\u00e1zal\u00e9kot meghaladja.<br \/>\n    Az elemz\u00e9s alapj\u00e1n az \u00e1llamad\u00f3ss\u00e1g-mutat\u00f3 \u00e9rt\u00e9k\u00e9nek fenntarthat\u00f3 cs\u00f6kken\u00e9s\u00e9t 15 t\u00e9nyez\u0151 t\u00e1mogatja, k\u00e9t negat\u00edv kock\u00e1zati t\u00e9nyez\u0151t t\u00e1rtak fel.<br \/>\n    Az elemz\u00e9s negat\u00edv kock\u00e1zatk\u00e9nt jelzi, hogy 2017-ben a k\u00f6lts\u00e9gvet\u00e9s els\u0151dleges egyenlege &#8211; els\u0151sorban az uni\u00f3s forr\u00e1sok nagym\u00e9rt\u00e9k\u0171 megel\u0151legez\u00e9se k\u00f6vetkezt\u00e9ben &#8211; negat\u00edvv\u00e1 v\u00e1lt. Ugyanakkor a megel\u0151legez\u00e9s a k\u00f6vetkez\u0151 \u00e9vek k\u00f6lts\u00e9gvet\u00e9s\u00e9t tehermentes\u00edti, azaz akkor el\u0151seg\u00edti majd az ad\u00f3ss\u00e1gmutat\u00f3 javul\u00e1s\u00e1t.<br \/>\n<div class=\"ads-in-post2\"><script async src=\"https:\/\/pagead2.googlesyndication.com\/pagead\/js\/adsbygoogle.js\"><\/script>\r\n<ins class=\"adsbygoogle\"\r\n     style=\"display:block\"\r\n     data-ad-format=\"fluid\"\r\n     data-ad-layout-key=\"-6t+ed+2i-1n-4w\"\r\n     data-ad-client=\"ca-pub-1959107119989764\"\r\n     data-ad-slot=\"4008251320\"><\/ins>\r\n<script>\r\n     (adsbygoogle = window.adsbygoogle || []).push({});\r\n<\/script><\/div>\n    A munkaer\u0151k\u00f6lts\u00e9g dinamikus n\u00f6veked\u00e9se jelenti a m\u00e1sik negat\u00edv kock\u00e1zati t\u00e9nyez\u0151t, amely a versenyk\u00e9pess\u00e9gen kereszt\u00fcl hat.<br \/>\n    Az \u00c1SZ szerint az elemz\u00e9s \u00e1ltal felt\u00e1rt k\u00e9t negat\u00edv kock\u00e1zati t\u00e9nyez\u0151 j\u00f6v\u0151beni nyomon k\u00f6vet\u00e9se, \u00e9rt\u00e9kel\u00e9se sz\u00fcks\u00e9ges annak \u00e9rdek\u00e9ben, hogy azok hat\u00e1sai k\u00f6z\u00e9pt\u00e1von is kezelhet\u0151ek legyenek.<br \/>\n    Az \u00e1llamad\u00f3ss\u00e1g nomin\u00e1lis n\u00f6veked\u00e9se a vizsg\u00e1lt id\u0151szakban folytat\u00f3dott, de az \u00e1llamad\u00f3ss\u00e1g szerkezete a s\u00e9r\u00fcl\u00e9kenys\u00e9g szempontj\u00e1b\u00f3l sokkal kedvez\u0151bb\u00e9 v\u00e1lt. Az \u00e1llamad\u00f3ss\u00e1g-mutat\u00f3 folyamatos cs\u00f6kken\u00e9s\u00e9t &#8211; az \u00e1llamad\u00f3ss\u00e1g m\u00e9rs\u00e9keltebb n\u00f6veked\u00e9se mellett &#8211; a GDP dinamikus n\u00f6veked\u00e9se eredm\u00e9nyezte a vizsg\u00e1lt id\u0151szakban. A GDP-re hat\u00f3 \u00f6t t\u00e9nyez\u0151 k\u00f6z\u00fcl n\u00e9gynek a pozit\u00edv min\u0151s\u00edt\u00e9se azt jelzi, hogy r\u00f6vid \u00e9s k\u00f6z\u00e9pt\u00e1von is folytat\u00f3dhat az a folyamat, miszerint a gazdas\u00e1got ar\u00e1nyaiban egyre kev\u00e9sb\u00e9 terheli az ad\u00f3ss\u00e1g.<br \/>\n    Az elemz\u00e9s szerint pozit\u00edv kock\u00e1zatot jelentett a devizaad\u00f3ss\u00e1g r\u00e9szar\u00e1ny\u00e1nak cs\u00f6kken\u00e9se \u00e9s a forint-\u00e1rfolyam ingadoz\u00e1s\u00e1nak jelent\u0151s m\u00e9rs\u00e9kl\u0151d\u00e9se. Az \u00e1llamad\u00f3ss\u00e1g eg\u00e9sze kock\u00e1zati szempontb\u00f3l stabilnak min\u0151s\u00edthet\u0151. A k\u00fcls\u0151 versenyk\u00e9pess\u00e9g pozit\u00edv min\u0151s\u00edt\u00e9s\u00e9t a foly\u00f3 fizet\u00e9si m\u00e9rleg t\u00f6bblete, \u00e9s a nett\u00f3 nemzetk\u00f6zi befektet\u00e9si poz\u00edci\u00f3 javul\u00e1sa eredm\u00e9nyezte. Az exportpiaci r\u00e9szesed\u00e9s stabilan alakult, jegyzi meg az elemz\u00e9s.<br \/>\n    A fejleszt\u00e9s szempontj\u00e1b\u00f3l pozit\u00edv kock\u00e1zati t\u00e9nyez\u0151 a v\u00e1llalati hitel\u00e1llom\u00e1ny dinamikus n\u00f6veked\u00e9se, ami egy\u00fctt j\u00e1rt a v\u00e1llalati beruh\u00e1z\u00e1sok b\u0151v\u00fcl\u00e9s\u00e9vel. Stabil min\u0151s\u00edt\u00e9st kapott, de kedvez\u0151tlennek tekinthet\u0151 az \u00c1SZ szerint, hogy a k+f r\u00e1ford\u00edt\u00e1sok \u00e9rt\u00e9ke a GDP sz\u00e1zal\u00e9k\u00e1ban nem v\u00e1ltozott 2014-2017 k\u00f6z\u00f6tt. A foglalkoztat\u00e1s indik\u00e1torai egys\u00e9gesen pozit\u00edv kock\u00e1zatokat jeleznek az elemz\u00e9s szerint. A fogyaszt\u00e1shoz tartoz\u00f3 t\u00e9nyez\u0151k k\u00f6z\u00f6tt a brutt\u00f3 re\u00e1lkeresetek folyamatos emelked\u00e9se, a h\u00e1ztart\u00e1sok fogyaszt\u00e1si kiad\u00e1sainak n\u00f6veked\u00e9se \u00e9s a p\u00e9nz\u00fcgyi eszk\u00f6zeik \u00e9rt\u00e9ke is folyamatosan n\u0151tt az elemzett id\u0151szakban.(MTI)<\/p>\n","protected":false},"excerpt":{"rendered":"<p>T\u00f6bbs\u00e9gben vannak azon t\u00e9nyez\u0151k, amelyek pozit\u00edvan befoly\u00e1solj\u00e1k az \u00e1llamad\u00f3ss\u00e1g-mutat\u00f3 fenntarthat\u00f3 cs\u00f6kkent\u00e9s\u00e9t az \u00c1llami Sz\u00e1mvev\u0151sz\u00e9k (\u00c1SZ) elemz\u00e9se szerint.<\/p>\n","protected":false},"author":1,"featured_media":0,"comment_status":"closed","ping_status":"open","sticky":false,"template":"","format":"standard","meta":[],"categories":[4,19],"tags":[],"_links":{"self":[{"href":"https:\/\/gazdasagportal.hu\/index.php\/wp-json\/wp\/v2\/posts\/115246"}],"collection":[{"href":"https:\/\/gazdasagportal.hu\/index.php\/wp-json\/wp\/v2\/posts"}],"about":[{"href":"https:\/\/gazdasagportal.hu\/index.php\/wp-json\/wp\/v2\/types\/post"}],"author":[{"embeddable":true,"href":"https:\/\/gazdasagportal.hu\/index.php\/wp-json\/wp\/v2\/users\/1"}],"replies":[{"embeddable":true,"href":"https:\/\/gazdasagportal.hu\/index.php\/wp-json\/wp\/v2\/comments?post=115246"}],"version-history":[{"count":1,"href":"https:\/\/gazdasagportal.hu\/index.php\/wp-json\/wp\/v2\/posts\/115246\/revisions"}],"predecessor-version":[{"id":115247,"href":"https:\/\/gazdasagportal.hu\/index.php\/wp-json\/wp\/v2\/posts\/115246\/revisions\/115247"}],"wp:attachment":[{"href":"https:\/\/gazdasagportal.hu\/index.php\/wp-json\/wp\/v2\/media?parent=115246"}],"wp:term":[{"taxonomy":"category","embeddable":true,"href":"https:\/\/gazdasagportal.hu\/index.php\/wp-json\/wp\/v2\/categories?post=115246"},{"taxonomy":"post_tag","embeddable":true,"href":"https:\/\/gazdasagportal.hu\/index.php\/wp-json\/wp\/v2\/tags?post=115246"}],"curies":[{"name":"wp","href":"https:\/\/api.w.org\/{rel}","templated":true}]}}