{"id":115225,"date":"2019-04-15T15:11:57","date_gmt":"2019-04-15T13:11:57","guid":{"rendered":"http:\/\/gazdasagportal.hu\/?p=115225"},"modified":"2019-04-15T15:11:57","modified_gmt":"2019-04-15T13:11:57","slug":"az-europai-unio-tagallamai-jovahagytak-a-szerzoi-jogi-iranyelv-vitatott-modositasat","status":"publish","type":"post","link":"https:\/\/gazdasagportal.hu\/index.php\/az-europai-unio-tagallamai-jovahagytak-a-szerzoi-jogi-iranyelv-vitatott-modositasat\/","title":{"rendered":"Az Eur\u00f3pai Uni\u00f3 tag\u00e1llamai j\u00f3v\u00e1hagyt\u00e1k a szerz\u0151i jogi ir\u00e1nyelv vitatott m\u00f3dos\u00edt\u00e1s\u00e1t"},"content":{"rendered":"<p><strong>J\u00f3v\u00e1hagyt\u00e1k a szerz\u0151i jogi szab\u00e1lyoz\u00e1s vitatott m\u00f3dos\u00edt\u00e1s\u00e1t h\u00e9tf\u0151n az Eur\u00f3pai Uni\u00f3 tag\u00e1llamai, \u00edgy m\u00e1ra minden akad\u00e1ly elh\u00e1rult az egyesek szerint az internet szabads\u00e1g\u00e1t vesz\u00e9lyeztet\u0151 ir\u00e1nyelv hat\u00e1lyba l\u00e9p\u00e9se el\u0151l.<\/strong><!--more--><\/p>\n<div class=\"ads-in-post1\"><div id=\"gazdasagportal.hu_fullbanner_wideboard\"><\/div>\r\n<\/div>\n<p>    Az el\u0151terjeszt\u00e9st tizenkilenc tag\u00e1llam &#8211; k\u00f6zt\u00fck Franciaorsz\u00e1g \u00e9s N\u00e9metorsz\u00e1g &#8211; korm\u00e1nya megszavazta, Finnorsz\u00e1g, Hollandia, Lengyelorsz\u00e1g, Luxemburg, Olaszorsz\u00e1g \u00e9s Sv\u00e9dorsz\u00e1g ellene volt, Belgium, \u00c9sztorsz\u00e1g \u00e9s Szlov\u00e9nia pedig tart\u00f3zkodott.<br \/>\n    Az ir\u00e1nyelvvel biztos\u00edtani akarj\u00e1k, hogy az internetes v\u00e1llalatok a jelenlegin\u00e9l t\u00f6bbet fizessenek a felhaszn\u00e1lt tartalmak ut\u00e1n a m\u0171v\u00e9szeknek, a zen\u00e9szeknek \u00e9s a h\u00edrszolg\u00e1ltat\u00f3knak. A kisebb platformokra \u00e9s a startup c\u00e9gekre enyh\u00e9bb el\u0151\u00edr\u00e1sok vonatkozn\u00e1nak, mint p\u00e9ld\u00e1ul a Youtube-ra vagy a Google-ra. A Wikipedi\u00e1hoz hasonl\u00f3, nem kereskedelmi c\u00e9l\u00fa oldalak pedig automatikusan k\u00edv\u00fcl esnek majd a szerz\u0151i jogi szab\u00e1lyoz\u00e1snak al\u00e1vetett tartalmak k\u00f6r\u00e9n.<br \/>\n<div class=\"ads-in-post2\"><script async src=\"https:\/\/pagead2.googlesyndication.com\/pagead\/js\/adsbygoogle.js\"><\/script>\r\n<ins class=\"adsbygoogle\"\r\n     style=\"display:block\"\r\n     data-ad-format=\"fluid\"\r\n     data-ad-layout-key=\"-6t+ed+2i-1n-4w\"\r\n     data-ad-client=\"ca-pub-1959107119989764\"\r\n     data-ad-slot=\"4008251320\"><\/ins>\r\n<script>\r\n     (adsbygoogle = window.adsbygoogle || []).push({});\r\n<\/script><\/div>\n    A friss\u00edtett ir\u00e1nyelv nem t\u00e9r ki arra, hogy milyen eszk\u00f6z\u00f6k sz\u00fcks\u00e9gesek a jogs\u00e9rt\u0151 tartalmak elt\u00e1vol\u00edt\u00e1s\u00e1ra, csup\u00e1n meghat\u00e1rozza, hogy nem lehetnek az internetes platformokon illeg\u00e1lis, szerz\u0151i jogi v\u00e9delem al\u00e1 es\u0151 tartalmak. Ha m\u00e9gis ez t\u00f6rt\u00e9nik, a jogtulajdonosok pert ind\u00edthatnak.<br \/>\n    A kor\u00e1bbi tervezetek legink\u00e1bb vitatott pontj\u00e1t a valamilyen form\u00e1ban szerz\u0151i jogi v\u00e9delem al\u00e1 es\u0151 tartalmak t\u00f6rl\u00e9s\u00e9re vonatkoz\u00f3 el\u0151\u00edr\u00e1sok jelentett\u00e9k. Noha ezen v\u00e9gleges egyezs\u00e9gben m\u00e1r nincs sz\u00f3 k\u00f6telez\u0151 el\u0151zetes sz\u0171r\u00e9sr\u0151l, sok b\u00edr\u00e1l\u00f3 szerint a platformok val\u00f3sz\u00edn\u0171leg \u00edgy is algoritmusokat fognak bevezetni, hogy megfeleljenek az \u00faj szab\u00e1lyoknak.<br \/>\n    Mint a t\u00e1j\u00e9koztat\u00e1sban \u00edrt\u00e1k, id\u00e9z\u00e9s, kritika, recenzi\u00f3, karikat\u00fara vagy par\u00f3dia k\u00e9sz\u00edt\u00e9s\u00e9nek c\u00e9lj\u00e1b\u00f3l ezut\u00e1n is &#8211; s\u0151t az eddigin\u00e9l nagyobb v\u00e9delem mellett &#8211; fel lehet t\u00f6lteni v\u00e9dett tartalmakat, \u00edgy a GIF-ek \u00e9s m\u00e9mek tov\u00e1bbra is a vil\u00e1gh\u00e1l\u00f3n maradnak \u00e9s megoszthat\u00f3k lesznek.<br \/>\n    &#8222;Ezzel a l\u00e9p\u00e9ssel a digit\u00e1lis korszakhoz igaz\u00edtjuk szerz\u0151i jogi szab\u00e1lyainkat. Az EU digit\u00e1lis egys\u00e9ges piac\u00e1t illet\u0151en ez a kirak\u00f3s j\u00e1t\u00e9k hi\u00e1nyz\u00f3 darabja&#8221; &#8211; emelte ki Jean-Claude Juncker, az Eur\u00f3pai Bizotts\u00e1g eln\u00f6ke.<br \/>\n    Valer Daniel Breaz, az EU soros eln\u00f6ks\u00e9g\u00e9t bet\u00f6lt\u0151 Rom\u00e1nia kultur\u00e1lis minisztere pedig kiegyens\u00falyozottnak, m\u00e9rf\u00f6ldk\u0151nek nevezte a 2001-ben \u00e9letbe l\u00e9pett \u00e9s m\u00e1ra elavult ir\u00e1nyelvet felv\u00e1lt\u00f3 kompromisszumot.<br \/>\n    A meg\u00e1llapod\u00e1st az EU m\u00e1sik t\u00e1rsjogalkot\u00f3 int\u00e9zm\u00e9nye, az Eur\u00f3pai Parlament m\u00e1rcius v\u00e9g\u00e9n m\u00e1r megszavazta.<br \/>\n    M\u00e9g az utols\u00f3 pillanatokban is komoly tiltakoz\u00e1sok voltak a tervezet ellen, az \u00fcgyben az egyes EP-frakci\u00f3k \u00e9s nemzeti deleg\u00e1ci\u00f3k is megosztottak voltak.<br \/>\n    Tiltakoz\u00e1sukban szokatlan m\u00f3don egy platformra ker\u00fcltek az amerikai internetes \u00f3ri\u00e1sc\u00e9gek, p\u00e9ld\u00e1ul a Facebook vagy a Google, bizonyos eur\u00f3pai baloldali csoportok \u00e9s adatv\u00e9delmi aktivist\u00e1k, illetve egyes EU-ellenes, nacionalista vagy sz\u00e9ls\u0151jobboldali p\u00e1rtok.<br \/>\n    Az Eur\u00f3pai Uni\u00f3 tag\u00e1llamainak k\u00e9t \u00e9v\u00fck lesz \u00e1t\u00fcltetni az \u00faj szab\u00e1lyokat a nemzeti jogba.(MTI)<\/p>\n","protected":false},"excerpt":{"rendered":"<p>J\u00f3v\u00e1hagyt\u00e1k a szerz\u0151i jogi szab\u00e1lyoz\u00e1s vitatott m\u00f3dos\u00edt\u00e1s\u00e1t h\u00e9tf\u0151n az Eur\u00f3pai Uni\u00f3 tag\u00e1llamai, \u00edgy m\u00e1ra minden akad\u00e1ly elh\u00e1rult az egyesek szerint az internet szabads\u00e1g\u00e1t vesz\u00e9lyeztet\u0151 ir\u00e1nyelv hat\u00e1lyba l\u00e9p\u00e9se el\u0151l.<\/p>\n","protected":false},"author":1,"featured_media":0,"comment_status":"closed","ping_status":"open","sticky":false,"template":"","format":"standard","meta":[],"categories":[12],"tags":[],"_links":{"self":[{"href":"https:\/\/gazdasagportal.hu\/index.php\/wp-json\/wp\/v2\/posts\/115225"}],"collection":[{"href":"https:\/\/gazdasagportal.hu\/index.php\/wp-json\/wp\/v2\/posts"}],"about":[{"href":"https:\/\/gazdasagportal.hu\/index.php\/wp-json\/wp\/v2\/types\/post"}],"author":[{"embeddable":true,"href":"https:\/\/gazdasagportal.hu\/index.php\/wp-json\/wp\/v2\/users\/1"}],"replies":[{"embeddable":true,"href":"https:\/\/gazdasagportal.hu\/index.php\/wp-json\/wp\/v2\/comments?post=115225"}],"version-history":[{"count":1,"href":"https:\/\/gazdasagportal.hu\/index.php\/wp-json\/wp\/v2\/posts\/115225\/revisions"}],"predecessor-version":[{"id":115226,"href":"https:\/\/gazdasagportal.hu\/index.php\/wp-json\/wp\/v2\/posts\/115225\/revisions\/115226"}],"wp:attachment":[{"href":"https:\/\/gazdasagportal.hu\/index.php\/wp-json\/wp\/v2\/media?parent=115225"}],"wp:term":[{"taxonomy":"category","embeddable":true,"href":"https:\/\/gazdasagportal.hu\/index.php\/wp-json\/wp\/v2\/categories?post=115225"},{"taxonomy":"post_tag","embeddable":true,"href":"https:\/\/gazdasagportal.hu\/index.php\/wp-json\/wp\/v2\/tags?post=115225"}],"curies":[{"name":"wp","href":"https:\/\/api.w.org\/{rel}","templated":true}]}}