{"id":115217,"date":"2019-04-15T11:06:52","date_gmt":"2019-04-15T09:06:52","guid":{"rendered":"http:\/\/gazdasagportal.hu\/?p=115217"},"modified":"2019-04-15T11:06:52","modified_gmt":"2019-04-15T09:06:52","slug":"hatrannyal-elo-embertarsainknak-biztosit-munkat-a-spar","status":"publish","type":"post","link":"https:\/\/gazdasagportal.hu\/index.php\/hatrannyal-elo-embertarsainknak-biztosit-munkat-a-spar\/","title":{"rendered":"H\u00e1tr\u00e1nnyal \u00e9l\u0151 embert\u00e1rsainknak biztos\u00edt munk\u00e1t a SPAR"},"content":{"rendered":"<p><strong>Az \u00e1ruh\u00e1zl\u00e1nc id\u00e9n \u00fajabb autista fiatalnak biztos\u00edt munk\u00e1t. Az es\u00e9lyegyenl\u0151s\u00e9g ir\u00e1nt r\u00e9g\u00f3ta elk\u00f6telezett v\u00e1llalat a fogyat\u00e9kkal \u00e9l\u0151ket \u00e9ppen \u00fagy seg\u00edti, mint a megv\u00e1ltozott munkak\u00e9pess\u00e9g\u0171 koll\u00e9g\u00e1kat. Szakreferens, mentor \u00e9s f\u00f3rumbesz\u00e9lget\u00e9s-sorozat k\u00f6nny\u00edti meg a csatlakoz\u00e1st a munka \u00e9rt\u00e9kteremt\u0151 vil\u00e1g\u00e1hoz. <\/strong><!--more--><\/p>\n<div class=\"ads-in-post1\"><div id=\"gazdasagportal.hu_fullbanner_wideboard\"><\/div>\r\n<\/div>\n<p>A t\u00f6rv\u00e9nyek szerint megv\u00e1ltozott munkak\u00e9pess\u00e9g\u0171 szem\u00e9lynek kell tekinteni, aki eg\u00e9szs\u00e9g\u00fcgyi \u00e1llapot\u00e1nak roml\u00e1s\u00e1b\u00f3l ered\u0151en 40 sz\u00e1zal\u00e9kos vagy azt meghalad\u00f3 m\u00e9rt\u00e9kben megv\u00e1ltozott munkak\u00e9pess\u00e9g\u0171. A fogyat\u00e9kkal \u00e9l\u0151knek pedig \u00f6t kateg\u00f3ri\u00e1j\u00e1t tartj\u00e1k sz\u00e1mon: l\u00e1t\u00e1s-, hall\u00e1s- \u00e9s mozg\u00e1ss\u00e9r\u00fcltek, pszich\u00e9s \u00e9s ment\u00e1lis probl\u00e9m\u00e1kkal k\u00fczd\u0151k, valamint s\u00falyosan s\u00e9r\u00fcltek, akik rendszerint k\u00e9ptelenek b\u00e1rmilyen munk\u00e1t v\u00e9gezni.<\/p>\n<p>\u201eA SPAR alap\u00edt\u00e1sa \u00f3ta kiemelt figyelmet ford\u00edt a megv\u00e1ltozott munkak\u00e9pess\u00e9g\u0171, illetve a fogyat\u00e9kkal \u00e9l\u0151 koll\u00e9g\u00e1k beilleszked\u00e9s\u00e9re \u00e9s hossz\u00fa t\u00e1v\u00fa foglalkoztat\u00e1sukra, megtart\u00e1sukra. Es\u00e9lyegyenl\u0151s\u00e9gi referenst alkalmazunk, \u00e9rz\u00e9keny\u00edt\u0151 tr\u00e9ningeket tartunk a munka-t\u00e1rsainknak. Emellett folyamatosan keress\u00fck azokat a t\u00e1mogat\u00e1si form\u00e1kat, amikkel el\u0151seg\u00edthetj\u00fck a fogyat\u00e9kkal \u00e9l\u0151k es\u00e9lyegyenl\u0151s\u00e9g\u00e9nek megteremt\u00e9s\u00e9t\u201d \u2013 mondta Maczelka M\u00e1rk, a SPAR kommunik\u00e1ci\u00f3s vezet\u0151je.<\/p><div id=\"gazda-3318887537\" class=\"gazda-tartalomban gazda-entity-placement\"><script async src=\"https:\/\/pagead2.googlesyndication.com\/pagead\/js\/adsbygoogle.js\"><\/script>\r\n<ins class=\"adsbygoogle\"\r\n     style=\"display:block\"\r\n     data-ad-format=\"fluid\"\r\n     data-ad-layout-key=\"-6t+ed+2i-1n-4w\"\r\n     data-ad-client=\"ca-pub-1959107119989764\"\r\n     data-ad-slot=\"4008251320\"><\/ins>\r\n<script>\r\n     (adsbygoogle = window.adsbygoogle || []).push({});\r\n<\/script><\/div>\n<p>A v\u00e1llalatn\u00e1l jelenleg 119 megv\u00e1ltozott munkak\u00e9pess\u00e9g\u0171 munkav\u00e1llal\u00f3 dolgozik, \u00e9s t\u00edz f\u0151 fogyat\u00e9kkal \u00e9l\u0151, autista fiatalnak adnak munk\u00e1t. A SPAR 2017-t\u0151l egy\u00fcttm\u0171k\u00f6dik a t\u00f3tv\u00e1zsonyi Janka Tany\u00e1val, amely egy autista fiatalokkal foglalkoz\u00f3 nonprofit szervezet. A Janka Tanya c\u00e9lja olyan napk\u00f6zbeni foglalkoz\u00e1s megval\u00f3s\u00edt\u00e1sa, amely lehet\u0151v\u00e9 teszi a siker\u00e9lm\u00e9ny meg\u00e9l\u00e9s\u00e9t \u00e9s hozz\u00e1j\u00e1rul ahhoz, hogy az autista embert\u00e1rsaink is a t\u00e1rsadalom \u00e9let\u00e9nek r\u00e9szesei lehessenek. A veszpr\u00e9mi INTERSPAR munkat\u00e1rsai heti k\u00e9t-h\u00e1rom alkalommal fogadj\u00e1k a fiatalokat, akik fejleszt\u0151 pedag\u00f3gusaik mentori ir\u00e1ny\u00edt\u00e1s\u00e1val v\u00e1ltozatos feladatokat l\u00e1tnak el az \u00e1ruh\u00e1zban. A kezdem\u00e9nyez\u00e9s k\u00f6z\u00f6ss\u00e9gform\u00e1l\u00f3 ereje mellett lehet\u0151s\u00e9get biztos\u00edt arra, hogy a fiatalokat k\u00f6zelebb hozza a munka vil\u00e1g\u00e1hoz. A v\u00e1llalat tavaly laptopokkal is t\u00e1mogatta a veszpr\u00e9mi fiatalokat, valamint az \u00e1ltaluk k\u00e9sz\u00edtett d\u00edszek, haszn\u00e1lati t\u00e1rgyak \u00e9vek \u00f3ta megv\u00e1s\u00e1rolhat\u00f3k a SPAR k\u00f6zpontj\u00e1ban megrendez\u00e9sre ker\u00fcl\u0151 kar\u00e1csonyi \u00e9s h\u00fasv\u00e9ti v\u00e1s\u00e1ron a Magyar M\u00e1ltai Szeretetszolg\u00e1lat p\u00e1tyi ker\u00e1miam\u0171hely\u00e9ben dolgoz\u00f3, fogyat\u00e9koss\u00e1ggal \u00e9l\u0151k alkot\u00e1sai mellett.<\/p>\n<div class=\"ads-in-post2\"><script async src=\"https:\/\/pagead2.googlesyndication.com\/pagead\/js\/adsbygoogle.js\"><\/script>\r\n<ins class=\"adsbygoogle\"\r\n     style=\"display:block\"\r\n     data-ad-format=\"fluid\"\r\n     data-ad-layout-key=\"-6t+ed+2i-1n-4w\"\r\n     data-ad-client=\"ca-pub-1959107119989764\"\r\n     data-ad-slot=\"4008251320\"><\/ins>\r\n<script>\r\n     (adsbygoogle = window.adsbygoogle || []).push({});\r\n<\/script><\/div>\nA Janka Tanya p\u00e1rtfogoltjai mellett az \u00fczletl\u00e1nc \u2013 hasonl\u00f3 felt\u00e9telekkel \u00e9s met\u00f3dus szerint \u2013 tov\u00e1bbi k\u00e9t partnerszervezet\u00e9nek fiataljait is seg\u00edti: az Es\u0151emberke Alap\u00edtv\u00e1ny a Vas Megyei Autist\u00e1k\u00e9rt \u00e9s a Zala megyei Alap\u00edtv\u00e1ny az Autista Gyermekek\u00e9rt p\u00e1rtfogoltjai is lehet\u0151s\u00e9get kapnak a beilleszked\u00e9sre a v\u00e1llalatnak k\u00f6sz\u00f6nhet\u0151en. A partners\u00e9g \u00fajabb \u00e1llom\u00e1sa, hogy a zalai civil szervezett\u0151l id\u00e9n janu\u00e1r 16. \u00f3ta egy f\u0151 autista \u00e9s egy f\u0151 szakmai ir\u00e1ny\u00edt\u00f3 a nagykanizsai INTESPAR \u00e1ruh\u00e1zban l\u00e1t el fontos feladatokat, a szombathelyi INTERSPAR \u00fczletben pedig h\u00e1rom f\u0151vel \u00e1prilis 1-t\u0151l indul a k\u00f6z\u00f6s munka, amelyhez a tervek szerint a j\u00f6v\u0151ben t\u00f6bben is csatlakoznak majd.<\/p>\n<p>\u201eMivel a kereskedelmi munka alapvet\u0151en fizikai jelleg\u0171 tev\u00e9kenys\u00e9g, \u00edgy a munkak\u00f6r\u00f6ket \u00fagy alak\u00edtottuk ki vagy form\u00e1ltuk \u00e1t, hogy a megv\u00e1ltozott munkak\u00e9pess\u00e9g\u0171ek is el tudj\u00e1k v\u00e9gezni. A SPAR b\u00fcszke arra, hogy ezeknek az embereknek megfelel\u0151 min\u0151s\u00e9g\u0171 munk\u00e1t tud biztos\u00edtani, \u00e9s rendk\u00edv\u00fcl h\u00e1l\u00e1s az \u00e1tlagon fel\u00fcli h\u0171s\u00e9g\u00fck\u00e9rt, p\u00e9ldamutat\u00f3 kitart\u00e1suk\u00e9rt \u00e9s szorgalmuk\u00e9rt\u201d \u2013 tette hozz\u00e1 a kommunik\u00e1ci\u00f3s vezet\u0151.<\/p>\n<p>A SPAR mindemellett 107 szupermarket \u00e1ruh\u00e1z\u00e1ban, illetve hipermarketj\u00e9ben olyan \u00e1rus\u00edt\u00f3helyeket biztos\u00edt a Szerencsej\u00e1t\u00e9k Zrt.-nek, ahol megv\u00e1ltozott munkak\u00e9pess\u00e9g\u0171 emberek \u00e9rt\u00e9kes\u00edtenek sorsjegyeket.<\/p>\n<p>A v\u00e1llalat a megv\u00e1ltozott munkak\u00e9pess\u00e9g\u0171 munkav\u00e1llal\u00f3inak f\u00f3rumokat is szervez, ahol a munkav\u00e9gz\u00e9s\u00fcket \u00e9rint\u0151 neh\u00e9zs\u00e9gekr\u0151l, ezek megold\u00e1si lehet\u0151s\u00e9geir\u0151l besz\u00e9lgetnek. Igyekeznek \u00e9vente az orsz\u00e1g minden pontj\u00e1ra eljutni ezekkel az \u00f6sszej\u00f6vetelekkel, az els\u0151 ilyen rendezv\u00e9nyt 2016-ban Budapesten tartott\u00e1k.<\/p>\n<p>\u00c9rt\u00e9kteremt\u0151 csal\u00e1di v\u00e1llalkoz\u00e1sk\u00e9nt a SPAR Magyarorsz\u00e1g sz\u00edv\u00fcgy\u00e9nek tekinti a t\u00e1rsadalmi kezdem\u00e9nyez\u00e9sek felkarol\u00e1s\u00e1t. \u00c9ppen \u00fagy kiemelten kezeli a r\u00e1szorul\u00f3k seg\u00edt\u00e9s\u00e9t, mint a megv\u00e1ltozott munkak\u00e9pess\u00e9g\u0171 vagy fogyat\u00e9kkal \u00e9l\u0151 emberek t\u00e1mogat\u00e1s\u00e1t, vagy az eg\u00e9szs\u00e9ges \u00e9letm\u00f3dot \u00e9s a sportot n\u00e9pszer\u0171s\u00edt\u0151 programok p\u00e1rtfog\u00e1s\u00e1t. A v\u00e1llalat tavaly mintegy 134 milli\u00f3 forintot ford\u00edtott t\u00e1rsadalmi felel\u0151ss\u00e9gv\u00e1llal\u00e1si tev\u00e9kenys\u00e9gekre. Fontos szoci\u00e1lis, eg\u00e9szs\u00e9g\u00fcgyi, sport-, kultur\u00e1lis \u00e9s oktat\u00e1si \u00fcgyekben ny\u00fajtott seg\u00edts\u00e9get, \u00e9s t\u00f6bbf\u00e9le j\u00f3t\u00e9konys\u00e1gi kezdem\u00e9nyez\u00e9s m\u00f6g\u00e9 \u00e1llt t\u00e1mogat\u00f3k\u00e9nt. A v\u00e1llalat 2010-ben kapta meg el\u0151sz\u00f6r a Fogyat\u00e9koss\u00e1g-bar\u00e1t Munkahely elismer\u00e9st, 2017-ben pedig m\u00e1r negyedik alkalommal vehette \u00e1t a v\u00e1llalat a k\u00e9t\u00e9vente adom\u00e1nyozott d\u00edjat, amikor az es\u00e9lyegyenl\u0151s\u00e9gi p\u00e1ly\u00e1zaton Befogad\u00f3 Munkahely k\u00fcl\u00f6nd\u00edjban is r\u00e9szes\u00fclt a Janka Tany\u00e1val megval\u00f3s\u00edtott programja elismer\u00e9sek\u00e9nt.<\/p>\n","protected":false},"excerpt":{"rendered":"<p>Az \u00e1ruh\u00e1zl\u00e1nc id\u00e9n \u00fajabb autista fiatalnak biztos\u00edt munk\u00e1t. Az es\u00e9lyegyenl\u0151s\u00e9g ir\u00e1nt r\u00e9g\u00f3ta elk\u00f6telezett v\u00e1llalat a fogyat\u00e9kkal \u00e9l\u0151ket \u00e9ppen \u00fagy seg\u00edti, mint a megv\u00e1ltozott munkak\u00e9pess\u00e9g\u0171 koll\u00e9g\u00e1kat. Szakreferens, mentor \u00e9s f\u00f3rumbesz\u00e9lget\u00e9s-sorozat k\u00f6nny\u00edti meg a csatlakoz\u00e1st a munka \u00e9rt\u00e9kteremt\u0151 vil\u00e1g\u00e1hoz.<\/p>\n","protected":false},"author":1,"featured_media":0,"comment_status":"closed","ping_status":"open","sticky":false,"template":"","format":"standard","meta":[],"categories":[19],"tags":[],"_links":{"self":[{"href":"https:\/\/gazdasagportal.hu\/index.php\/wp-json\/wp\/v2\/posts\/115217"}],"collection":[{"href":"https:\/\/gazdasagportal.hu\/index.php\/wp-json\/wp\/v2\/posts"}],"about":[{"href":"https:\/\/gazdasagportal.hu\/index.php\/wp-json\/wp\/v2\/types\/post"}],"author":[{"embeddable":true,"href":"https:\/\/gazdasagportal.hu\/index.php\/wp-json\/wp\/v2\/users\/1"}],"replies":[{"embeddable":true,"href":"https:\/\/gazdasagportal.hu\/index.php\/wp-json\/wp\/v2\/comments?post=115217"}],"version-history":[{"count":1,"href":"https:\/\/gazdasagportal.hu\/index.php\/wp-json\/wp\/v2\/posts\/115217\/revisions"}],"predecessor-version":[{"id":115218,"href":"https:\/\/gazdasagportal.hu\/index.php\/wp-json\/wp\/v2\/posts\/115217\/revisions\/115218"}],"wp:attachment":[{"href":"https:\/\/gazdasagportal.hu\/index.php\/wp-json\/wp\/v2\/media?parent=115217"}],"wp:term":[{"taxonomy":"category","embeddable":true,"href":"https:\/\/gazdasagportal.hu\/index.php\/wp-json\/wp\/v2\/categories?post=115217"},{"taxonomy":"post_tag","embeddable":true,"href":"https:\/\/gazdasagportal.hu\/index.php\/wp-json\/wp\/v2\/tags?post=115217"}],"curies":[{"name":"wp","href":"https:\/\/api.w.org\/{rel}","templated":true}]}}