{"id":115211,"date":"2019-04-15T08:51:17","date_gmt":"2019-04-15T06:51:17","guid":{"rendered":"http:\/\/gazdasagportal.hu\/?p=115211"},"modified":"2019-04-15T08:51:17","modified_gmt":"2019-04-15T06:51:17","slug":"melegszik-az-ido-a-kovetkezo-napokban","status":"publish","type":"post","link":"https:\/\/gazdasagportal.hu\/index.php\/melegszik-az-ido-a-kovetkezo-napokban\/","title":{"rendered":"Melegszik az id\u0151 a k\u00f6vetkez\u0151 napokban"},"content":{"rendered":"<p><strong>Melegszik az id\u0151 a k\u00f6vetkez\u0151 napokban: a leghidegebb \u00f3r\u00e1kban helyenk\u00e9nt m\u00e9g m\u00ednuszok is lehetnek, m\u00edg napk\u00f6zben n\u00e9hol 20 fok k\u00f6r\u00fcl alakulnak a maximumok &#8211; der\u00fcl ki az Orsz\u00e1gos Meteorol\u00f3giai Szolg\u00e1lat orsz\u00e1gos, k\u00f6z\u00e9pt\u00e1v\u00fa el\u0151rejelz\u00e9s\u00e9b\u0151l, amelyet vas\u00e1rnap juttattak el az MTI-hez.<\/strong><!--more--><\/p>\n<div class=\"ads-in-post1\"><div id=\"gazdasagportal.hu_fullbanner_wideboard\"><\/div>\r\n<\/div>\n<p>    H\u00e9tf\u0151 d\u00e9lut\u00e1nra minden\u00fctt kitisztul az id\u0151, ekkor az orsz\u00e1g nagy r\u00e9sz\u00e9n m\u00e1r gyeng\u00e9n felh\u0151s, napos, sz\u00e1raz id\u0151 lesz. Ugyanakkor nagy ter\u00fcleten er\u0151s lesz a sz\u00e9l. A legalacsonyabb h\u0151m\u00e9rs\u00e9klet 2 \u00e9s 9, a legmagasabb h\u0151m\u00e9rs\u00e9klet 12 \u00e9s 17 fok k\u00f6z\u00f6tt v\u00e1rhat\u00f3.<br \/>\n    Kedden jobb\u00e1ra der\u00fclt, napos id\u0151 v\u00e1rhat\u00f3, de k\u00e9s\u0151 d\u00e9lut\u00e1n a keleti, \u00e9szakkeleti megy\u00e9kben n\u00e9hol es\u0151 is val\u00f3sz\u00edn\u0171. A leghidegebb \u00f3r\u00e1kban t\u00f6bbnyire 0 \u00e9s plusz 5 fok k\u00f6z\u00f6tt alakul a h\u0151m\u00e9rs\u00e9klet, de az \u00e9szaki, sz\u00e9lv\u00e9dett v\u00f6lgyekben m\u00ednusz 4 fok is lehet. Napk\u00f6zben 14-18 fokig melegszik a leveg\u0151.<br \/>\n    Szerd\u00e1n helyenk\u00e9nt v\u00e1rhat\u00f3 z\u00e1pores\u0151, k\u00e9s\u0151 est\u00e9re kider\u00fcl az \u00e9g. Id\u0151nk\u00e9nt meger\u0151s\u00f6dik a sz\u00e9l. A minimumh\u0151m\u00e9rs\u00e9klet \u00e1ltal\u00e1ban 0 \u00e9s plusz 6 fok k\u00f6z\u00f6tt alakul, de az \u00e9szaki, sz\u00e9lv\u00e9dett v\u00f6lgyekben gyenge fagy is lehet. A maximumh\u0151m\u00e9rs\u00e9klet 15 \u00e9s 19 fok k\u00f6z\u00f6tt val\u00f3sz\u00edn\u0171.<br \/>\n<div class=\"ads-in-post2\"><script async src=\"https:\/\/pagead2.googlesyndication.com\/pagead\/js\/adsbygoogle.js\"><\/script>\r\n<ins class=\"adsbygoogle\"\r\n     style=\"display:block\"\r\n     data-ad-format=\"fluid\"\r\n     data-ad-layout-key=\"-6t+ed+2i-1n-4w\"\r\n     data-ad-client=\"ca-pub-1959107119989764\"\r\n     data-ad-slot=\"4008251320\"><\/ins>\r\n<script>\r\n     (adsbygoogle = window.adsbygoogle || []).push({});\r\n<\/script><\/div>\n    Cs\u00fct\u00f6rt\u00f6k\u00f6n napos id\u0151 v\u00e1rhat\u00f3, de d\u00e9len nem kiz\u00e1rt kisebb z\u00e1por sem. A legalacsonyabb h\u0151m\u00e9rs\u00e9klet 2 \u00e9s 8, a legmagasabb h\u0151m\u00e9rs\u00e9klet 18 \u00e9s 22 fok k\u00f6z\u00f6tt alakul.<br \/>\n    Nagyp\u00e9nteken napos id\u0151 v\u00e1rhat\u00f3 id\u0151nk\u00e9nt er\u0151s sz\u00e9llel, csapad\u00e9k n\u00e9lk\u00fcl. A leghidegebb \u00f3r\u00e1kban 3-9 fok lesz. Napk\u00f6zben 18-23 fokig melegszik a leveg\u0151.<br \/>\n    Szombaton t\u00f6bb \u00f3r\u00e1ra kis\u00fct a nap, csapad\u00e9k nem val\u00f3sz\u00edn\u0171. A minimumh\u0151m\u00e9rs\u00e9klet 4-9, a maximumh\u0151m\u00e9rs\u00e9klet 17-22 fok k\u00f6z\u00f6tt alakul.<br \/>\n    H\u00fasv\u00e9tvas\u00e1rnap elsz\u00f3rtan es\u0151, z\u00e1por is kialakulhat. A legalacsonyabb h\u0151m\u00e9rs\u00e9klet 4-10, a legmagasabb h\u0151m\u00e9rs\u00e9klet 16-21 fok k\u00f6z\u00f6tt val\u00f3sz\u00edn\u0171 &#8211; olvashat\u00f3 az el\u0151rejelz\u00e9sben.(MTI)<\/p>\n","protected":false},"excerpt":{"rendered":"<p>Melegszik az id\u0151 a k\u00f6vetkez\u0151 napokban: a leghidegebb \u00f3r\u00e1kban helyenk\u00e9nt m\u00e9g m\u00ednuszok is lehetnek, m\u00edg napk\u00f6zben n\u00e9hol 20 fok k\u00f6r\u00fcl alakulnak a maximumok &#8211; der\u00fcl ki az Orsz\u00e1gos Meteorol\u00f3giai Szolg\u00e1lat orsz\u00e1gos, k\u00f6z\u00e9pt\u00e1v\u00fa el\u0151rejelz\u00e9s\u00e9b\u0151l, amelyet vas\u00e1rnap juttattak el az MTI-hez.<\/p>\n","protected":false},"author":1,"featured_media":0,"comment_status":"closed","ping_status":"open","sticky":false,"template":"","format":"standard","meta":[],"categories":[4],"tags":[],"_links":{"self":[{"href":"https:\/\/gazdasagportal.hu\/index.php\/wp-json\/wp\/v2\/posts\/115211"}],"collection":[{"href":"https:\/\/gazdasagportal.hu\/index.php\/wp-json\/wp\/v2\/posts"}],"about":[{"href":"https:\/\/gazdasagportal.hu\/index.php\/wp-json\/wp\/v2\/types\/post"}],"author":[{"embeddable":true,"href":"https:\/\/gazdasagportal.hu\/index.php\/wp-json\/wp\/v2\/users\/1"}],"replies":[{"embeddable":true,"href":"https:\/\/gazdasagportal.hu\/index.php\/wp-json\/wp\/v2\/comments?post=115211"}],"version-history":[{"count":1,"href":"https:\/\/gazdasagportal.hu\/index.php\/wp-json\/wp\/v2\/posts\/115211\/revisions"}],"predecessor-version":[{"id":115212,"href":"https:\/\/gazdasagportal.hu\/index.php\/wp-json\/wp\/v2\/posts\/115211\/revisions\/115212"}],"wp:attachment":[{"href":"https:\/\/gazdasagportal.hu\/index.php\/wp-json\/wp\/v2\/media?parent=115211"}],"wp:term":[{"taxonomy":"category","embeddable":true,"href":"https:\/\/gazdasagportal.hu\/index.php\/wp-json\/wp\/v2\/categories?post=115211"},{"taxonomy":"post_tag","embeddable":true,"href":"https:\/\/gazdasagportal.hu\/index.php\/wp-json\/wp\/v2\/tags?post=115211"}],"curies":[{"name":"wp","href":"https:\/\/api.w.org\/{rel}","templated":true}]}}