{"id":115199,"date":"2019-04-14T13:06:43","date_gmt":"2019-04-14T11:06:43","guid":{"rendered":"http:\/\/gazdasagportal.hu\/?p=115199"},"modified":"2019-04-14T13:06:43","modified_gmt":"2019-04-14T11:06:43","slug":"divatipari-fejlesztesi-strategiai-munkaanyag-keszult","status":"publish","type":"post","link":"https:\/\/gazdasagportal.hu\/index.php\/divatipari-fejlesztesi-strategiai-munkaanyag-keszult\/","title":{"rendered":"Divatipari fejleszt\u00e9si strat\u00e9giai munkaanyag k\u00e9sz\u00fclt"},"content":{"rendered":"<p><strong>Elk\u00e9sz\u00edtette a Magyar Divat &#038; Design \u00dcgyn\u00f6ks\u00e9g (MDD\u00dc) a magyar divatipar fejleszt\u00e9s\u00e9re ir\u00e1nyul\u00f3 strat\u00e9giai munkaanyag\u00e1t, amelynek c\u00e9lja, hogy Magyarorsz\u00e1g a r\u00e9gi\u00f3 divatk\u00f6zpontj\u00e1v\u00e1 v\u00e1ljon; az \u00fcgyn\u00f6ks\u00e9g most a korm\u00e1nyel\u0151terjeszt\u00e9s \u00f6ssze\u00e1ll\u00edt\u00e1s\u00e1n dolgozik &#8211; k\u00f6z\u00f6lte az MDD\u00dc az MTI-vel.<\/strong><!--more--><\/p>\n<div class=\"ads-in-post1\"><div id=\"gazdasagportal.hu_fullbanner_wideboard\"><\/div>\r\n<\/div>\n<p>    A k\u00f6zlem\u00e9ny id\u00e9zte Bata-Jakab Zs\u00f3fi\u00e1t, az \u00fcgyn\u00f6ks\u00e9g vezet\u0151j\u00e9t, aki kifejtette: hat f\u0151 strat\u00e9giai pill\u00e9r k\u00f6r\u00e9 szervez\u0151dik a magyarorsz\u00e1gi divat\u00e1gazat \u00fajb\u00f3li fellend\u00edt\u00e9se. Ezek a szakmai koordin\u00e1ci\u00f3 er\u0151s\u00edt\u00e9se, hat\u00e9konyabb ipar\u00e1gi marketing, a magyar divatipari term\u00e9kek kereskedelmi \u00e9s exportlehet\u0151s\u00e9geinek jav\u00edt\u00e1sa, a min\u0151s\u00e9gi gy\u00e1rt\u00e1s, valamint a nemzetk\u00f6zi sz\u00ednvonal\u00fa oktat\u00e1s.<br \/>\n    Az MDD\u00dc egyfajta koordin\u00e1ci\u00f3s k\u00f6zpontk\u00e9nt seg\u00edti a k\u00fcl\u00f6nb\u00f6z\u0151 szerepl\u0151k k\u00f6z\u00f6tti inform\u00e1ci\u00f3cser\u00e9t az egy\u00fcttm\u0171k\u00f6d\u00e9si lehet\u0151s\u00e9gek felt\u00e1r\u00e1s\u00e1t \u00e9s megval\u00f3s\u00edt\u00e1s\u00e1t. Ide tartozik a divatdiplom\u00e1cia is, amelynek c\u00e9lja t\u00f6bbek k\u00f6z\u00f6tt a strat\u00e9giai partners\u00e9gek kialak\u00edt\u00e1sa m\u00e1s orsz\u00e1gok divatipari k\u00f6zpontjaival.<br \/>\n<div class=\"ads-in-post2\"><script async src=\"https:\/\/pagead2.googlesyndication.com\/pagead\/js\/adsbygoogle.js\"><\/script>\r\n<ins class=\"adsbygoogle\"\r\n     style=\"display:block\"\r\n     data-ad-format=\"fluid\"\r\n     data-ad-layout-key=\"-6t+ed+2i-1n-4w\"\r\n     data-ad-client=\"ca-pub-1959107119989764\"\r\n     data-ad-slot=\"4008251320\"><\/ins>\r\n<script>\r\n     (adsbygoogle = window.adsbygoogle || []).push({});\r\n<\/script><\/div>\n P\u00e9ldak\u00e9nt a tavaly augusztusban az MDD\u00dc \u00e9s az olasz Camera Nazionale della Moda Italiana k\u00f6z\u00f6tt l\u00e9trej\u00f6tt meg\u00e1llapod\u00e1st eml\u00edtette, amelynek \u00e9rtelm\u00e9ben az olasz nemzeti divatkamara h\u00e1rom \u00e9ven \u00e1t t\u00f6bbek k\u00f6z\u00f6tt mentorprogram seg\u00edts\u00e9g\u00e9vel t\u00e1mogatja a magyar divatipar fejleszt\u00e9s\u00e9t.<br \/>\n    Az MDD\u00dc a m\u00e1s \u00e1gazatokkal t\u00f6rt\u00e9n\u0151 egy\u00fcttm\u0171k\u00f6d\u00e9sre is nagy hangs\u00falyt helyez, ez\u00e9rt k\u00f6t\u00f6tt strat\u00e9giai meg\u00e1llapod\u00e1st m\u00e9g m\u00e1rciusban a Hiventures \u00e1llami kock\u00e1zati t\u0151kebefektet\u0151vel. Mindez a magyar divat- \u00e9s diz\u00e1jn ipar fellend\u00edt\u00e9s\u00e9t, valamint egy \u00e9rt\u00e9kteremt\u0151 magyarorsz\u00e1gi divat- \u00e9s diz\u00e1jnipari startup \u00f6kosziszt\u00e9ma kialak\u00edt\u00e1s\u00e1t szolg\u00e1lja.<br \/>\n    Kiemelt\u00e9k, n\u00f6velni kell a magyar divatipar ismerts\u00e9g\u00e9t, ehhez pedig nemzetk\u00f6zi szinten olyan marketingkommunik\u00e1ci\u00f3ra van sz\u00fcks\u00e9g, amely kifejezi a magyar divat \u00e9s diz\u00e1jn egyedi jelleg\u00e9t. Erre szolg\u00e1l az \u00fcgyn\u00f6ks\u00e9g \u00e1ltal kialak\u00edtott erny\u0151m\u00e1rka, \u00edgy a magyar divat- \u00e9s diz\u00e1jnterm\u00e9kek k\u00fclf\u00f6ld\u00f6n Budapest Select m\u00e1rkan\u00e9v alatt mutatkozhatnak be. Az ipar\u00e1g magyarorsz\u00e1gi k\u00e9pvisel\u0151inek ismerts\u00e9g\u00e9t er\u0151s\u00edti az MDD\u00dc \u00e1ltal \u00e9vente megrendezett Budapest Central European Fashion Week is.<br \/>\n    K\u00f6z\u00f6lt\u00e9k, a magyar divat\u00e1gazat fellend\u00edt\u00e9s\u00e9hez jav\u00edtani kell az itt el\u0151\u00e1ll\u00edtott term\u00e9kek el\u00e9rhet\u0151s\u00e9g\u00e9t, ehhez azonban el\u0151bb fel kell t\u00e9rk\u00e9pezni a teljes szektort, m\u00e9rhet\u0151v\u00e9 kell tenni az \u00e1gazat teljes\u00edtm\u00e9ny\u00e9t.<br \/>\n    Megjegyezt\u00e9k, az \u00fcgyn\u00f6ks\u00e9g becsl\u00e9se szerint 3000 magyar c\u00e9g foglalkozik divat- \u00e9s diz\u00e1jnterm\u00e9kekkel, az akt\u00edv tervez\u0151k sz\u00e1ma 250 \u00e9s 300 k\u00f6z\u00f6tt mozog.<br \/>\n    Kiemelt ter\u00fcletet jelent m\u00e9g az oktat\u00e1s- \u00e9s a gy\u00e1rt\u00e1sfejleszt\u00e9s. Bata-Jakab Zs\u00f3fia a k\u00f6zlem\u00e9ny szerint elmondta, folyamatban van a hazai gy\u00e1rt\u00f3i kapacit\u00e1s felm\u00e9r\u00e9se, emellett id\u00e9n f\u00f3kuszban lesz az ipar\u00e1gi szakmunk\u00e1k preszt\u00edzs\u00e9nek helyre\u00e1ll\u00edt\u00e1sa is, mert ez a ter\u00fclet k\u00fczd a legnagyobb kih\u00edv\u00e1sokkal.<br \/>\n    Az MDD\u00dc a Magyar Turisztikai \u00dcgyn\u00f6ks\u00e9g le\u00e1nyv\u00e1llalatak\u00e9nt alakult meg 2018-ban, k\u00e9t kiemelt r\u00e9szleggel: divatipar \u00e9s diz\u00e1jnipar. Az \u00fcgyn\u00f6ks\u00e9g c\u00e9lja a magyar divat- \u00e9s diz\u00e1jnipar nemzetk\u00f6zi ismerts\u00e9g\u00e9nek n\u00f6vel\u00e9se \u00e9s ez\u00e1ltal az orsz\u00e1gim\u00e1zs er\u0151s\u00edt\u00e9se.(MTI)<\/p>\n","protected":false},"excerpt":{"rendered":"<p>Elk\u00e9sz\u00edtette a Magyar Divat &#038; Design \u00dcgyn\u00f6ks\u00e9g (MDD\u00dc) a magyar divatipar fejleszt\u00e9s\u00e9re ir\u00e1nyul\u00f3 strat\u00e9giai munkaanyag\u00e1t, amelynek c\u00e9lja, hogy Magyarorsz\u00e1g a r\u00e9gi\u00f3 divatk\u00f6zpontj\u00e1v\u00e1 v\u00e1ljon; az \u00fcgyn\u00f6ks\u00e9g most a korm\u00e1nyel\u0151terjeszt\u00e9s \u00f6ssze\u00e1ll\u00edt\u00e1s\u00e1n dolgozik &#8211; k\u00f6z\u00f6lte az MDD\u00dc az MTI-vel.<\/p>\n","protected":false},"author":1001003,"featured_media":0,"comment_status":"closed","ping_status":"open","sticky":false,"template":"","format":"standard","meta":[],"categories":[19],"tags":[],"_links":{"self":[{"href":"https:\/\/gazdasagportal.hu\/index.php\/wp-json\/wp\/v2\/posts\/115199"}],"collection":[{"href":"https:\/\/gazdasagportal.hu\/index.php\/wp-json\/wp\/v2\/posts"}],"about":[{"href":"https:\/\/gazdasagportal.hu\/index.php\/wp-json\/wp\/v2\/types\/post"}],"author":[{"embeddable":true,"href":"https:\/\/gazdasagportal.hu\/index.php\/wp-json\/wp\/v2\/users\/1001003"}],"replies":[{"embeddable":true,"href":"https:\/\/gazdasagportal.hu\/index.php\/wp-json\/wp\/v2\/comments?post=115199"}],"version-history":[{"count":1,"href":"https:\/\/gazdasagportal.hu\/index.php\/wp-json\/wp\/v2\/posts\/115199\/revisions"}],"predecessor-version":[{"id":115200,"href":"https:\/\/gazdasagportal.hu\/index.php\/wp-json\/wp\/v2\/posts\/115199\/revisions\/115200"}],"wp:attachment":[{"href":"https:\/\/gazdasagportal.hu\/index.php\/wp-json\/wp\/v2\/media?parent=115199"}],"wp:term":[{"taxonomy":"category","embeddable":true,"href":"https:\/\/gazdasagportal.hu\/index.php\/wp-json\/wp\/v2\/categories?post=115199"},{"taxonomy":"post_tag","embeddable":true,"href":"https:\/\/gazdasagportal.hu\/index.php\/wp-json\/wp\/v2\/tags?post=115199"}],"curies":[{"name":"wp","href":"https:\/\/api.w.org\/{rel}","templated":true}]}}