{"id":115173,"date":"2019-04-12T11:22:02","date_gmt":"2019-04-12T09:22:02","guid":{"rendered":"http:\/\/gazdasagportal.hu\/?p=115173"},"modified":"2019-04-12T11:22:02","modified_gmt":"2019-04-12T09:22:02","slug":"a-vasarloknak-koszonheti-piacvezeto-poziciojat-a-szentkiralyi-kekkuti-asvanyviz-kft","status":"publish","type":"post","link":"https:\/\/gazdasagportal.hu\/index.php\/a-vasarloknak-koszonheti-piacvezeto-poziciojat-a-szentkiralyi-kekkuti-asvanyviz-kft\/","title":{"rendered":"A v\u00e1s\u00e1rl\u00f3knak k\u00f6sz\u00f6nheti piacvezet\u0151 poz\u00edci\u00f3j\u00e1t a Szentkir\u00e1lyi-K\u00e9kk\u00fati \u00c1sv\u00e1nyv\u00edz Kft."},"content":{"rendered":"<p><strong>\u201eA v\u00e1s\u00e1rl\u00f3k, nem pedig statisztikai tr\u00fckk\u00f6k tesznek egy c\u00e9get piacvezet\u0151v\u00e9. M\u00e1rpedig a magyar v\u00e1s\u00e1rl\u00f3k v\u00e1laszt\u00e1sa el\u00e9g egy\u00e9rtelm\u0171: a Szentkir\u00e1lyi-K\u00e9kk\u00fati \u00c1sv\u00e1nyv\u00edz Kft. tov\u00e1bbra is a leger\u0151sebb, vezet\u0151 szerepl\u0151je volt a magyar \u00e1sv\u00e1nyv\u00edzpiacnak 2018-ban\u201d \u2013 reag\u00e1lt Balogh Levente azokra a pontatlan \u00e9s f\u00e9lrevezet\u0151 adatokra, melyeket az egyik versenyt\u00e1rs tett k\u00f6zz\u00e9 nemr\u00e9giben a m\u00e9di\u00e1ban.<\/strong><!--more--><\/p>\n<div class=\"ads-in-post1\"><div id=\"gazdasagportal.hu_fullbanner_wideboard\"><\/div>\r\n<\/div>\n<p>A Szentkir\u00e1lyi-K\u00e9kk\u00fati \u00c1sv\u00e1ny\u00edz Kft. alap\u00edt\u00e1sa \u00f3ta piacvezet\u0151, piaci r\u00e9szesed\u00e9s\u00e9t a tavalyi \u00e9vben sikeresen tov\u00e1bb n\u00f6velte. Ikonikus m\u00e1rk\u00e1i, mint a d\u00edjnyertes Szentkir\u00e1lyi, a Balaton-felvid\u00e9kr\u0151l sz\u00e1rmaz\u00f3 Theodora vagy a Nestl\u00e9 Aquarel m\u00e1r hossz\u00fa \u00e9vek, s\u0151t \u00e9vtizedek \u00f3ta kedvelt italai a hazai v\u00e1s\u00e1rl\u00f3knak.<\/p>\n<p>A Nielsen piackutat\u00f3 c\u00e9g 2018-as adatai szerint a Szentkir\u00e1lyi-K\u00e9kk\u00fati \u00c1sv\u00e1nyv\u00edz Kft. volumen alapj\u00e1n m\u00e9rt piacr\u00e9sze az \u00e1sv\u00e1nyvizek hazai piac\u00e1n csaknem k\u00e9tszerese, \u00e9rt\u00e9kbeli piacr\u00e9sze pedig k\u00f6zel h\u00e1romszorosa a piaci rangsorban ut\u00e1na k\u00f6vetkez\u0151 v\u00e1llalatnak.<\/p><div id=\"gazda-323679453\" class=\"gazda-tartalomban gazda-entity-placement\"><script async src=\"https:\/\/pagead2.googlesyndication.com\/pagead\/js\/adsbygoogle.js\"><\/script>\r\n<ins class=\"adsbygoogle\"\r\n     style=\"display:block\"\r\n     data-ad-format=\"fluid\"\r\n     data-ad-layout-key=\"-6t+ed+2i-1n-4w\"\r\n     data-ad-client=\"ca-pub-1959107119989764\"\r\n     data-ad-slot=\"4008251320\"><\/ins>\r\n<script>\r\n     (adsbygoogle = window.adsbygoogle || []).push({});\r\n<\/script><\/div>\n<p>A t\u00e1rsas\u00e1g tavalyi \u00e1rbev\u00e9tele el\u00e9rte a 17,2 milli\u00e1rd forintot, ami kiemelked\u0151, k\u00f6zel 10 sz\u00e1zal\u00e9kos n\u00f6veked\u00e9st jelent a megel\u0151z\u0151 \u00e9vhez k\u00e9pest. A Szentkir\u00e1lyi-K\u00e9kk\u00fati m\u00e1rk\u00e1inak n\u00e9pszer\u0171s\u00e9g\u00e9t j\u00f3l mutatja, hogy \u00e1rbev\u00e9tele nagyj\u00e1b\u00f3l dupl\u00e1ja a piaci rangsorban \u0151t k\u00f6vet\u0151 v\u00e1llalat\u00e9nak.<\/p>\n<div class=\"ads-in-post2\"><script async src=\"https:\/\/pagead2.googlesyndication.com\/pagead\/js\/adsbygoogle.js\"><\/script>\r\n<ins class=\"adsbygoogle\"\r\n     style=\"display:block\"\r\n     data-ad-format=\"fluid\"\r\n     data-ad-layout-key=\"-6t+ed+2i-1n-4w\"\r\n     data-ad-client=\"ca-pub-1959107119989764\"\r\n     data-ad-slot=\"4008251320\"><\/ins>\r\n<script>\r\n     (adsbygoogle = window.adsbygoogle || []).push({});\r\n<\/script><\/div>\n<em>\u201eA Szentkir\u00e1lyi-K\u00e9kk\u00fati \u00c1sv\u00e1nyv\u00edz Kft. piacvezet\u0151 szerepe tov\u00e1bbra is megk\u00e9rd\u0151jelezhetetlen az elm\u00falt \u00e9vek dinamikus n\u00f6veked\u00e9se ut\u00e1n. K\u00f6sz\u00f6nhet\u0151en a v\u00e1llaltunkn\u00e1l megval\u00f3sult fejleszt\u00e9seknek \u00e9s term\u00e9keink kiemelked\u0151 min\u0151s\u00e9g\u00e9nek, a v\u00e1s\u00e1rl\u00f3i kereslet \u00e1sv\u00e1nyvizeink ir\u00e1nt folyamatos n\u00f6veked\u00e9st mutat, amelynek eredm\u00e9nyek\u00e9ppen v\u00e1llalatunk a hazai \u00e1sv\u00e1nyv\u00edzpiac leger\u0151sebb szerepl\u0151je\u201d &#8211;<\/em> jelentette ki Balogh Levente, a Szentkir\u00e1lyi-K\u00e9kk\u00fati \u00c1sv\u00e1nyv\u00edz Kft. eln\u00f6ke \u00e9s tulajdonosa.<\/p>\n<p>&nbsp;<\/p>\n<p><strong>C\u00e9ginform\u00e1ci\u00f3<\/strong><\/p>\n<p>A Central Europe Mineral Water Holdingot 2015-ben hozta l\u00e9tre a Karlovarsk\u00e9 Miner\u00e1ln\u00ed Vody Group-ot (KMV) tulajdonl\u00f3 olasz Pasquale csal\u00e1d, illetve a Szentkir\u00e1lyi \u00c1sv\u00e1nyv\u00edz tulajdonosa, Balogh Levente. 2015 m\u00e1rcius\u00e1ban a CEMW Holding tulajdon\u00e1ba ker\u00fclt a K\u00e9kk\u00fati \u00c1sv\u00e1nyv\u00edz Zrt., majd azt k\u00f6vet\u0151en 2015 \u00e1prilis\u00e1ban a Szentkir\u00e1lyi \u00c1sv\u00e1nyv\u00edz Kft. is. A c\u00e9gv\u00e1s\u00e1rl\u00e1sokat k\u00f6vet\u0151en Balogh Levente a CEMW Holding meghat\u00e1roz\u00f3 kisebbs\u00e9gi tulajdonosa, valamint a t\u00e1rsas\u00e1g eln\u00f6ke lett.<\/p>\n<p>A Szentkir\u00e1lyi \u00c1sv\u00e1nyv\u00edz Kft. \u00e9s a K\u00e9kk\u00fati \u00c1sv\u00e1nyv\u00edz Zrt. egyes\u00fcl\u00e9s\u00e9vel l\u00e9trej\u00f6v\u0151 Szentkir\u00e1lyi-K\u00e9kk\u00fati \u00c1sv\u00e1nyv\u00edz Kft. Magyarorsz\u00e1g piacvezet\u0151 \u00e1sv\u00e1nyv\u00edz- \u00e9s \u00fcd\u00edt\u0151ipari t\u00e1rsas\u00e1ga. A tulajdon\u00e1ban l\u00e9v\u0151 Szentkir\u00e1lyi, Emese, Theodora K\u00e9kk\u00fati \u00e9s Theodora Kereki, valamint a forgalmazott Magnesia, S. Pellegrino, Acqua Panna \u00e9s Perrier m\u00e1rk\u00e1kon, tov\u00e1bb\u00e1 az \u00e1ltala palackozott \u00e9s forgalmazott Nestl\u00e9 Aquarelen kereszt\u00fcl a c\u00e9g egyar\u00e1nt jelen van az \u00e1sv\u00e1nyvizek, \u00edzes\u00edtett \u00e1sv\u00e1nyvizek, valamint a sz\u00e9nsavas \u00fcd\u00edt\u0151italok piac\u00e1n.<\/p>\n","protected":false},"excerpt":{"rendered":"<p>\u201eA v\u00e1s\u00e1rl\u00f3k, nem pedig statisztikai tr\u00fckk\u00f6k tesznek egy c\u00e9get piacvezet\u0151v\u00e9. M\u00e1rpedig a magyar v\u00e1s\u00e1rl\u00f3k v\u00e1laszt\u00e1sa el\u00e9g egy\u00e9rtelm\u0171: a Szentkir\u00e1lyi-K\u00e9kk\u00fati \u00c1sv\u00e1nyv\u00edz Kft. tov\u00e1bbra is a leger\u0151sebb, vezet\u0151 szerepl\u0151je volt a magyar \u00e1sv\u00e1nyv\u00edzpiacnak 2018-ban\u201d \u2013 reag\u00e1lt Balogh Levente azokra a pontatlan \u00e9s f\u00e9lrevezet\u0151 adatokra, melyeket az egyik versenyt\u00e1rs tett k\u00f6zz\u00e9 nemr\u00e9giben a m\u00e9di\u00e1ban.<\/p>\n","protected":false},"author":1,"featured_media":0,"comment_status":"closed","ping_status":"open","sticky":false,"template":"","format":"standard","meta":[],"categories":[19],"tags":[],"_links":{"self":[{"href":"https:\/\/gazdasagportal.hu\/index.php\/wp-json\/wp\/v2\/posts\/115173"}],"collection":[{"href":"https:\/\/gazdasagportal.hu\/index.php\/wp-json\/wp\/v2\/posts"}],"about":[{"href":"https:\/\/gazdasagportal.hu\/index.php\/wp-json\/wp\/v2\/types\/post"}],"author":[{"embeddable":true,"href":"https:\/\/gazdasagportal.hu\/index.php\/wp-json\/wp\/v2\/users\/1"}],"replies":[{"embeddable":true,"href":"https:\/\/gazdasagportal.hu\/index.php\/wp-json\/wp\/v2\/comments?post=115173"}],"version-history":[{"count":1,"href":"https:\/\/gazdasagportal.hu\/index.php\/wp-json\/wp\/v2\/posts\/115173\/revisions"}],"predecessor-version":[{"id":115174,"href":"https:\/\/gazdasagportal.hu\/index.php\/wp-json\/wp\/v2\/posts\/115173\/revisions\/115174"}],"wp:attachment":[{"href":"https:\/\/gazdasagportal.hu\/index.php\/wp-json\/wp\/v2\/media?parent=115173"}],"wp:term":[{"taxonomy":"category","embeddable":true,"href":"https:\/\/gazdasagportal.hu\/index.php\/wp-json\/wp\/v2\/categories?post=115173"},{"taxonomy":"post_tag","embeddable":true,"href":"https:\/\/gazdasagportal.hu\/index.php\/wp-json\/wp\/v2\/tags?post=115173"}],"curies":[{"name":"wp","href":"https:\/\/api.w.org\/{rel}","templated":true}]}}