{"id":115171,"date":"2019-04-12T10:48:31","date_gmt":"2019-04-12T08:48:31","guid":{"rendered":"http:\/\/gazdasagportal.hu\/?p=115171"},"modified":"2019-04-12T10:48:31","modified_gmt":"2019-04-12T08:48:31","slug":"brexit-ujabb-nepszavazast-surget-manfred-weber","status":"publish","type":"post","link":"https:\/\/gazdasagportal.hu\/index.php\/brexit-ujabb-nepszavazast-surget-manfred-weber\/","title":{"rendered":"Brexit &#8211; \u00dajabb n\u00e9pszavaz\u00e1st s\u00fcrget Manfred Weber"},"content":{"rendered":"<p><strong>\u00dajabb n\u00e9pszavaz\u00e1st kellene tartani az Egyes\u00fclt Kir\u00e1lys\u00e1gban az eur\u00f3pai uni\u00f3s tags\u00e1g megsz\u00fcntet\u00e9s\u00e9nek (Brexit) k\u00e9rd\u00e9s\u00e9r\u0151l az Eur\u00f3pai N\u00e9pp\u00e1rt (EPP) eur\u00f3pai parlamenti (EP-) v\u00e1laszt\u00e1si cs\u00facsjel\u00f6ltje, Manfred Weber szerint.<\/strong><!--more--><\/p>\n<div class=\"ads-in-post1\"><div id=\"gazdasagportal.hu_fullbanner_wideboard\"><\/div>\r\n<\/div>\n<p>    A bajor Kereszt\u00e9nyszoci\u00e1lis Uni\u00f3 (CSU) politikusa az Augsburger Allgemeine c\u00edm\u0171 bajor region\u00e1lis lap cs\u00fct\u00f6rt\u00f6k esti f\u00f3rum\u00e1n kiemelte, hogy 2019 t\u00f6rt\u00e9nelmi jelent\u0151s\u00e9g\u0171 v\u00e1laszt\u00e1si \u00e9v az EU sz\u00e1m\u00e1ra, de a Brexit \u00fcgye eltereli a figyelmet err\u0151l.<br \/>\n    A k\u00f6z\u00f6ss\u00e9g j\u00f6v\u0151j\u00e9r\u0151l sz\u00f3l\u00f3 k\u00e9rd\u00e9sek &#8222;feled\u00e9sbe mer\u00fclnek a Nagy-Britanni\u00e1ban uralkod\u00f3 k\u00e1osz miatt&#8221; &#8211; mondta Manfred Weber, elk\u00e9peszt\u0151nek nevezve, hogy a Brexit elh\u00faz\u00f3d\u00e1sa miatt meglehet, hogy a t\u00e1voz\u00e1sra k\u00e9sz\u00fcl\u0151 orsz\u00e1gban is meg kell tartani az EP-v\u00e1laszt\u00e1st.<br \/>\n    &#8222;Senkinek sem tudom megmagyar\u00e1zni, mik\u00e9nt fordulhat el\u0151, hogy meghat\u00e1roz\u00f3 befoly\u00e1st gyakorolhat az EP-v\u00e1laszt\u00e1sra egy orsz\u00e1g, amely kil\u00e9p az EU-b\u00f3l&#8221; &#8211; mondta.<br \/>\n<div class=\"ads-in-post2\"><script async src=\"https:\/\/pagead2.googlesyndication.com\/pagead\/js\/adsbygoogle.js\"><\/script>\r\n<ins class=\"adsbygoogle\"\r\n     style=\"display:block\"\r\n     data-ad-format=\"fluid\"\r\n     data-ad-layout-key=\"-6t+ed+2i-1n-4w\"\r\n     data-ad-client=\"ca-pub-1959107119989764\"\r\n     data-ad-slot=\"4008251320\"><\/ins>\r\n<script>\r\n     (adsbygoogle = window.adsbygoogle || []).push({});\r\n<\/script><\/div>\n    Szerinte a briteknek ink\u00e1bb az EU-tags\u00e1g \u00fcgy\u00e9nek rendez\u00e9s\u00e9vel kellene foglalkozniuk. A k\u00f6vetkez\u0151 &#8222;logikus l\u00e9p\u00e9s egy \u00fajabb n\u00e9pszavaz\u00e1s lenne&#8221; &#8211; emelte ki Manfred Weber.<br \/>\n    Hozz\u00e1tette, hogy minderr\u0151l a briteknek kell d\u00f6nteni\u00fck, az EU viszont kimondhatn\u00e1, hogy nem sz\u00e1m\u00edthatnak t\u00f6bb engedm\u00e9nyre. Nem \u00e9lvezheti az EU-tags\u00e1ggal j\u00e1r\u00f3 el\u0151ny\u00f6ket egy olyan orsz\u00e1g, amely t\u00e1vozik a k\u00f6z\u00f6ss\u00e9gb\u0151l &#8211; h\u00fazta al\u00e1 az EPP cs\u00facsjel\u00f6ltje.<br \/>\n    A brit parlament eddig h\u00e1romszor utas\u00edtotta el a brit korm\u00e1ny \u00e9s az EU t\u00f6bbi 27 tag\u00e1llama \u00e1ltal elfogadott kil\u00e9p\u00e9si meg\u00e1llapod\u00e1st \u00e9s a j\u00f6v\u0151beni kapcsolatokat felv\u00e1zol\u00f3 politikai nyilatkozatot. Ezt k\u00f6vet\u0151en a t\u00f6rv\u00e9nyhoz\u00e1s als\u00f3h\u00e1za t\u00f6bb v\u00e9lem\u00e9nynyilv\u00e1n\u00edt\u00f3 szavaz\u00e1st tartott, hogy fel lehessen m\u00e9rni, milyen kil\u00e9p\u00e9si felt\u00e9teleket lenne hajland\u00f3 megszavazni a h\u00e1z, \u00e1m egyik sem kapott t\u00f6bbs\u00e9get. A parlamenti als\u00f3h\u00e1z a t\u00f6bbi k\u00f6z\u00f6tt ezid\u00e1ig a m\u00e1sodik n\u00e9pszavaz\u00e1s ki\u00edr\u00e1s\u00e1t sem t\u00e1mogatta, s ett\u0151l a brit korm\u00e1ny is k\u00f6vetkezetesen elz\u00e1rk\u00f3zik.(MTI)<\/p>\n","protected":false},"excerpt":{"rendered":"<p>\u00dajabb n\u00e9pszavaz\u00e1st kellene tartani az Egyes\u00fclt Kir\u00e1lys\u00e1gban az eur\u00f3pai uni\u00f3s tags\u00e1g megsz\u00fcntet\u00e9s\u00e9nek (Brexit) k\u00e9rd\u00e9s\u00e9r\u0151l az Eur\u00f3pai N\u00e9pp\u00e1rt (EPP) eur\u00f3pai parlamenti (EP-) v\u00e1laszt\u00e1si cs\u00facsjel\u00f6ltje, Manfred Weber szerint.<\/p>\n","protected":false},"author":1,"featured_media":0,"comment_status":"closed","ping_status":"open","sticky":false,"template":"","format":"standard","meta":[],"categories":[12],"tags":[],"_links":{"self":[{"href":"https:\/\/gazdasagportal.hu\/index.php\/wp-json\/wp\/v2\/posts\/115171"}],"collection":[{"href":"https:\/\/gazdasagportal.hu\/index.php\/wp-json\/wp\/v2\/posts"}],"about":[{"href":"https:\/\/gazdasagportal.hu\/index.php\/wp-json\/wp\/v2\/types\/post"}],"author":[{"embeddable":true,"href":"https:\/\/gazdasagportal.hu\/index.php\/wp-json\/wp\/v2\/users\/1"}],"replies":[{"embeddable":true,"href":"https:\/\/gazdasagportal.hu\/index.php\/wp-json\/wp\/v2\/comments?post=115171"}],"version-history":[{"count":1,"href":"https:\/\/gazdasagportal.hu\/index.php\/wp-json\/wp\/v2\/posts\/115171\/revisions"}],"predecessor-version":[{"id":115172,"href":"https:\/\/gazdasagportal.hu\/index.php\/wp-json\/wp\/v2\/posts\/115171\/revisions\/115172"}],"wp:attachment":[{"href":"https:\/\/gazdasagportal.hu\/index.php\/wp-json\/wp\/v2\/media?parent=115171"}],"wp:term":[{"taxonomy":"category","embeddable":true,"href":"https:\/\/gazdasagportal.hu\/index.php\/wp-json\/wp\/v2\/categories?post=115171"},{"taxonomy":"post_tag","embeddable":true,"href":"https:\/\/gazdasagportal.hu\/index.php\/wp-json\/wp\/v2\/tags?post=115171"}],"curies":[{"name":"wp","href":"https:\/\/api.w.org\/{rel}","templated":true}]}}