{"id":115129,"date":"2019-04-11T04:44:17","date_gmt":"2019-04-11T02:44:17","guid":{"rendered":"http:\/\/gazdasagportal.hu\/?p=115129"},"modified":"2019-04-10T21:22:46","modified_gmt":"2019-04-10T19:22:46","slug":"eu-csucs-theresa-may-a-csucs-celja-a-brexit-datumanak-elhalasztasa","status":"publish","type":"post","link":"https:\/\/gazdasagportal.hu\/index.php\/eu-csucs-theresa-may-a-csucs-celja-a-brexit-datumanak-elhalasztasa\/","title":{"rendered":"EU-cs\u00facs &#8211; Theresa May: a cs\u00facs c\u00e9lja a Brexit d\u00e1tum\u00e1nak elhalaszt\u00e1sa"},"content":{"rendered":"<p><strong>A brit eur\u00f3pai uni\u00f3s tags\u00e1g megsz\u0171n\u00e9s\u00e9nek (Brexit) elhalaszt\u00e1sa az Eur\u00f3pai Tan\u00e1cs soron k\u00edv\u00fcli \u00fcl\u00e9s\u00e9nek c\u00e9lja a rendezett, meg\u00e1llapod\u00e1ssal v\u00e9gz\u0151d\u0151 kiv\u00e1l\u00e1s \u00e9rdek\u00e9ben &#8211; jelentette ki a brit korm\u00e1nyf\u0151 szerd\u00e1n Br\u00fcsszelben a rendk\u00edv\u00fcli EU-cs\u00facsra \u00e9rkezve.<\/strong><!--more--><\/p>\n<div class=\"ads-in-post1\"><div id=\"gazdasagportal.hu_fullbanner_wideboard\"><\/div>\r\n<\/div>\n<p>    Theresa May \u00fajs\u00e1g\u00edr\u00f3knak hangs\u00falyozta, sajn\u00e1lja, hogy a londoni parlamentnek ez ide\u00e1ig nem siker\u00fclt d\u00f6nt\u00e9sre jutnia a kil\u00e9p\u00e9si meg\u00e1llapod\u00e1s elfogad\u00e1s\u00e1t illet\u0151en. Hozz\u00e1tette, azon dolgozik, hogy kompromisszumok \u00e1r\u00e1n elfogadj\u00e1k a meg\u00e1llapod\u00e1st, \u00e9s az Egyes\u00fclt Kir\u00e1lys\u00e1g a lehet\u0151 leghamarabb elhagyhassa az Eur\u00f3pai Uni\u00f3t.<br \/>\n    Mint mondta, t\u00f6bb id\u0151re van sz\u00fcks\u00e9g ahhoz, hogy az orsz\u00e1g uni\u00f3s tags\u00e1g\u00e1nak megsz\u0171n\u00e9se felt\u00e9telrendszer\u00e9t \u00e9s a j\u00f6v\u0151beni kapcsolatokat r\u00f6gz\u00edt\u0151 meg\u00e1llapod\u00e1st elfogadja a brit t\u00f6rv\u00e9nyhoz\u00e1s als\u00f3h\u00e1za.<br \/>\n    Hozz\u00e1f\u0171zte, a z\u00f6kken\u0151mentes \u00e9s rendezett m\u00f3don val\u00f3 kil\u00e9p\u00e9s legkedvez\u0151bb hat\u00e1rideje j\u00fanius 30. lenne. Nagy-Britannia a legut\u00f3bbi, m\u00e1rcius v\u00e9g\u00e9n rendezett uni\u00f3s cs\u00facstal\u00e1lkoz\u00f3n meghat\u00e1rozott id\u0151ben, m\u00e1jus 22-\u00e9n is k\u00e9sz lehet a kil\u00e9p\u00e9sre, hogy &#8222;egy f\u00e9nyesebb j\u00f6v\u0151 \u00e9p\u00edt\u00e9s\u00e9be kezdjen&#8221; &#8211; tette hozz\u00e1.<br \/>\n    Rendk\u00edv\u00fcli cs\u00facstal\u00e1lkoz\u00f3t tartanak szerd\u00e1n az Eur\u00f3pai Uni\u00f3 tag\u00e1llamainak vezet\u0151i, amelynek egyetlen napirendi pontja az Egyes\u00fclt Kir\u00e1lys\u00e1g kiv\u00e1l\u00e1si folyamata, a tags\u00e1g megsz\u0171n\u00e9si hat\u00e1ridej\u00e9nek esetleges \u00fajb\u00f3li halaszt\u00e1sa lesz.<br \/>\n<div class=\"ads-in-post2\"><script async src=\"https:\/\/pagead2.googlesyndication.com\/pagead\/js\/adsbygoogle.js\"><\/script>\r\n<ins class=\"adsbygoogle\"\r\n     style=\"display:block\"\r\n     data-ad-format=\"fluid\"\r\n     data-ad-layout-key=\"-6t+ed+2i-1n-4w\"\r\n     data-ad-client=\"ca-pub-1959107119989764\"\r\n     data-ad-slot=\"4008251320\"><\/ins>\r\n<script>\r\n     (adsbygoogle = window.adsbygoogle || []).push({});\r\n<\/script><\/div>\n    A brit korm\u00e1ny m\u00falt h\u00e9ten j\u00fanius 30-ig terjed\u0151 hosszabb\u00edt\u00e1st k\u00e9rt, m\u00edg Donald Tusk, az Eur\u00f3pai Tan\u00e1cs eln\u00f6ke diplom\u00e1ciai forr\u00e1sok szerint rugalmas, ak\u00e1r egy \u00e9vig tart\u00f3 halaszt\u00e1st javasolhat a kiv\u00e1l\u00e1s hat\u00e1ridej\u00e9re. A jelenlegi jogi helyzet szerint, ha elutas\u00edtj\u00e1k May indokait a tov\u00e1bbi halaszt\u00e1sra, akkor az Egyes\u00fclt Kir\u00e1lys\u00e1g p\u00e9nteken meg\u00e1llapod\u00e1s n\u00e9lk\u00fcl, szab\u00e1lyozatlan m\u00f3don t\u00e1vozik az Eur\u00f3pai Uni\u00f3b\u00f3l.(MTI)<\/p>\n","protected":false},"excerpt":{"rendered":"<p>A brit eur\u00f3pai uni\u00f3s tags\u00e1g megsz\u0171n\u00e9s\u00e9nek (Brexit) elhalaszt\u00e1sa az Eur\u00f3pai Tan\u00e1cs soron k\u00edv\u00fcli \u00fcl\u00e9s\u00e9nek c\u00e9lja a rendezett, meg\u00e1llapod\u00e1ssal v\u00e9gz\u0151d\u0151 kiv\u00e1l\u00e1s \u00e9rdek\u00e9ben &#8211; jelentette ki a brit korm\u00e1nyf\u0151 szerd\u00e1n Br\u00fcsszelben a rendk\u00edv\u00fcli EU-cs\u00facsra \u00e9rkezve.<\/p>\n","protected":false},"author":1001003,"featured_media":0,"comment_status":"closed","ping_status":"open","sticky":false,"template":"","format":"standard","meta":[],"categories":[12],"tags":[],"_links":{"self":[{"href":"https:\/\/gazdasagportal.hu\/index.php\/wp-json\/wp\/v2\/posts\/115129"}],"collection":[{"href":"https:\/\/gazdasagportal.hu\/index.php\/wp-json\/wp\/v2\/posts"}],"about":[{"href":"https:\/\/gazdasagportal.hu\/index.php\/wp-json\/wp\/v2\/types\/post"}],"author":[{"embeddable":true,"href":"https:\/\/gazdasagportal.hu\/index.php\/wp-json\/wp\/v2\/users\/1001003"}],"replies":[{"embeddable":true,"href":"https:\/\/gazdasagportal.hu\/index.php\/wp-json\/wp\/v2\/comments?post=115129"}],"version-history":[{"count":1,"href":"https:\/\/gazdasagportal.hu\/index.php\/wp-json\/wp\/v2\/posts\/115129\/revisions"}],"predecessor-version":[{"id":115130,"href":"https:\/\/gazdasagportal.hu\/index.php\/wp-json\/wp\/v2\/posts\/115129\/revisions\/115130"}],"wp:attachment":[{"href":"https:\/\/gazdasagportal.hu\/index.php\/wp-json\/wp\/v2\/media?parent=115129"}],"wp:term":[{"taxonomy":"category","embeddable":true,"href":"https:\/\/gazdasagportal.hu\/index.php\/wp-json\/wp\/v2\/categories?post=115129"},{"taxonomy":"post_tag","embeddable":true,"href":"https:\/\/gazdasagportal.hu\/index.php\/wp-json\/wp\/v2\/tags?post=115129"}],"curies":[{"name":"wp","href":"https:\/\/api.w.org\/{rel}","templated":true}]}}