{"id":115127,"date":"2019-04-10T21:44:02","date_gmt":"2019-04-10T19:44:02","guid":{"rendered":"http:\/\/gazdasagportal.hu\/?p=115127"},"modified":"2019-04-10T21:20:00","modified_gmt":"2019-04-10T19:20:00","slug":"fed-jegyzokonyv-a-kamatdontok-tobbsege-szerint-nem-valtozik-iden-a-kamatszint","status":"publish","type":"post","link":"https:\/\/gazdasagportal.hu\/index.php\/fed-jegyzokonyv-a-kamatdontok-tobbsege-szerint-nem-valtozik-iden-a-kamatszint\/","title":{"rendered":"Fed-jegyz\u0151k\u00f6nyv: a kamatd\u00f6nt\u0151k t\u00f6bbs\u00e9ge szerint nem v\u00e1ltozik id\u00e9n a kamatszint"},"content":{"rendered":"<p><strong>Az amerikai jegybank szerep\u00e9t bet\u00f6lt\u0151 Fed m\u00e1rciusi kamatd\u00f6nt\u0151 \u00fcl\u00e9s\u00e9nek szerd\u00e1n k\u00f6zz\u00e9tett jegyz\u0151k\u00f6nyve szerint a kamatalak\u00edt\u00f3k t\u00f6bbs\u00e9ge \u00fagy l\u00e1tja, az id\u00e9n val\u00f3sz\u00edn\u0171leg m\u00e1r nem v\u00e1ltozik az alapkamat. <\/strong><!--more--><\/p>\n<div class=\"ads-in-post1\"><div id=\"gazdasagportal.hu_fullbanner_wideboard\"><\/div>\r\n<\/div>\n<p>    A jegyz\u0151k\u00f6nyv szerint azonban t\u00f6bb kamatd\u00f6nt\u0151 is \u00fagy v\u00e9lte, hogy ez az \u00e1ll\u00e1spont nem v\u00e9gleges, nincs &#8222;bebetonozva&#8221;. Abban az esetben ugyanis, ha a gazdas\u00e1gi folyamatok lehet\u0151v\u00e9 teszik \u00e9s n\u0151 az infl\u00e1ci\u00f3, akkor elk\u00e9pzelhet\u0151 kamatemel\u00e9s, mi t\u00f6bb, kamatcs\u00f6kkent\u00e9s is lehet, ha a gazdas\u00e1g \u00e1llapot\u00e1ban nem v\u00e1rt m\u00e9rt\u00e9k\u0171 roml\u00e1s k\u00f6vetkezne be \u00e9s cs\u00f6kkenne az infl\u00e1ci\u00f3.<br \/>\n    A m\u00e1rcius 20-\u00e1n z\u00e1r\u00f3dott k\u00e9tnapos kamatd\u00f6nt\u0151 \u00fcl\u00e9sen a piaci v\u00e1rakoz\u00e1soknak megfelel\u0151en a december \u00f3ta \u00e9rv\u00e9nyes 2,25-2,50 sz\u00e1zal\u00e9kos s\u00e1vban hagyta az ir\u00e1nyad\u00f3 kamatot a ny\u00edltpiaci bizotts\u00e1g (FOMC).<br \/>\n    A m\u00e1rciusi \u00fcl\u00e9s ut\u00e1n kiadott k\u00f6zlem\u00e9ny m\u00e1r utalt arra, hogy id\u00e9n val\u00f3sz\u00edn\u0171leg nem lesz kamatemel\u00e9s. Tavaly decemberben m\u00e9g k\u00e9t kamatemel\u00e9st val\u00f3sz\u00edn\u0171s\u00edtettek erre az \u00e9vre.<br \/>\n    M\u00e1rciusi kamatd\u00f6nt\u00e9s\u00e9nek ismertet\u00e9sekor a FOMC rontotta n\u00f6veked\u00e9si \u00e9s infl\u00e1ci\u00f3s el\u0151rejelz\u00e9s\u00e9t, valamint bejelentette, hogy szeptemberben meg\u00e1ll\u00edtja massz\u00edv k\u00f6tv\u00e9ny\u00e1llom\u00e1ny\u00e1nak le\u00e9p\u00edt\u00e9s\u00e9t.<br \/>\n    K\u00f6zlem\u00e9ny\u00e9ben a Fed r\u00e1mutatott arra, hogy a vil\u00e1g legnagyobb gazdas\u00e1g\u00e1ban lassult a n\u00f6veked\u00e9s \u00fcteme a tavalyi negyedik negyed\u00e9vhez k\u00e9pest, a legut\u00f3bbi adatok pedig azt mutatt\u00e1k, hogy a h\u00e1ztart\u00e1sok kiad\u00e1sai \u00e9s a v\u00e1llalati beruh\u00e1z\u00e1sok gyeng\u00e9bb \u00fctemben emelkedtek.<br \/>\n<div class=\"ads-in-post2\"><script async src=\"https:\/\/pagead2.googlesyndication.com\/pagead\/js\/adsbygoogle.js\"><\/script>\r\n<ins class=\"adsbygoogle\"\r\n     style=\"display:block\"\r\n     data-ad-format=\"fluid\"\r\n     data-ad-layout-key=\"-6t+ed+2i-1n-4w\"\r\n     data-ad-client=\"ca-pub-1959107119989764\"\r\n     data-ad-slot=\"4008251320\"><\/ins>\r\n<script>\r\n     (adsbygoogle = window.adsbygoogle || []).push({});\r\n<\/script><\/div>\n    A Fed 2017 okt\u00f3ber\u00e9ben kezdte el csaknem 4400 milli\u00e1rd doll\u00e1r \u00e9rt\u00e9k\u0171 k\u00f6tv\u00e9ny\u00e1llom\u00e1ny\u00e1nak fokozatos le\u00e9p\u00edt\u00e9s\u00e9t. A mostani d\u00f6nt\u00e9ssel m\u00e1just\u00f3l kezdve 30 milli\u00e1rd doll\u00e1rr\u00f3l 15 milli\u00e1rd doll\u00e1rra viszik le az \u00e1llamk\u00f6tv\u00e9ny-\u00e1llom\u00e1ny cs\u00f6kkent\u00e9s\u00e9nek havi keret\u00f6sszeg\u00e9t. Szeptembert\u0151l nem sz\u0171k\u00edtik tov\u00e1bb a m\u00e9rleget, ha a gazdas\u00e1gi helyzet \u00e9s a p\u00e9nzpiaci felt\u00e9telek a v\u00e1rakoz\u00e1sokkal \u00f6sszhangban alakulnak.<br \/>\n    Az Egyes\u00fclt \u00c1llamok hazai \u00f6sszterm\u00e9ke (GDP) id\u00e9n 2,1 sz\u00e1zal\u00e9kkal, j\u00f6v\u0151re pedig 1,9 sz\u00e1zal\u00e9kkal n\u00f6vekedhet a FOMC-tagok \u00faj progn\u00f3zisa szerint. A decemberi el\u0151rejelz\u00e9shez k\u00e9pest az ideit 0,2 sz\u00e1zal\u00e9kponttal, a j\u00f6v\u0151 \u00e9vit pedig 0,1 sz\u00e1zal\u00e9kponttal vett\u00e9k vissza. 2021-re v\u00e1ltozatlanul 1,8 sz\u00e1zal\u00e9kot, hosszabb t\u00e1vra pedig 1,9 sz\u00e1zal\u00e9kot v\u00e1rnak a FOMC-tagok. Mindez messze elmarad Donald Trump eln\u00f6k 4 sz\u00e1zal\u00e9kos \u00edg\u00e9ret\u00e9t\u0151l.<br \/>\n    A munkaer\u0151piacon is romolhat a helyzet. A munkan\u00e9lk\u00fclis\u00e9gi r\u00e1ta medi\u00e1n el\u0151rejelz\u00e9se az idei \u00e9vre 3,5 sz\u00e1zal\u00e9kr\u00f3l 3,7 sz\u00e1zal\u00e9kra emelkedett, 2020-ban 3,8 sz\u00e1zal\u00e9kra, 2021-ben pedig 3,9 sz\u00e1zal\u00e9kra k\u00faszhat fel, ami 0,2, illetve 0,1 sz\u00e1zal\u00e9kponttal magasabb a decemberi el\u0151rejelz\u00e9shez k\u00e9pest.<br \/>\n    A szem\u00e9lyes fogyaszt\u00f3i kiad\u00e1sok \u00e1rindex\u00e9t az id\u00e9n 1,8 sz\u00e1zal\u00e9kra, j\u00f6v\u0151re \u00e9s 2021-ben egyar\u00e1nt 2,0 sz\u00e1zal\u00e9kra v\u00e1rj\u00e1k. A decemberi medi\u00e1nhoz k\u00e9pest mindh\u00e1rom \u00e9v eset\u00e9ben 0,1 sz\u00e1zal\u00e9kponttal alacsonyabb infl\u00e1ci\u00f3ra sz\u00e1m\u00edtanak imm\u00e1r. Hosszabb t\u00e1von tov\u00e1bbra is 2,0 sz\u00e1zal\u00e9kot val\u00f3sz\u00edn\u0171s\u00edtenek.<br \/>\n    Az \u00e9lelmiszer- \u00e9s energia\u00e1rakat nem tartalmaz\u00f3 szem\u00e9lyes fogyaszt\u00e1si kiad\u00e1sok \u00e9ves \u00e1rindexe id\u00e9n \u00e9s a k\u00f6vetkez\u0151 k\u00e9t \u00e9vben is egyar\u00e1nt 2,0 sz\u00e1zal\u00e9k lehet, decemberhez k\u00e9pest nem v\u00e1ltozott az el\u0151rejelz\u00e9s.<br \/>\n    A kamatemel\u00e9si ciklus elindul\u00e1sa, 2015 decembere \u00f3ta kilenc alkalommal emelt kamatot a Fed, minden alkalommal 25 b\u00e1zispontosat.<br \/>\n    A ny\u00edltpiaci bizotts\u00e1g 2015 decembere el\u0151tt h\u00e9t \u00e9vig tartotta t\u00f6rt\u00e9nelmi m\u00e9lys\u00e9gben, z\u00e9r\u00f3 k\u00f6zeli szinten az alapkamatot, hogy ez\u00e1ltal \u00f6szt\u00f6n\u00f6zze a gazdas\u00e1gi n\u00f6veked\u00e9st \u00e9s felp\u00f6rgesse az infl\u00e1ci\u00f3t.<br \/>\n(MTI)<\/p>\n","protected":false},"excerpt":{"rendered":"<p>Az amerikai jegybank szerep\u00e9t bet\u00f6lt\u0151 Fed m\u00e1rciusi kamatd\u00f6nt\u0151 \u00fcl\u00e9s\u00e9nek szerd\u00e1n k\u00f6zz\u00e9tett jegyz\u0151k\u00f6nyve szerint a kamatalak\u00edt\u00f3k t\u00f6bbs\u00e9ge \u00fagy l\u00e1tja, az id\u00e9n val\u00f3sz\u00edn\u0171leg m\u00e1r nem v\u00e1ltozik az alapkamat.<\/p>\n","protected":false},"author":1001003,"featured_media":59667,"comment_status":"closed","ping_status":"open","sticky":false,"template":"","format":"standard","meta":[],"categories":[146,246],"tags":[],"_links":{"self":[{"href":"https:\/\/gazdasagportal.hu\/index.php\/wp-json\/wp\/v2\/posts\/115127"}],"collection":[{"href":"https:\/\/gazdasagportal.hu\/index.php\/wp-json\/wp\/v2\/posts"}],"about":[{"href":"https:\/\/gazdasagportal.hu\/index.php\/wp-json\/wp\/v2\/types\/post"}],"author":[{"embeddable":true,"href":"https:\/\/gazdasagportal.hu\/index.php\/wp-json\/wp\/v2\/users\/1001003"}],"replies":[{"embeddable":true,"href":"https:\/\/gazdasagportal.hu\/index.php\/wp-json\/wp\/v2\/comments?post=115127"}],"version-history":[{"count":1,"href":"https:\/\/gazdasagportal.hu\/index.php\/wp-json\/wp\/v2\/posts\/115127\/revisions"}],"predecessor-version":[{"id":115128,"href":"https:\/\/gazdasagportal.hu\/index.php\/wp-json\/wp\/v2\/posts\/115127\/revisions\/115128"}],"wp:featuredmedia":[{"embeddable":true,"href":"https:\/\/gazdasagportal.hu\/index.php\/wp-json\/wp\/v2\/media\/59667"}],"wp:attachment":[{"href":"https:\/\/gazdasagportal.hu\/index.php\/wp-json\/wp\/v2\/media?parent=115127"}],"wp:term":[{"taxonomy":"category","embeddable":true,"href":"https:\/\/gazdasagportal.hu\/index.php\/wp-json\/wp\/v2\/categories?post=115127"},{"taxonomy":"post_tag","embeddable":true,"href":"https:\/\/gazdasagportal.hu\/index.php\/wp-json\/wp\/v2\/tags?post=115127"}],"curies":[{"name":"wp","href":"https:\/\/api.w.org\/{rel}","templated":true}]}}