{"id":115119,"date":"2019-04-10T16:40:21","date_gmt":"2019-04-10T14:40:21","guid":{"rendered":"http:\/\/gazdasagportal.hu\/?p=115119"},"modified":"2019-04-10T16:40:21","modified_gmt":"2019-04-10T14:40:21","slug":"a-fogyasztoi-arak-a-vartnal-erosebben-nottek-az-egyesult-allamokban-marciusban","status":"publish","type":"post","link":"https:\/\/gazdasagportal.hu\/index.php\/a-fogyasztoi-arak-a-vartnal-erosebben-nottek-az-egyesult-allamokban-marciusban\/","title":{"rendered":"A fogyaszt\u00f3i \u00e1rak a v\u00e1rtn\u00e1l er\u0151sebben n\u0151ttek az Egyes\u00fclt \u00c1llamokban m\u00e1rciusban"},"content":{"rendered":"<p><strong>Az Egyes\u00fclt \u00c1llamokban a fogyaszt\u00f3i \u00e1rak a v\u00e1rtn\u00e1l kiss\u00e9 er\u0151sebb \u00fctemben emelkedtek m\u00e1rciusban, \u00e9ves \u00e9s havi \u00f6sszevet\u00e9sben.<\/strong><!--more--><\/p>\n<div class=\"ads-in-post1\"><div id=\"gazdasagportal.hu_fullbanner_wideboard\"><\/div>\r\n<\/div>\n<p>    Az amerikai munka\u00fcgyi miniszt\u00e9rium szerd\u00e1n azt k\u00f6z\u00f6lte, hogy \u00e9ves \u00f6sszevet\u00e9sben 1,9 sz\u00e1zal\u00e9kkal emelkedtek a fogyaszt\u00f3i \u00e1rak m\u00e1rciusban. Elemz\u0151k 1,8 sz\u00e1zal\u00e9kra sz\u00e1m\u00edtottak a febru\u00e1ri 1,5 sz\u00e1zal\u00e9k ut\u00e1n.<br \/>\n    Havi \u00f6sszehasonl\u00edt\u00e1sban a fogyaszt\u00f3i \u00e1rak 0,4 sz\u00e1zal\u00e9kkal, 14 h\u00f3napra visszamen\u0151leg a legnagyobb m\u00e9rt\u00e9kben n\u0151ttek. Elemz\u0151k 0,3 sz\u00e1zal\u00e9kos emelked\u00e9st v\u00e1rtak a febru\u00e1ri 0,2 sz\u00e1zal\u00e9k ut\u00e1n.<br \/>\n    M\u00e1rciusban havi szinten 3,5 sz\u00e1zal\u00e9kkal n\u0151tt az energia\u00e1r, ezen bel\u00fcl 6,5 sz\u00e1zal\u00e9kkal a benzin\u00e1r, mik\u00f6zben az \u00e9lelmiszer\u00e1rak 0,3 sz\u00e1zal\u00e9kkal emelkedtek.<br \/>\n<div class=\"ads-in-post2\"><script async src=\"https:\/\/pagead2.googlesyndication.com\/pagead\/js\/adsbygoogle.js\"><\/script>\r\n<ins class=\"adsbygoogle\"\r\n     style=\"display:block\"\r\n     data-ad-format=\"fluid\"\r\n     data-ad-layout-key=\"-6t+ed+2i-1n-4w\"\r\n     data-ad-client=\"ca-pub-1959107119989764\"\r\n     data-ad-slot=\"4008251320\"><\/ins>\r\n<script>\r\n     (adsbygoogle = window.adsbygoogle || []).push({});\r\n<\/script><\/div>\n    Az er\u0151sen ingadoz\u00f3 \u00e9lelmiszer- \u00e9s energia\u00e1rak kisz\u0171r\u00e9s\u00e9vel sz\u00e1m\u00edtott maginfl\u00e1ci\u00f3 \u00e9ves szinten 2 sz\u00e1zal\u00e9kon \u00e1llt m\u00e1rciusban a febru\u00e1ri 2,1 sz\u00e1zal\u00e9k ut\u00e1n. Elemz\u0151k 2,1 sz\u00e1zal\u00e9kos maginfl\u00e1ci\u00f3t  becs\u00fcltek m\u00e1rciusra.<br \/>\n    Havi \u00f6sszevet\u00e9sben 0,1 sz\u00e1zal\u00e9kkal n\u0151tt a maginfl\u00e1ci\u00f3, csak\u00fagy, mint febru\u00e1rban. Szak\u00e9rt\u0151k 0,2 sz\u00e1zal\u00e9kot v\u00e1rtak m\u00e1rciusra.(MTI)<\/p>\n","protected":false},"excerpt":{"rendered":"<p>Az Egyes\u00fclt \u00c1llamokban a fogyaszt\u00f3i \u00e1rak a v\u00e1rtn\u00e1l kiss\u00e9 er\u0151sebb \u00fctemben emelkedtek m\u00e1rciusban, \u00e9ves \u00e9s havi \u00f6sszevet\u00e9sben.<\/p>\n","protected":false},"author":1,"featured_media":0,"comment_status":"closed","ping_status":"open","sticky":false,"template":"","format":"standard","meta":[],"categories":[246],"tags":[],"_links":{"self":[{"href":"https:\/\/gazdasagportal.hu\/index.php\/wp-json\/wp\/v2\/posts\/115119"}],"collection":[{"href":"https:\/\/gazdasagportal.hu\/index.php\/wp-json\/wp\/v2\/posts"}],"about":[{"href":"https:\/\/gazdasagportal.hu\/index.php\/wp-json\/wp\/v2\/types\/post"}],"author":[{"embeddable":true,"href":"https:\/\/gazdasagportal.hu\/index.php\/wp-json\/wp\/v2\/users\/1"}],"replies":[{"embeddable":true,"href":"https:\/\/gazdasagportal.hu\/index.php\/wp-json\/wp\/v2\/comments?post=115119"}],"version-history":[{"count":1,"href":"https:\/\/gazdasagportal.hu\/index.php\/wp-json\/wp\/v2\/posts\/115119\/revisions"}],"predecessor-version":[{"id":115120,"href":"https:\/\/gazdasagportal.hu\/index.php\/wp-json\/wp\/v2\/posts\/115119\/revisions\/115120"}],"wp:attachment":[{"href":"https:\/\/gazdasagportal.hu\/index.php\/wp-json\/wp\/v2\/media?parent=115119"}],"wp:term":[{"taxonomy":"category","embeddable":true,"href":"https:\/\/gazdasagportal.hu\/index.php\/wp-json\/wp\/v2\/categories?post=115119"},{"taxonomy":"post_tag","embeddable":true,"href":"https:\/\/gazdasagportal.hu\/index.php\/wp-json\/wp\/v2\/tags?post=115119"}],"curies":[{"name":"wp","href":"https:\/\/api.w.org\/{rel}","templated":true}]}}