{"id":115113,"date":"2019-04-10T13:03:00","date_gmt":"2019-04-10T11:03:00","guid":{"rendered":"http:\/\/gazdasagportal.hu\/?p=115113"},"modified":"2019-04-10T13:03:00","modified_gmt":"2019-04-10T11:03:00","slug":"brexit-brit-brexit-miniszter-london-nem-akar-nagyon-hosszu-halasztast","status":"publish","type":"post","link":"https:\/\/gazdasagportal.hu\/index.php\/brexit-brit-brexit-miniszter-london-nem-akar-nagyon-hosszu-halasztast\/","title":{"rendered":"Brexit &#8211; Brit Brexit-miniszter: London nem akar nagyon hossz\u00fa halaszt\u00e1st"},"content":{"rendered":"<p><strong>A brit Brexit-\u00fcgyi miniszter szerint London nem akarja az Eur\u00f3pai Uni\u00f3b\u00f3l val\u00f3 kil\u00e9p\u00e9s\u00e9nek nagyon hossz\u00fa ideig tart\u00f3 halaszt\u00e1s\u00e1t, de a brit parlament hajthatatlans\u00e1ga miatt m\u00e9gis sz\u00e1molni kell ennek lehet\u0151s\u00e9g\u00e9vel.<\/strong><!--more--><\/p>\n<div class=\"ads-in-post1\"><div id=\"gazdasagportal.hu_fullbanner_wideboard\"><\/div>\r\n<\/div>\n<p>    Theresa May brit minisztereln\u00f6k a m\u00falt h\u00e9ten a Brexit j\u00fanius 30-ig terjed\u0151 halaszt\u00e1s\u00e1t kezdem\u00e9nyezte.<br \/>\n    Donald Tusk, az Eur\u00f3pai Uni\u00f3 \u00e1llam- \u00e9s korm\u00e1nyf\u0151i alkotta Eur\u00f3pai Tan\u00e1cs eln\u00f6ke a Brexit \u00fcgy\u00e9ben szerda est\u00e9re \u00f6sszeh\u00edvott soron k\u00edv\u00fcli EU-cs\u00facstal\u00e1lkoz\u00f3 el\u0151tt azonban a hat\u00e1rid\u0151 egy \u00e9vig terjed\u0151 meghosszabb\u00edt\u00e1s\u00e1nak j\u00f3v\u00e1hagy\u00e1s\u00e1t javasolta. Tusk indokl\u00e1sa szerint csek\u00e9ly az es\u00e9lye annak, hogy a londoni als\u00f3h\u00e1z j\u00fanius 30-ig elfogadn\u00e1 a Brexit felt\u00e9telrendszer\u00e9r\u0151l sz\u00f3l\u00f3, eddig h\u00e1romszor elutas\u00edtott meg\u00e1llapod\u00e1st, \u00e9s ebben a helyzetben a r\u00f6vid halaszt\u00e1s enged\u00e9lyez\u00e9se azzal kock\u00e1zattal j\u00e1rna, hogy \u00fajabb \u00e9s \u00fajabb halaszt\u00e1sokra, ezek j\u00f3v\u00e1hagy\u00e1s\u00e1hoz \u00fajabb \u00e9s \u00fajabb rendk\u00edv\u00fcli EU-cs\u00facstal\u00e1lkoz\u00f3kra lenne sz\u00fcks\u00e9g.<br \/>\n    Steve Barclay, a brit korm\u00e1ny Brexit-\u00fcgyi minisztere a BBC r\u00e1di\u00f3 szerdai h\u00edrm\u0171sor\u00e1nak nyilatkozva mindazon\u00e1ltal kijelentette: Theresa May v\u00e1ltozatlanul j\u00fanius 30-ig terjed\u0151 r\u00f6vid halaszt\u00e1st szeretne, illetve enn\u00e9l hosszabb halaszt\u00e1s eset\u00e9n biztos\u00edtani k\u00edv\u00e1nja, hogy a brit EU-tags\u00e1g a kijel\u00f6lt v\u00e9gd\u00e1tum el\u0151tt is megsz\u0171nhessen.<br \/>\n<div class=\"ads-in-post2\"><script async src=\"https:\/\/pagead2.googlesyndication.com\/pagead\/js\/adsbygoogle.js\"><\/script>\r\n<ins class=\"adsbygoogle\"\r\n     style=\"display:block\"\r\n     data-ad-format=\"fluid\"\r\n     data-ad-layout-key=\"-6t+ed+2i-1n-4w\"\r\n     data-ad-client=\"ca-pub-1959107119989764\"\r\n     data-ad-slot=\"4008251320\"><\/ins>\r\n<script>\r\n     (adsbygoogle = window.adsbygoogle || []).push({});\r\n<\/script><\/div>\n    Barclay felid\u00e9zte, hogy az EU-val a m\u00e1rciusi cs\u00facs\u00e9rtekezleten el\u00e9rt halaszt\u00e1si meg\u00e1llapod\u00e1s alapj\u00e1n az Egyes\u00fclt Kir\u00e1lys\u00e1gnak m\u00f3dja lett volna m\u00e1jus 22-\u00e9n rendezett k\u00f6r\u00fclm\u00e9nyek k\u00f6z\u00f6tt kil\u00e9pni az Eur\u00f3pai Uni\u00f3b\u00f3l, abban az esetben, ha a parlament m\u00e1rcius 29-ig, a Brexit eredeti hat\u00e1rnapj\u00e1ig elfogadta volna a kil\u00e9p\u00e9s felt\u00e9telrendszer\u00e9t r\u00f6gz\u00edt\u0151 meg\u00e1llapod\u00e1st.<br \/>\n    &#8222;Nem a minisztereln\u00f6k az oka annak, hogy ma vissza kell t\u00e9rn\u00fcnk (tov\u00e1bbi halaszt\u00e1s\u00e9rt az EU-hoz), hanem a parlament, amely \u00fajb\u00f3l elutas\u00edtotta a kil\u00e9p\u00e9si meg\u00e1llapod\u00e1st&#8221; &#8211; mondta a Brexit-miniszter a szerdai a BBC-m\u0171sorban, arra a k\u00e9rd\u00e9sre v\u00e1laszolva, hogy Theresa May tiszts\u00e9g\u00e9ben maradhat-e, ha elfogadja az EU \u00e1ltal javasolt hossz\u00fa Brexit-halaszt\u00e1st.<br \/>\n    A londoni als\u00f3h\u00e1z \u00e9ppen m\u00e1rciusi 29-\u00e9n szavazta le harmadszor is az EU-val novemberben k\u00f6t\u00f6tt, 585 oldalas Brexit-meg\u00e1llapod\u00e1st.<br \/>\n    Ennek nyom\u00e1n &#8211; a m\u00e1rciusi EU-cs\u00facson kijel\u00f6lt menetrend alapj\u00e1n &#8211; a jelenlegi jogi alaphelyzet az, hogy ha Theresa May indokait a tov\u00e1bbi halaszt\u00e1sra az EU-cs\u00facs szerd\u00e1n elutas\u00edtja, akkor az Egyes\u00fclt Kir\u00e1lys\u00e1g p\u00e9nteken meg\u00e1llapod\u00e1s n\u00e9lk\u00fcl, szab\u00e1lyozatlan m\u00f3don t\u00e1vozik az Eur\u00f3pai Uni\u00f3b\u00f3l.<br \/>\n    A konszenzusos elemz\u0151i v\u00e9lem\u00e9ny azonban ezt a forgat\u00f3k\u00f6nyvet teljesen val\u00f3sz\u00edn\u0171tlennek tartja.<br \/>\n    A konzervat\u00edv p\u00e1rti brit korm\u00e1nyf\u0151 m\u00e1r m\u00falt heti telev\u00edzi\u00f3s besz\u00e9d\u00e9ben jelezte, hogy a Brexit tov\u00e1bbi halaszt\u00e1s\u00e1ra van sz\u00fcks\u00e9g a meg\u00e1llapod\u00e1s n\u00e9lk\u00fcli kil\u00e9p\u00e9s elker\u00fcl\u00e9se v\u00e9gett, majd hivatalosan is kezdem\u00e9nyezte a j\u00fanius 30-ig tart\u00f3 halaszt\u00e1st Donald Tusknak k\u00fcld\u00f6tt level\u00e9ben.<br \/>\n    Theresa May javaslata szerint ha e hat\u00e1rid\u0151 el\u0151tt siker\u00fcl ratifik\u00e1lni a Brexit-meg\u00e1llapod\u00e1st, akkor a halaszt\u00e1si id\u0151szak is el\u0151bb v\u00e9get \u00e9rne.<br \/>\n    May levele szerint London val\u00f3j\u00e1ban olyan ratifik\u00e1ci\u00f3s menetrendre t\u00f6rekszik, amely m\u00e9g m\u00e1jus 23. el\u0151tt lehet\u0151v\u00e9 tenn\u00e9 a kil\u00e9p\u00e9st az Eur\u00f3pai Uni\u00f3b\u00f3l, ugyanis \u00edgy az Egyes\u00fclt Kir\u00e1lys\u00e1gnak nem kellene r\u00e9szt vennie az aznap kezd\u0151d\u0151 eur\u00f3pai parlamenti v\u00e1laszt\u00e1sokon.<br \/>\n    A brit korm\u00e1ny azonban ennek ellen\u00e9re e h\u00e9ten m\u00e1r megtette az els\u0151 form\u00e1lis l\u00e9p\u00e9seket a brit EP-v\u00e1laszt\u00e1si r\u00e9szv\u00e9tel jogi el\u0151k\u00e9sz\u00edt\u00e9s\u00e9re, arra az esetre, ha az Eur\u00f3pai Uni\u00f3 a London \u00e1ltal javasoltn\u00e1l hosszabb Brexit-halaszt\u00e1sba lenne csak hajland\u00f3 beleegyezni, \u00e9s ragaszkodna ahhoz, hogy az Egyes\u00fclt Kir\u00e1lys\u00e1gban is tarts\u00e1k meg az eur\u00f3pai parlamenti v\u00e1laszt\u00e1sokat.<br \/>\n    Ebben az esetben m\u00e1jus 23-\u00e1n lenne a brit EP-v\u00e1laszt\u00e1s.(MTI)<\/p>\n","protected":false},"excerpt":{"rendered":"<p>A brit Brexit-\u00fcgyi miniszter szerint London nem akarja az Eur\u00f3pai Uni\u00f3b\u00f3l val\u00f3 kil\u00e9p\u00e9s\u00e9nek nagyon hossz\u00fa ideig tart\u00f3 halaszt\u00e1s\u00e1t, de a brit parlament hajthatatlans\u00e1ga miatt m\u00e9gis sz\u00e1molni kell ennek lehet\u0151s\u00e9g\u00e9vel.<\/p>\n","protected":false},"author":1,"featured_media":0,"comment_status":"closed","ping_status":"open","sticky":false,"template":"","format":"standard","meta":[],"categories":[12],"tags":[],"_links":{"self":[{"href":"https:\/\/gazdasagportal.hu\/index.php\/wp-json\/wp\/v2\/posts\/115113"}],"collection":[{"href":"https:\/\/gazdasagportal.hu\/index.php\/wp-json\/wp\/v2\/posts"}],"about":[{"href":"https:\/\/gazdasagportal.hu\/index.php\/wp-json\/wp\/v2\/types\/post"}],"author":[{"embeddable":true,"href":"https:\/\/gazdasagportal.hu\/index.php\/wp-json\/wp\/v2\/users\/1"}],"replies":[{"embeddable":true,"href":"https:\/\/gazdasagportal.hu\/index.php\/wp-json\/wp\/v2\/comments?post=115113"}],"version-history":[{"count":1,"href":"https:\/\/gazdasagportal.hu\/index.php\/wp-json\/wp\/v2\/posts\/115113\/revisions"}],"predecessor-version":[{"id":115114,"href":"https:\/\/gazdasagportal.hu\/index.php\/wp-json\/wp\/v2\/posts\/115113\/revisions\/115114"}],"wp:attachment":[{"href":"https:\/\/gazdasagportal.hu\/index.php\/wp-json\/wp\/v2\/media?parent=115113"}],"wp:term":[{"taxonomy":"category","embeddable":true,"href":"https:\/\/gazdasagportal.hu\/index.php\/wp-json\/wp\/v2\/categories?post=115113"},{"taxonomy":"post_tag","embeddable":true,"href":"https:\/\/gazdasagportal.hu\/index.php\/wp-json\/wp\/v2\/tags?post=115113"}],"curies":[{"name":"wp","href":"https:\/\/api.w.org\/{rel}","templated":true}]}}