{"id":115111,"date":"2019-04-10T10:53:38","date_gmt":"2019-04-10T08:53:38","guid":{"rendered":"http:\/\/gazdasagportal.hu\/?p=115111"},"modified":"2019-04-10T10:53:38","modified_gmt":"2019-04-10T08:53:38","slug":"megallapodast-kotott-mexikoban-az-eximbank-a-bancomext-latin-amerikai-fejlesztesi-bankkal","status":"publish","type":"post","link":"https:\/\/gazdasagportal.hu\/index.php\/megallapodast-kotott-mexikoban-az-eximbank-a-bancomext-latin-amerikai-fejlesztesi-bankkal\/","title":{"rendered":"Meg\u00e1llapod\u00e1st k\u00f6t\u00f6tt Mexik\u00f3ban az Eximbank a Bancomext latin-amerikai fejleszt\u00e9si bankkal"},"content":{"rendered":"<p><strong>Meg\u00e1llapod\u00e1st k\u00f6t\u00f6tt Mexik\u00f3v\u00e1rosban a magyar Eximbank \u00e9s Latin-Amerika legjobban m\u0171k\u00f6d\u0151 fejleszt\u00e9si bankja, a mexik\u00f3i Bancomext a magyar v\u00e1llalatok mexik\u00f3i beruh\u00e1z\u00e1sainak t\u00e1mogat\u00e1s\u00e1ra, az Eximbank alkalmazottai tov\u00e1bbk\u00e9pz\u00e9sben r\u00e9szes\u00fclnek a mexik\u00f3i \u00e1llami p\u00e9nzint\u00e9zetn\u00e9l &#8211; t\u00e1j\u00e9koztatta a K\u00fclgazdas\u00e1gi \u00e9s K\u00fcl\u00fcgyminiszt\u00e9rium szerd\u00e1n az MTI-t.<\/strong><!--more--><\/p>\n<div class=\"ads-in-post1\"><div id=\"gazdasagportal.hu_fullbanner_wideboard\"><\/div>\r\n<\/div>\n<p>    A meg\u00e1llapod\u00e1s al\u00e1\u00edr\u00e1s\u00e1n mondott besz\u00e9d\u00e9ben Szijj\u00e1rt\u00f3 P\u00e9ter k\u00fclgazdas\u00e1gi \u00e9s k\u00fcl\u00fcgyminiszter felid\u00e9zte: Magyarorsz\u00e1g \u00f6t \u00e9vvel ezel\u0151tt ind\u00edtotta el a d\u00e9li nyit\u00e1s programj\u00e1t, amelynek r\u00e9v\u00e9n egyebek mellett a latin-amerikai orsz\u00e1gokkal is szorosabbra szeretn\u00e9 f\u0171zni egy\u00fcttm\u0171k\u00f6d\u00e9s\u00e9t. Ennek a c\u00e9lkit\u0171z\u00e9snek a sikeress\u00e9g\u00e9t al\u00e1t\u00e1masztja, hogy Mexik\u00f3 v\u00e1lt Magyarorsz\u00e1g els\u0151 sz\u00e1m\u00fa kereskedelmi partner\u00e9v\u00e9 eg\u00e9sz Latin-Amerik\u00e1ban &#8211; k\u00f6z\u00f6lte.<br \/>\n    A k\u00e9toldal\u00fa kereskedelmi forgalmat egyel\u0151re a magyar export h\u00fazza &#8211; folytatta a miniszter. A magyar \u00e1ru- \u00e9s szolg\u00e1ltat\u00e1sexport a tavalyi t\u00f6bb mint egymilli\u00e1rd doll\u00e1ros forgalomb\u00f3l 877 milli\u00f3 doll\u00e1rt tett ki. Budapestnek egy\u00e9rtelm\u0171en az a c\u00e9lja, hogy n\u00f6velj\u00e9k ezt a forgalmat.<br \/>\n<div class=\"ads-in-post2\"><script async src=\"https:\/\/pagead2.googlesyndication.com\/pagead\/js\/adsbygoogle.js\"><\/script>\r\n<ins class=\"adsbygoogle\"\r\n     style=\"display:block\"\r\n     data-ad-format=\"fluid\"\r\n     data-ad-layout-key=\"-6t+ed+2i-1n-4w\"\r\n     data-ad-client=\"ca-pub-1959107119989764\"\r\n     data-ad-slot=\"4008251320\"><\/ins>\r\n<script>\r\n     (adsbygoogle = window.adsbygoogle || []).push({});\r\n<\/script><\/div>\n    Hozz\u00e1tette, kifejezetten j\u00f3 h\u00edr, hogy egyre t\u00f6bb \u00e9rdekl\u0151d\u0151 v\u00e1llalat van. Fontos, hogy Magyarorsz\u00e1gnak legyenek referenci\u00e1i \u00e9s z\u00e1szl\u00f3shaj\u00f3-v\u00e1llalatai &#8211; mint p\u00e9ld\u00e1ul a Richter \u00e9s a Graphisoft -, amelyeket azut\u00e1n a kisebb c\u00e9gek, az orvosim\u0171szer-gy\u00e1rt\u00f3k, az \u00e9lelmiszeripari v\u00e1llalatok, az aut\u00f3ipari besz\u00e1ll\u00edt\u00f3k \u00e9s a v\u00edzgazd\u00e1lkod\u00e1ssal foglalkoz\u00f3 c\u00e9gek k\u00f6vetni tudnak &#8211; mondta a miniszter.<br \/>\n    A Richter Latin-Amerik\u00e1b\u00f3l sz\u00e1rmaz\u00f3 bev\u00e9tele tavaly meghaladta a 30 milli\u00f3 eur\u00f3t. A mexik\u00f3i Nemak v\u00e1llalat magyarorsz\u00e1gi gy\u00e1ra &#8211; amely a magyar korm\u00e1nnyal strat\u00e9giai partners\u00e9gi meg\u00e1llapod\u00e1st k\u00f6t\u00f6tt &#8211; a vil\u00e1g szinte minden nagy aut\u00f3ipari v\u00e1llalat\u00e1t kiszolg\u00e1lja &#8211; sorolta Szijj\u00e1rt\u00f3 P\u00e9ter.<br \/>\n    &#8222;Mivel nagyon nagy a f\u00f6ldrajzi t\u00e1vols\u00e1g a k\u00e9t orsz\u00e1g k\u00f6z\u00f6tt, fontos, hogy seg\u00edts\u00fck v\u00e1llalatainkat, adjunk nekik inspir\u00e1ci\u00f3t \u00e9s h\u00e1torsz\u00e1got az egy\u00fcttm\u0171k\u00f6d\u00e9shez&#8221; &#8211; hangs\u00falyozta. A magyar korm\u00e1ny ez\u00e9rt 620 milli\u00f3 doll\u00e1ros hitelkeretet nyitott a magyar c\u00e9gek mexik\u00f3i tev\u00e9kenys\u00e9g\u00e9nek seg\u00edt\u00e9s\u00e9re, a magyar-mexik\u00f3i v\u00e1llalatk\u00f6zi egy\u00fcttm\u0171k\u00f6d\u00e9s finansz\u00edroz\u00e1s\u00e1ra az Eximbankn\u00e1l &#8211; er\u0151s\u00edtette meg a k\u00fclgazdas\u00e1gi \u00e9s k\u00fcl\u00fcgyminiszter.<br \/>\n    &#8222;Azt gondolom, hogy ez a k\u00f6vetkez\u0151 l\u00e9p\u00e9se a magyar-mexik\u00f3i gazdas\u00e1gi kapcsolatok \u00faj dimenzi\u00f3ba l\u00e9ptet\u00e9s\u00e9nek azaz, hogy nemcsak keresked\u00fcnk egym\u00e1ssal, hogy nemcsak mi adunk el itt, nemcsak \u00f6n\u00f6k ruh\u00e1znak be n\u00e1lunk, hanem magyar v\u00e1llalatok is beruh\u00e1znak majd itt. Ehhez azonban a Bancomext t\u00e1mogat\u00e1sa, az \u00e1ltala ny\u00fajtand\u00f3 tov\u00e1bbk\u00e9pz\u00e9s elengedhetetlen lesz&#8221; &#8211; mondta besz\u00e9d\u00e9ben a miniszter.<br \/>\n     K\u00f6z\u00f6lte, Magyarorsz\u00e1g azokra a ter\u00fcletekre \u00f6sszpontos\u00edt a nemzetk\u00f6zi gazdas\u00e1gi egy\u00fcttm\u0171k\u00f6d\u00e9sben, ahol nem a mennyis\u00e9g sz\u00e1m\u00edt, hanem a szak\u00e9rtelem. Az \u00e9lelmiszeripar \u00e9s a mez\u0151gazdas\u00e1g is kulcster\u00fcletek. Magyarorsz\u00e1g az alapt\u00f6rv\u00e9nyben r\u00f6gz\u00edtette a mez\u0151gazdas\u00e1g \u00e9s az \u00e9lelmiszeripar mentess\u00e9g\u00e9t a genetikailag m\u00f3dos\u00edtott \u00e9lelmiszerekt\u0151l &#8211; eml\u00e9keztetett.<br \/>\n    Szijj\u00e1rt\u00f3 P\u00e9ter nagy jelent\u0151s\u00e9g\u0171nek mondta azt a frissen megk\u00f6t\u00f6tt egy\u00fcttm\u0171k\u00f6d\u00e9si meg\u00e1llapod\u00e1st, amelyet Nemzeti Agr\u00e1rkutat\u00e1si \u00e9s Innov\u00e1ci\u00f3s K\u00f6zpont Hal\u00e1szati Kutat\u00f3int\u00e9zete egy mexik\u00f3i partnerrel k\u00f6t\u00f6tt. Kifejezte abb\u00e9li rem\u00e9ny\u00e9t, hogy ez a technol\u00f3giai transzferen \u00e9s know-how-n alapul\u00f3 egy\u00fcttm\u0171k\u00f6d\u00e9s a f\u00f6ldrajzi t\u00e1vols\u00e1g ellen\u00e9re sikeres \u00e9s mindk\u00e9t f\u00e9l sz\u00e1m\u00e1ra el\u0151ny\u00f6s lesz.<br \/>\n    Magyarorsz\u00e1gon a mez\u0151gazdas\u00e1g h\u00e9t sz\u00e1zal\u00e9k\u00e1t adja a brutt\u00f3 hazai term\u00e9knek, de ha ehhez hozz\u00e1adj\u00e1k a mez\u0151gazdas\u00e1gi tudom\u00e1nyos kutat\u00e1sokra ford\u00edtott \u00f6sszegeket, az ott f\u00f6lhalmozott know-how-kat \u00e9s technol\u00f3gi\u00e1kat, az \u00e9lelmiszer-feldolgoz\u00f3ipart \u00e9s a mez\u0151gazdas\u00e1gi g\u00e9pipart, akkor m\u00e1r 16-17 sz\u00e1zal\u00e9k\u00e1t adja az orsz\u00e1g GDP-j\u00e9nek, ami nagyon jelent\u0151s ar\u00e1ny &#8211; mondta.<br \/>\n    A miniszter v\u00e9gezet\u00fcl lesz\u00f6gezte: &#8222;Mi a szabadkereskedelem h\u00edvei \u00e9s t\u00e1mogat\u00f3i vagyunk. Az gondoljuk, hogy min\u00e9l szabadabb a vil\u00e1gkereskedelem, ann\u00e1l ink\u00e1bb ki tudjuk akn\u00e1zni annak lehet\u0151s\u00e9geit, ez\u00e9rt a mexik\u00f3i gazdas\u00e1gi szerepl\u0151k sz\u00e1m\u00edthatnak r\u00e1nk, amikor arr\u00f3l van sz\u00f3, hogy moderniz\u00e1ljuk az Eur\u00f3pai Uni\u00f3 \u00e9s Mexik\u00f3 k\u00f6z\u00f6tti glob\u00e1lis egy\u00fcttm\u0171k\u00f6d\u00e9si meg\u00e1llapod\u00e1st&#8221;.(MTI)<\/p>\n","protected":false},"excerpt":{"rendered":"<p>Meg\u00e1llapod\u00e1st k\u00f6t\u00f6tt Mexik\u00f3v\u00e1rosban a magyar Eximbank \u00e9s Latin-Amerika legjobban m\u0171k\u00f6d\u0151 fejleszt\u00e9si bankja, a mexik\u00f3i Bancomext a magyar v\u00e1llalatok mexik\u00f3i beruh\u00e1z\u00e1sainak t\u00e1mogat\u00e1s\u00e1ra, az Eximbank alkalmazottai tov\u00e1bbk\u00e9pz\u00e9sben r\u00e9szes\u00fclnek a mexik\u00f3i \u00e1llami p\u00e9nzint\u00e9zetn\u00e9l &#8211; t\u00e1j\u00e9koztatta a K\u00fclgazdas\u00e1gi \u00e9s K\u00fcl\u00fcgyminiszt\u00e9rium szerd\u00e1n az MTI-t.<\/p>\n","protected":false},"author":1,"featured_media":0,"comment_status":"closed","ping_status":"open","sticky":false,"template":"","format":"standard","meta":[],"categories":[19],"tags":[],"_links":{"self":[{"href":"https:\/\/gazdasagportal.hu\/index.php\/wp-json\/wp\/v2\/posts\/115111"}],"collection":[{"href":"https:\/\/gazdasagportal.hu\/index.php\/wp-json\/wp\/v2\/posts"}],"about":[{"href":"https:\/\/gazdasagportal.hu\/index.php\/wp-json\/wp\/v2\/types\/post"}],"author":[{"embeddable":true,"href":"https:\/\/gazdasagportal.hu\/index.php\/wp-json\/wp\/v2\/users\/1"}],"replies":[{"embeddable":true,"href":"https:\/\/gazdasagportal.hu\/index.php\/wp-json\/wp\/v2\/comments?post=115111"}],"version-history":[{"count":1,"href":"https:\/\/gazdasagportal.hu\/index.php\/wp-json\/wp\/v2\/posts\/115111\/revisions"}],"predecessor-version":[{"id":115112,"href":"https:\/\/gazdasagportal.hu\/index.php\/wp-json\/wp\/v2\/posts\/115111\/revisions\/115112"}],"wp:attachment":[{"href":"https:\/\/gazdasagportal.hu\/index.php\/wp-json\/wp\/v2\/media?parent=115111"}],"wp:term":[{"taxonomy":"category","embeddable":true,"href":"https:\/\/gazdasagportal.hu\/index.php\/wp-json\/wp\/v2\/categories?post=115111"},{"taxonomy":"post_tag","embeddable":true,"href":"https:\/\/gazdasagportal.hu\/index.php\/wp-json\/wp\/v2\/tags?post=115111"}],"curies":[{"name":"wp","href":"https:\/\/api.w.org\/{rel}","templated":true}]}}