{"id":115095,"date":"2019-04-09T20:46:08","date_gmt":"2019-04-09T18:46:08","guid":{"rendered":"http:\/\/gazdasagportal.hu\/?p=115095"},"modified":"2019-04-09T20:46:08","modified_gmt":"2019-04-09T18:46:08","slug":"gyorsjelentes-2019-az-opus-global-2018-ban-248-milliard-forint-konszolidalt-adozott-eredmenyt-ert-el","status":"publish","type":"post","link":"https:\/\/gazdasagportal.hu\/index.php\/gyorsjelentes-2019-az-opus-global-2018-ban-248-milliard-forint-konszolidalt-adozott-eredmenyt-ert-el\/","title":{"rendered":"Gyorsjelent\u00e9s 2019: Az Opus Global 2018-ban 24,8 milli\u00e1rd forint konszolid\u00e1lt ad\u00f3zott eredm\u00e9nyt \u00e9rt el"},"content":{"rendered":"<p><strong>Az Opus Global Nyrt. 2018-ban 54,1 milli\u00e1rd forintos m\u0171k\u00f6d\u00e9si bev\u00e9tel mellett 24,8 milli\u00e1rd forint ad\u00f3zott eredm\u00e9nyt \u00e9rt el a Budapesti \u00c9rt\u00e9kt\u0151zsde (B\u00c9T) honlapj\u00e1n kedden este k\u00f6zz\u00e9tett IFRS szerinti konszolid\u00e1lt \u00e9ves jelent\u00e9s szerint. A m\u0171k\u00f6d\u00e9si bev\u00e9tel 17 sz\u00e1zal\u00e9kkal, a profit 320 sz\u00e1zal\u00e9kkal haladja meg az egy \u00e9vvel kor\u00e1bbit.<\/strong><!--more--><\/p>\n<div class=\"ads-in-post1\"><div id=\"gazdasagportal.hu_fullbanner_wideboard\"><\/div>\r\n<\/div>\n<p>    A csoport anyav\u00e1llalatra jut\u00f3 feloszthat\u00f3 eredm\u00e9nye 25,5 milli\u00e1rd forint.<br \/>\n    Az Opus k\u00f6z\u00f6lte: a t\u00e1rsas\u00e1g konszolid\u00e1lt saj\u00e1t t\u0151k\u00e9je &#8211; a lez\u00e1rt t\u0151keemel\u00e9s-sorozatnak k\u00f6sz\u00f6nhet\u0151en &#8211; alig egy \u00e9v alatt 14,9 milli\u00e1rd forintr\u00f3l t\u00f6bb mint 280 milli\u00e1rd forintra, a konszolid\u00e1lt m\u00e9rlegf\u0151\u00f6sszeg pedig az egy \u00e9vvel kor\u00e1bbi 48,071 milli\u00e1rd forintr\u00f3l 2018. december v\u00e9g\u00e9re 576,7 milli\u00e1rd forintra emelkedett.<br \/>\n    Az Opus a jelent\u0151s \u00e1rbev\u00e9tel \u00e9s profit ellen\u00e9re negat\u00edv \u00fczemi eredm\u00e9nyt (EBIT), valamint kamatok, ad\u00f3z\u00e1s \u00e9s amortiz\u00e1ci\u00f3 el\u0151tti eredm\u00e9nyt (EBITDA) mutatott ki, ez azonban a t\u00e1rsas\u00e1g szerint nem fest val\u00f3s k\u00e9pet a t\u00e9nyleges eredm\u00e9nytermel\u0151 k\u00e9pess\u00e9gr\u0151l.<br \/>\n<div class=\"ads-in-post2\"><script async src=\"https:\/\/pagead2.googlesyndication.com\/pagead\/js\/adsbygoogle.js\"><\/script>\r\n<ins class=\"adsbygoogle\"\r\n     style=\"display:block\"\r\n     data-ad-format=\"fluid\"\r\n     data-ad-layout-key=\"-6t+ed+2i-1n-4w\"\r\n     data-ad-client=\"ca-pub-1959107119989764\"\r\n     data-ad-slot=\"4008251320\"><\/ins>\r\n<script>\r\n     (adsbygoogle = window.adsbygoogle || []).push({});\r\n<\/script><\/div>\n    A novemberben \u00e9rt\u00e9kes\u00edtett m\u00e9diaportf\u00f3li\u00f3 \u00e1ltal gener\u00e1lt \u00e1rbev\u00e9tel \u00e9s EBITDA ugyanis m\u00e1r nem szerepelhet az Opus konszolid\u00e1lt eredm\u00e9nybesz\u00e1mol\u00f3j\u00e1ban, a t\u0151keemel\u00e9s sor\u00e1n apport\u00e1lt, illetve megv\u00e1s\u00e1rolt, jelent\u0151s j\u00f6vedelemtermel\u0151 k\u00e9pess\u00e9g\u0171 t\u00e1rsas\u00e1gok &#8211; M\u00e1trai Er\u0151m\u0171, a M\u00e9sz\u00e1ros \u00c9p\u00edt\u0151ipari Holding le\u00e1nyv\u00e1llalatai &#8211; pedig csak az akviz\u00edci\u00f3k lez\u00e1r\u00e1s\u00e1t k\u00f6vet\u0151, december havi teljes\u00edtm\u00e9ny\u00fckkel j\u00e1rultak hozz\u00e1 a csoport konszolid\u00e1lt eredm\u00e9ny\u00e9hez &#8211; mutat r\u00e1 a c\u00e9g.<br \/>\n    Amennyiben az \u00fajonnan apport\u00e1lt vagyonelemek m\u00e1r 2018 janu\u00e1rj\u00e1val az Opus tulajdon\u00e1ban m\u0171k\u00f6dnek, a proforma kalkul\u00e1ci\u00f3 alapj\u00e1n a v\u00e1llalatcsoport 191,7 milli\u00e1rd forint m\u0171k\u00f6d\u00e9si \u00e1rbev\u00e9tel mellett 11,8 milli\u00e1rd forint EBITDA-val z\u00e1rta volna a 2018-as gazdas\u00e1gi \u00e9vet &#8211; ismertetik.<br \/>\n    A t\u00e1rsas\u00e1g igazgat\u00f3s\u00e1ga szerint az Opus Global az elm\u00falt \u00e9vben megval\u00f3sult apportoknak is k\u00f6sz\u00f6nhet\u0151en stabil p\u00e9nz\u00fcgyi \u00e9s piaci helyzetben m\u0171k\u00f6dik, a v\u00e1llalatcsoport kiv\u00e1l\u00f3 n\u00f6veked\u00e9si kil\u00e1t\u00e1sokkal v\u00e1ghat neki a 2019-es \u00e9vnek.<br \/>\n    Az ipari termel\u00e9s, a mez\u0151gazdas\u00e1g \u00e9s \u00e9lelmiszeripar, az energetika, valamint a vagyonkezel\u00e9s szegmens\u00e9ben m\u0171k\u00f6d\u0151 Opus Global becs\u00fclt kapitaliz\u00e1ci\u00f3ja a Konzum Nyrt. beolvad\u00e1s\u00e1val (a beolvad\u00e1si id\u0151pont j\u00fanius 30.) &#8211; a jelenlegi \u00e1rfolyamon \u00e9s a jelenlegi piaci viszonyokkal sz\u00e1molva &#8211; el\u00e9rheti a 350-400 milli\u00e1rd forintot. Ek\u00f6zben IFRS szerinti konszolid\u00e1lt saj\u00e1t t\u0151k\u00e9je meghaladhatja a 320 milli\u00e1rd forintot is, 2019-re tervezett EBITDA-ja pedig a 30 milli\u00e1rd forintot &#8211; \u00edrja k\u00f6zlem\u00e9ny\u00e9ben a t\u00e1rsas\u00e1g.<br \/>\n    Az Opus Global 25 forint n\u00e9v\u00e9rt\u00e9k\u0171 r\u00e9szv\u00e9nyeivel a B\u00c9T pr\u00e9mium kateg\u00f3ri\u00e1j\u00e1ban kereskednek, a keddi keresked\u00e9st 449,2 forinton, az el\u0151z\u0151 z\u00e1r\u00f3\u00e1rn\u00e1l 4,22 sz\u00e1zal\u00e9kkal &#8211; 19,8 forinttal &#8211; alacsonyabban z\u00e1rt\u00e1k, az elm\u00falt egy \u00e9vben a legmagasabb \u00e1rfolyamuk 810 forint, a legalacsonyabb 395 forint volt.(MTI)<\/p>\n","protected":false},"excerpt":{"rendered":"<p>Az Opus Global Nyrt. 2018-ban 54,1 milli\u00e1rd forintos m\u0171k\u00f6d\u00e9si bev\u00e9tel mellett 24,8 milli\u00e1rd forint ad\u00f3zott eredm\u00e9nyt \u00e9rt el a Budapesti \u00c9rt\u00e9kt\u0151zsde (B\u00c9T) honlapj\u00e1n kedden este k\u00f6zz\u00e9tett IFRS szerinti konszolid\u00e1lt \u00e9ves jelent\u00e9s szerint. A m\u0171k\u00f6d\u00e9si bev\u00e9tel 17 sz\u00e1zal\u00e9kkal, a profit 320 sz\u00e1zal\u00e9kkal haladja meg az egy \u00e9vvel kor\u00e1bbit.<\/p>\n","protected":false},"author":1001003,"featured_media":115096,"comment_status":"closed","ping_status":"open","sticky":false,"template":"","format":"standard","meta":[],"categories":[146,34],"tags":[],"_links":{"self":[{"href":"https:\/\/gazdasagportal.hu\/index.php\/wp-json\/wp\/v2\/posts\/115095"}],"collection":[{"href":"https:\/\/gazdasagportal.hu\/index.php\/wp-json\/wp\/v2\/posts"}],"about":[{"href":"https:\/\/gazdasagportal.hu\/index.php\/wp-json\/wp\/v2\/types\/post"}],"author":[{"embeddable":true,"href":"https:\/\/gazdasagportal.hu\/index.php\/wp-json\/wp\/v2\/users\/1001003"}],"replies":[{"embeddable":true,"href":"https:\/\/gazdasagportal.hu\/index.php\/wp-json\/wp\/v2\/comments?post=115095"}],"version-history":[{"count":1,"href":"https:\/\/gazdasagportal.hu\/index.php\/wp-json\/wp\/v2\/posts\/115095\/revisions"}],"predecessor-version":[{"id":115097,"href":"https:\/\/gazdasagportal.hu\/index.php\/wp-json\/wp\/v2\/posts\/115095\/revisions\/115097"}],"wp:featuredmedia":[{"embeddable":true,"href":"https:\/\/gazdasagportal.hu\/index.php\/wp-json\/wp\/v2\/media\/115096"}],"wp:attachment":[{"href":"https:\/\/gazdasagportal.hu\/index.php\/wp-json\/wp\/v2\/media?parent=115095"}],"wp:term":[{"taxonomy":"category","embeddable":true,"href":"https:\/\/gazdasagportal.hu\/index.php\/wp-json\/wp\/v2\/categories?post=115095"},{"taxonomy":"post_tag","embeddable":true,"href":"https:\/\/gazdasagportal.hu\/index.php\/wp-json\/wp\/v2\/tags?post=115095"}],"curies":[{"name":"wp","href":"https:\/\/api.w.org\/{rel}","templated":true}]}}