{"id":115093,"date":"2019-04-09T16:46:09","date_gmt":"2019-04-09T14:46:09","guid":{"rendered":"http:\/\/gazdasagportal.hu\/?p=115093"},"modified":"2019-04-09T16:46:09","modified_gmt":"2019-04-09T14:46:09","slug":"rontotta-vilaggazdasagi-novekedesi-elorejelzeset-az-imf","status":"publish","type":"post","link":"https:\/\/gazdasagportal.hu\/index.php\/rontotta-vilaggazdasagi-novekedesi-elorejelzeset-az-imf\/","title":{"rendered":"Rontotta vil\u00e1ggazdas\u00e1gi n\u00f6veked\u00e9si el\u0151rejelz\u00e9s\u00e9t az IMF"},"content":{"rendered":"<p><strong>Vesz\u00edt lend\u00fclet\u00e9b\u0151l a vil\u00e1ggazdas\u00e1g idei n\u00f6veked\u00e9se tavalyhoz k\u00e9pest a Nemzetk\u00f6zi Valutaalap (IMF) kedden k\u00f6zz\u00e9tett friss\u00edtett progn\u00f3zisa szerint.<\/strong><!--more--><\/p>\n<div class=\"ads-in-post1\"><div id=\"gazdasagportal.hu_fullbanner_wideboard\"><\/div>\r\n<\/div>\n<p>    Az IMF a tavaly okt\u00f3berben publik\u00e1lt World Economic Outlook (WEO) el\u0151rejelz\u00e9s\u00e9nek fel\u00fclvizsg\u00e1lt \u00e9s m\u00f3dos\u00edtott v\u00e1ltozat\u00e1ban 0,4 sz\u00e1zal\u00e9kponttal 3,3 sz\u00e1zal\u00e9kra cs\u00f6kkentette a 2019-es \u00e9s 0,1 sz\u00e1zal\u00e9kponttal 3,6 sz\u00e1zal\u00e9kra a 2020-as glob\u00e1lis GDP-n\u00f6veked\u00e9si el\u0151rejelz\u00e9s\u00e9t. Az IMF sz\u00e1m\u00edt\u00e1sai szerint tavaly a glob\u00e1lis GDP 3,6 sz\u00e1zal\u00e9kkal n\u0151tt.<br \/>\n    Az IMF progn\u00f3zisa szerint a fejlett gazdas\u00e1gok a tavalyi 2,2 sz\u00e1zal\u00e9k ut\u00e1n az id\u00e9n 1,8 sz\u00e1zal\u00e9kkal, j\u00f6v\u0151re 1,7 sz\u00e1zal\u00e9kkal n\u0151nek, ami 2019 eset\u00e9ben 0,3 sz\u00e1zal\u00e9kpontos cs\u00f6kkent\u00e9st jelent a tavaly okt\u00f3beri progn\u00f3zishoz k\u00e9pest. A j\u00f6v\u0151 \u00e9vi el\u0151rejelz\u00e9st az IMF nem m\u00f3dos\u00edtotta.<br \/>\n    A fejlett gazdas\u00e1gok k\u00f6z\u00f6tt az Egyes\u00fclt \u00c1llamok gazdas\u00e1gi n\u00f6veked\u00e9se az id\u00e9n 2,3 sz\u00e1zal\u00e9kra, j\u00f6v\u0151re 1,9 sz\u00e1zal\u00e9kra lassul a keddi progn\u00f3zis szerint a tavalyi 2,9 sz\u00e1zal\u00e9kr\u00f3l. Az okt\u00f3beri progn\u00f3zishoz k\u00e9pest az idei \u00e9vre 0,2 sz\u00e1zal\u00e9kponttal rontotta, a j\u00f6v\u0151 \u00e9vre vonatkoz\u00f3an  ugyanakkor 0,1 sz\u00e1zal\u00e9kponttal jav\u00edtotta becsl\u00e9s\u00e9t.<br \/>\n<div class=\"ads-in-post2\"><script async src=\"https:\/\/pagead2.googlesyndication.com\/pagead\/js\/adsbygoogle.js\"><\/script>\r\n<ins class=\"adsbygoogle\"\r\n     style=\"display:block\"\r\n     data-ad-format=\"fluid\"\r\n     data-ad-layout-key=\"-6t+ed+2i-1n-4w\"\r\n     data-ad-client=\"ca-pub-1959107119989764\"\r\n     data-ad-slot=\"4008251320\"><\/ins>\r\n<script>\r\n     (adsbygoogle = window.adsbygoogle || []).push({});\r\n<\/script><\/div>\n    Az eur\u00f3\u00f6vezet idei n\u00f6veked\u00e9si el\u0151rejelz\u00e9s\u00e9t 0,6 sz\u00e1zal\u00e9kponttal 1,3 sz\u00e1zal\u00e9kra cs\u00f6kkentette az IMF, a j\u00f6v\u0151 \u00e9vit pedig 0,2 sz\u00e1zal\u00e9kponttal 1,5 sz\u00e1zal\u00e9kra rontotta. A tavalyi n\u00f6veked\u00e9s 1,8 sz\u00e1zal\u00e9k volt.<br \/>\n    A legnagyobb negat\u00edv korrekci\u00f3t a n\u00e9met gazdas\u00e1g kapta az IMF-t\u0151l, az idei n\u00f6veked\u00e9s eszerint csup\u00e1n 0,8 sz\u00e1zal\u00e9k lesz, 1,1 sz\u00e1zal\u00e9kponttal kisebb az okt\u00f3berben jelzettn\u00e9l. A 2020-as n\u00f6veked\u00e9st 1,4 sz\u00e1zal\u00e9kra v\u00e1rja az IMF, ami az okt\u00f3beri el\u0151rejelz\u00e9shez viszony\u00edtva 0,2 sz\u00e1zal\u00e9kpont ront\u00e1s. A tavalyi n\u00e9met n\u00f6veked\u00e9s 1,5 sz\u00e1zal\u00e9k volt.<br \/>\n    Franciaorsz\u00e1g eset\u00e9ben az id\u00e9n 1,3 sz\u00e1zal\u00e9kos n\u00f6veked\u00e9sre sz\u00e1m\u00edt az IMF, 0,3 sz\u00e1zal\u00e9kponttal gyeng\u00e9bbre az okt\u00f3berben v\u00e1rtn\u00e1l, a j\u00f6v\u0151 \u00e9vi v\u00e1rhat\u00f3 gazdas\u00e1gi b\u0151v\u00fcl\u00e9st pedig 0,2 sz\u00e1zal\u00e9kponttal 1,4 sz\u00e1zal\u00e9kra cs\u00f6kkentette a szervezet. A francia GDP tavaly 1,5 sz\u00e1zal\u00e9kkal n\u0151tt.<br \/>\n    Olaszorsz\u00e1g idei n\u00f6veked\u00e9s\u00e9t 0,9 sz\u00e1zal\u00e9kponttal 0,1 sz\u00e1zal\u00e9kra v\u00e1gta vissza az IMF, a j\u00f6v\u0151 \u00e9vit pedig v\u00e1ltozatlanul 0,9 sz\u00e1zal\u00e9kra teszi. A 2018-as olasz n\u00f6veked\u00e9s 0,9 sz\u00e1zal\u00e9k volt.<br \/>\n    Nagy-Britannia GDP-n\u00f6veked\u00e9se a tavalyi 1,4 sz\u00e1zal\u00e9kr\u00f3l az id\u00e9n 1,2 sz\u00e1zal\u00e9kra lassul, j\u00f6v\u0151re pedig 1,4 sz\u00e1zal\u00e9k lesz. Az idei \u00e9vi n\u00f6veked\u00e9s 0,3 sz\u00e1zal\u00e9kpont, a j\u00f6v\u0151 \u00e9vi pedig 0,1 sz\u00e1zal\u00e9kpont lefel\u00e9 m\u00f3dos\u00edt\u00e1st jelent az okt\u00f3beri progn\u00f3zishoz k\u00e9pest.<br \/>\n    Az Eur\u00f3pai Uni\u00f3 eset\u00e9ben a jelent\u00e9s \u00f6ssze\u00e1ll\u00edt\u00f3i az id\u00e9n 1,6 sz\u00e1zal\u00e9kos, j\u00f6v\u0151re 1,7 sz\u00e1zal\u00e9kos gazdas\u00e1gi n\u00f6veked\u00e9st v\u00e1rnak a tavalyi 2,1 sz\u00e1zal\u00e9k ut\u00e1n. Okt\u00f3berhez k\u00e9pest az idei v\u00e1rhat\u00f3 b\u0151v\u00fcl\u00e9si \u00fctemet 0,4 sz\u00e1zal\u00e9kponttal, a j\u00f6v\u0151 \u00e9vit 0,1 sz\u00e1zal\u00e9kponttal rontott\u00e1k.<br \/>\n    A felt\u00f6rekv\u0151 orsz\u00e1gok egy\u00fcttes GDP-n\u00f6veked\u00e9se a tavalyi 4,5 sz\u00e1zal\u00e9k ut\u00e1n id\u00e9n 4,4 sz\u00e1zal\u00e9k, j\u00f6v\u0151re 4,8 sz\u00e1zal\u00e9k lesz. Okt\u00f3berhez k\u00e9pest az IMF az idei v\u00e1rhat\u00f3 n\u00f6veked\u00e9si \u00fctemet 0,3 sz\u00e1zal\u00e9kponttal, a j\u00f6v\u0151 \u00e9vit 0,1 sz\u00e1zal\u00e9kponttal rontotta.<br \/>\n    Oroszorsz\u00e1g n\u00f6veked\u00e9si kil\u00e1t\u00e1s\u00e1t rontotta az IMF: az idei 0,2 sz\u00e1zal\u00e9kponttal lehet alacsonyabb az okt\u00f3beri el\u0151rejelz\u00e9sn\u00e9l, 1,6 sz\u00e1zal\u00e9k, a 2020-as pedig 0,1 sz\u00e1zal\u00e9kponttal alacsonyabb, 1,7 sz\u00e1zal\u00e9k. A 2018-as orosz n\u00f6veked\u00e9s 2,3 sz\u00e1zal\u00e9k volt.<br \/>\n    A k\u00ednai gazdas\u00e1g tavalyhoz k\u00e9pest vesz\u00edt n\u00f6veked\u00e9si lend\u00fclet\u00e9b\u0151l az id\u00e9n, de kev\u00e9sb\u00e9 az okt\u00f3berben v\u00e1rtn\u00e1l. A tavalyi 6,6 sz\u00e1zal\u00e9kos gazdas\u00e1gi b\u0151v\u00fcl\u00e9s ut\u00e1n id\u00e9n a n\u00f6veked\u00e9s 6,3 sz\u00e1zal\u00e9kra lassul, ami az okt\u00f3berben v\u00e1rthoz k\u00e9pest 0,1 sz\u00e1zal\u00e9kpont felfel\u00e9 jav\u00edt\u00e1s. Az IMF v\u00e1rakoz\u00e1sa szerint K\u00edna j\u00f6v\u0151 \u00e9vi GDP-n\u00f6veked\u00e9se 6,1 sz\u00e1zal\u00e9k lesz, 0,1 sz\u00e1zal\u00e9kponttal alacsonyabb az okt\u00f3berben v\u00e1rtn\u00e1l.<br \/>\n    A vil\u00e1gkereskedelmi forgalom tavalyi 3,8 sz\u00e1zal\u00e9kos n\u00f6veked\u00e9se id\u00e9n lassul, 3,4 sz\u00e1zal\u00e9k lesz, ami 0,6 sz\u00e1zal\u00e9kpontos ront\u00e1s az okt\u00f3beri el\u0151rejelz\u00e9shez k\u00e9pest. A forgalomn\u00f6veked\u00e9s j\u00f6v\u0151re v\u00e1rhat\u00f3an 3,9 sz\u00e1zal\u00e9k lesz, 0,2 sz\u00e1zal\u00e9kponttal kisebb az okt\u00f3beri becsl\u00e9sben szerepl\u0151n\u00e9l.<br \/>\n    A vil\u00e1gkereskedelmi forgalom a fejlett gazdas\u00e1gok k\u00f6r\u00e9ben nagyobb \u00fctemben lassul, mint a fejl\u0151d\u0151 t\u00e9rs\u00e9gekben. A fejlett r\u00e9gi\u00f3kban az id\u00e9n 1 sz\u00e1zal\u00e9kponttal, j\u00f6v\u0151re 0,3 sz\u00e1zal\u00e9kponttal lehet kisebb a n\u00f6veked\u00e9s, mint azt okt\u00f3berben jelezte az IMF, id\u00e9n \u00edgy a b\u0151v\u00fcl\u00e9s 3 sz\u00e1zal\u00e9k, j\u00f6v\u0151re 3,2 sz\u00e1zal\u00e9k lesz a tavalyi 3,3 sz\u00e1zal\u00e9k ut\u00e1n. A fejl\u0151d\u0151 r\u00e9gi\u00f3kban pedig az id\u00e9n az okt\u00f3berben v\u00e1rtn\u00e1l 0,2 sz\u00e1zal\u00e9kponttal kisebb, 4,6 sz\u00e1zal\u00e9k, j\u00f6v\u0151re ugyancsak 0,2 sz\u00e1zal\u00e9kponttal szer\u00e9nyebb, 5,3 sz\u00e1zal\u00e9k lesz a tavalyi 5,6 sz\u00e1zal\u00e9k b\u0151v\u00fcl\u00e9s ut\u00e1n.<br \/>\n    Az ir\u00e1nyad\u00f3 vil\u00e1gpiaci olaj\u00e1r (a Brent, Dubai Fateh \u00e9s WTI sz\u00e1mtani \u00e1tlaga) az IMF v\u00e1rakoz\u00e1sai szerint a 2018-as 68,33 doll\u00e1rhoz k\u00e9pest az id\u00e9n 13,4 sz\u00e1zal\u00e9kkal cs\u00f6kken, j\u00f6v\u0151re pedig tov\u00e1bbi 0,2 sz\u00e1zal\u00e9kkal. Tavaly 29,4 sz\u00e1zal\u00e9kkal emelkedett az ir\u00e1nyad\u00f3 \u00e1tlag\u00e1r.<br \/>\n    Az infl\u00e1ci\u00f3 a fejlett r\u00e9gi\u00f3kban a tavalyi 2,0 sz\u00e1zal\u00e9k ut\u00e1n az id\u00e9n 1,6 sz\u00e1zal\u00e9k lesz, 0,3 sz\u00e1zal\u00e9kponttal kisebb az okt\u00f3berben jelzettn\u00e9l, j\u00f6v\u0151re pedig 2,1 sz\u00e1zal\u00e9k lesz, ami 0,1 sz\u00e1zal\u00e9kponttal magasabb az okt\u00f3berben becs\u00fcltn\u00e9l. A fejl\u0151d\u0151 r\u00e9gi\u00f3kban a tavalyi 4,8 sz\u00e1zal\u00e9k ut\u00e1n az id\u00e9n 4,9 sz\u00e1zal\u00e9kos infl\u00e1ci\u00f3ra sz\u00e1m\u00edt az IMF, 0,3 sz\u00e1zal\u00e9kponttal kisebbre az okt\u00f3berben jelzettn\u00e9l, j\u00f6v\u0151re pedig 4,7 sz\u00e1zal\u00e9kra, 0,1 sz\u00e1zal\u00e9kponttal magasabbra az okt\u00f3berben v\u00e1rtn\u00e1l.(MTI)<\/p>\n","protected":false},"excerpt":{"rendered":"<p>Vesz\u00edt lend\u00fclet\u00e9b\u0151l a vil\u00e1ggazdas\u00e1g idei n\u00f6veked\u00e9se tavalyhoz k\u00e9pest a Nemzetk\u00f6zi Valutaalap (IMF) kedden k\u00f6zz\u00e9tett friss\u00edtett progn\u00f3zisa szerint.<\/p>\n","protected":false},"author":1,"featured_media":0,"comment_status":"closed","ping_status":"open","sticky":false,"template":"","format":"standard","meta":[],"categories":[246],"tags":[],"_links":{"self":[{"href":"https:\/\/gazdasagportal.hu\/index.php\/wp-json\/wp\/v2\/posts\/115093"}],"collection":[{"href":"https:\/\/gazdasagportal.hu\/index.php\/wp-json\/wp\/v2\/posts"}],"about":[{"href":"https:\/\/gazdasagportal.hu\/index.php\/wp-json\/wp\/v2\/types\/post"}],"author":[{"embeddable":true,"href":"https:\/\/gazdasagportal.hu\/index.php\/wp-json\/wp\/v2\/users\/1"}],"replies":[{"embeddable":true,"href":"https:\/\/gazdasagportal.hu\/index.php\/wp-json\/wp\/v2\/comments?post=115093"}],"version-history":[{"count":1,"href":"https:\/\/gazdasagportal.hu\/index.php\/wp-json\/wp\/v2\/posts\/115093\/revisions"}],"predecessor-version":[{"id":115094,"href":"https:\/\/gazdasagportal.hu\/index.php\/wp-json\/wp\/v2\/posts\/115093\/revisions\/115094"}],"wp:attachment":[{"href":"https:\/\/gazdasagportal.hu\/index.php\/wp-json\/wp\/v2\/media?parent=115093"}],"wp:term":[{"taxonomy":"category","embeddable":true,"href":"https:\/\/gazdasagportal.hu\/index.php\/wp-json\/wp\/v2\/categories?post=115093"},{"taxonomy":"post_tag","embeddable":true,"href":"https:\/\/gazdasagportal.hu\/index.php\/wp-json\/wp\/v2\/tags?post=115093"}],"curies":[{"name":"wp","href":"https:\/\/api.w.org\/{rel}","templated":true}]}}