{"id":115089,"date":"2019-04-09T15:44:32","date_gmt":"2019-04-09T13:44:32","guid":{"rendered":"http:\/\/gazdasagportal.hu\/?p=115089"},"modified":"2019-04-09T15:44:32","modified_gmt":"2019-04-09T13:44:32","slug":"javitotta-idei-es-jovo-evi-magyar-gdp-novekedesi-elorejelzeset-az-imf-2","status":"publish","type":"post","link":"https:\/\/gazdasagportal.hu\/index.php\/javitotta-idei-es-jovo-evi-magyar-gdp-novekedesi-elorejelzeset-az-imf-2\/","title":{"rendered":"Jav\u00edtotta idei \u00e9s j\u00f6v\u0151 \u00e9vi magyar GDP-n\u00f6veked\u00e9si el\u0151rejelz\u00e9s\u00e9t az IMF"},"content":{"rendered":"<p><strong>Jav\u00edtotta idei \u00e9s j\u00f6v\u0151 \u00e9vi magyar GDP-n\u00f6veked\u00e9si el\u0151rejelz\u00e9s\u00e9t a Nemzetk\u00f6zi Valutaalap (IMF) kedden k\u00f6zz\u00e9tett tavaszi vil\u00e1ggazdas\u00e1gi progn\u00f3zis\u00e1ban.<\/strong><!--more--><\/p>\n<div class=\"ads-in-post1\"><div id=\"gazdasagportal.hu_fullbanner_wideboard\"><\/div>\r\n<\/div>\n<p>    A magyar gazdas\u00e1g id\u00e9n 3,6 sz\u00e1zal\u00e9kkal, j\u00f6v\u0151re pedig 2,7 sz\u00e1zal\u00e9kkal n\u0151het a tavalyi 4,9 sz\u00e1zal\u00e9k ut\u00e1n az IMF honlapj\u00e1n megjelent, Vil\u00e1ggazdas\u00e1gi kil\u00e1t\u00e1sok, 2019 \u00e1prilis (World Economic Outlook, April 2019) c\u00edm\u0171 tanulm\u00e1ny szerint.    A novemberben k\u00f6zz\u00e9tett eur\u00f3pai  region\u00e1lis gazdas\u00e1gi el\u0151rejelz\u00e9shez k\u00e9pest Magyarorsz\u00e1g hazai \u00f6sszterm\u00e9k\u00e9nek (GDP) idei n\u00f6veked\u00e9si \u00fctem\u00e9t 0,3 sz\u00e1zal\u00e9kponttal, a j\u00f6v\u0151 \u00e9vit pedig 0,1 sz\u00e1zal\u00e9kponttal emelt\u00e9k a valutaalap elemz\u0151i.<br \/>\n<div class=\"ads-in-post2\"><script async src=\"https:\/\/pagead2.googlesyndication.com\/pagead\/js\/adsbygoogle.js\"><\/script>\r\n<ins class=\"adsbygoogle\"\r\n     style=\"display:block\"\r\n     data-ad-format=\"fluid\"\r\n     data-ad-layout-key=\"-6t+ed+2i-1n-4w\"\r\n     data-ad-client=\"ca-pub-1959107119989764\"\r\n     data-ad-slot=\"4008251320\"><\/ins>\r\n<script>\r\n     (adsbygoogle = window.adsbygoogle || []).push({});\r\n<\/script><\/div>\n    Az \u00e9ves \u00e1tlagos infl\u00e1ci\u00f3 a tavalyi 2,8 sz\u00e1zal\u00e9k ut\u00e1n id\u00e9n 3,2 sz\u00e1zal\u00e9kra gyorsulhat, j\u00f6v\u0151re pedig 3,1 sz\u00e1zal\u00e9k lehet, a tavaly okt\u00f3berben k\u00f6zz\u00e9tett \u0151szi vil\u00e1ggazdas\u00e1gi progn\u00f3zishoz k\u00e9pest a fogyaszt\u00f3i \u00e1rak emelked\u00e9s\u00e9nek idei v\u00e1rhat\u00f3 \u00e9rt\u00e9k\u00e9t 0,1 sz\u00e1zal\u00e9kponttal emelt\u00e9k a valutaalap szak\u00e9rt\u0151i.<br \/>\n    Okt\u00f3berhez k\u00e9pest jelent\u0151sen cs\u00f6kkentett\u00e9k a foly\u00f3 fizet\u00e9si m\u00e9rleg GDP-ar\u00e1nyos t\u00f6bblet\u00e9nek v\u00e1rhat\u00f3 m\u00e9rt\u00e9k\u00e9t az elemz\u0151k. A friss el\u0151rejelz\u00e9s szerint a t\u00f6bblet id\u00e9n 0,5 sz\u00e1zal\u00e9k, 2020-ban pedig 0,6 sz\u00e1zal\u00e9k lehet a 2018-ban m\u00e9rt 0,5 sz\u00e1zal\u00e9k ut\u00e1n. Az okt\u00f3beri progn\u00f3zisban 2018-ra m\u00e9g 2,3 sz\u00e1zal\u00e9kot v\u00e1rtak, az idei \u00e9vre pedig  2,1 sz\u00e1zal\u00e9kot j\u00f3soltak.<br \/>\n    A munkan\u00e9lk\u00fclis\u00e9gi r\u00e1ta id\u00e9n 3,5 sz\u00e1zal\u00e9kra, j\u00f6v\u0151re pedig 3,4 sz\u00e1zal\u00e9kra cs\u00f6kkenhet a tavalyi 3,7 sz\u00e1zal\u00e9k ut\u00e1n. Okt\u00f3berhez k\u00e9pest nem v\u00e1ltozott az idei el\u0151rejelz\u00e9s.(MTI)<\/p>\n","protected":false},"excerpt":{"rendered":"<p>Jav\u00edtotta idei \u00e9s j\u00f6v\u0151 \u00e9vi magyar GDP-n\u00f6veked\u00e9si el\u0151rejelz\u00e9s\u00e9t a Nemzetk\u00f6zi Valutaalap (IMF) kedden k\u00f6zz\u00e9tett tavaszi vil\u00e1ggazdas\u00e1gi progn\u00f3zis\u00e1ban.<\/p>\n","protected":false},"author":1,"featured_media":0,"comment_status":"closed","ping_status":"open","sticky":false,"template":"","format":"standard","meta":[],"categories":[19],"tags":[],"_links":{"self":[{"href":"https:\/\/gazdasagportal.hu\/index.php\/wp-json\/wp\/v2\/posts\/115089"}],"collection":[{"href":"https:\/\/gazdasagportal.hu\/index.php\/wp-json\/wp\/v2\/posts"}],"about":[{"href":"https:\/\/gazdasagportal.hu\/index.php\/wp-json\/wp\/v2\/types\/post"}],"author":[{"embeddable":true,"href":"https:\/\/gazdasagportal.hu\/index.php\/wp-json\/wp\/v2\/users\/1"}],"replies":[{"embeddable":true,"href":"https:\/\/gazdasagportal.hu\/index.php\/wp-json\/wp\/v2\/comments?post=115089"}],"version-history":[{"count":1,"href":"https:\/\/gazdasagportal.hu\/index.php\/wp-json\/wp\/v2\/posts\/115089\/revisions"}],"predecessor-version":[{"id":115090,"href":"https:\/\/gazdasagportal.hu\/index.php\/wp-json\/wp\/v2\/posts\/115089\/revisions\/115090"}],"wp:attachment":[{"href":"https:\/\/gazdasagportal.hu\/index.php\/wp-json\/wp\/v2\/media?parent=115089"}],"wp:term":[{"taxonomy":"category","embeddable":true,"href":"https:\/\/gazdasagportal.hu\/index.php\/wp-json\/wp\/v2\/categories?post=115089"},{"taxonomy":"post_tag","embeddable":true,"href":"https:\/\/gazdasagportal.hu\/index.php\/wp-json\/wp\/v2\/tags?post=115089"}],"curies":[{"name":"wp","href":"https:\/\/api.w.org\/{rel}","templated":true}]}}