{"id":115079,"date":"2019-04-09T11:08:32","date_gmt":"2019-04-09T09:08:32","guid":{"rendered":"http:\/\/gazdasagportal.hu\/?p=115079"},"modified":"2019-04-09T11:08:32","modified_gmt":"2019-04-09T09:08:32","slug":"mnb-marciusban-az-inflacios-alapmutatok-is-emelkedtek","status":"publish","type":"post","link":"https:\/\/gazdasagportal.hu\/index.php\/mnb-marciusban-az-inflacios-alapmutatok-is-emelkedtek\/","title":{"rendered":"MNB: m\u00e1rciusban az infl\u00e1ci\u00f3s alapmutat\u00f3k is emelkedtek"},"content":{"rendered":"<p><strong>M\u00e1rciusban az infl\u00e1ci\u00f3 3,7 sz\u00e1zal\u00e9kra emelkedett az el\u0151z\u0151 havi 3,1 sz\u00e1zal\u00e9kosr\u00f3l. Az el\u0151z\u0151 h\u00f3naphoz k\u00e9pest ezzel p\u00e1rhuzamosan a maginfl\u00e1ci\u00f3 0,4 sz\u00e1zal\u00e9kponttal 3,8 sz\u00e1zal\u00e9kosra, az indirekt ad\u00f3kt\u00f3l sz\u0171rt maginfl\u00e1ci\u00f3 pedig 0,3 sz\u00e1zal\u00e9kponttal 3,5 sz\u00e1zal\u00e9kra n\u0151tt &#8211; k\u00f6z\u00f6lte kedden az infl\u00e1ci\u00f3 m\u00e9ly\u00e9n rejl\u0151 folyamatok megragad\u00e1s\u00e1ra hivatott alapmutat\u00f3kr\u00f3l a Magyar Nemzeti Bank (MNB) elemz\u00e9se.<\/strong><!--more--><\/p>\n<div class=\"ads-in-post1\"><div id=\"gazdasagportal.hu_fullbanner_wideboard\"><\/div>\r\n<\/div>\n<p>Az MNB \u00e1ltal az indirekt ad\u00f3kt\u00f3l sz\u0171rt maginfl\u00e1ci\u00f3 mellett sz\u00e1m\u00edtott m\u00e1sik alapmutat\u00f3, a kereslet\u00e9rz\u00e9keny term\u00e9kek infl\u00e1ci\u00f3ja 0,2 sz\u00e1zal\u00e9kponttal 3,4 sz\u00e1zal\u00e9kosra emelkedett m\u00e1rciusban, a harmadik mutat\u00f3, a ritk\u00e1n v\u00e1ltoz\u00f3 \u00e1r\u00fa term\u00e9kek indexe m\u00e1r febru\u00e1rban 0,3 sz\u00e1zal\u00e9kpontot ugrott \u00e9s m\u00e1rciusban v\u00e1ltozatlanul 3,6 sz\u00e1zal\u00e9kon maradt.<br \/>\nA jegybank elemz\u00e9se szerint a maginfl\u00e1ci\u00f3 emelked\u00e9s\u00e9t f\u0151k\u00e9nt az iparcikkek gyorsul\u00f3 \u00e1rdinamik\u00e1ja \u00e9s a doh\u00e1nyterm\u00e9keknek a j\u00f6ved\u00e9ki ad\u00f3emel\u00e9s k\u00f6vetkezt\u00e9ben n\u00f6vekv\u0151 \u00e1ra okozta.<br \/>\n<div class=\"ads-in-post2\"><script async src=\"https:\/\/pagead2.googlesyndication.com\/pagead\/js\/adsbygoogle.js\"><\/script>\r\n<ins class=\"adsbygoogle\"\r\n     style=\"display:block\"\r\n     data-ad-format=\"fluid\"\r\n     data-ad-layout-key=\"-6t+ed+2i-1n-4w\"\r\n     data-ad-client=\"ca-pub-1959107119989764\"\r\n     data-ad-slot=\"4008251320\"><\/ins>\r\n<script>\r\n     (adsbygoogle = window.adsbygoogle || []).push({});\r\n<\/script><\/div>\nAz infl\u00e1ci\u00f3 megugr\u00e1s\u00e1hoz az \u00fczemanyagok \u00e1rdinamik\u00e1j\u00e1nak &#8211; r\u00e9szben b\u00e1zishat\u00e1sokra visszavezethet\u0151 &#8211; n\u00f6veked\u00e9se is jelent\u0151sen hozz\u00e1j\u00e1rult.<br \/>\nA feldolgozott \u00e9lelmiszerek szezon\u00e1lisan igaz\u00edtott \u00e9s ad\u00f3sz\u0171rt \u00e1rainak m\u00e1rciusi emelked\u00e9s\u00e9t f\u0151k\u00e9nt a tej \u00e9s tejterm\u00e9kek dr\u00e1gul\u00e1s\u00e1val magyar\u00e1zta az MNB \u00e9s megjegyezte, hogy t\u00f6bb term\u00e9k dr\u00e1gul\u00e1sa a feldolgozatlan \u00e9lelmiszerek szezon\u00e1lisan igaz\u00edtott \u00e9s ad\u00f3sz\u0171rt \u00e1remelked\u00e9s\u00e9t is kiv\u00e1ltotta.(MTI)<\/p>\n<p>&nbsp;<\/p><div id=\"gazda-3503107159\" class=\"gazda-tartalomban gazda-entity-placement\"><script async src=\"https:\/\/pagead2.googlesyndication.com\/pagead\/js\/adsbygoogle.js\"><\/script>\r\n<ins class=\"adsbygoogle\"\r\n     style=\"display:block\"\r\n     data-ad-format=\"fluid\"\r\n     data-ad-layout-key=\"-6t+ed+2i-1n-4w\"\r\n     data-ad-client=\"ca-pub-1959107119989764\"\r\n     data-ad-slot=\"4008251320\"><\/ins>\r\n<script>\r\n     (adsbygoogle = window.adsbygoogle || []).push({});\r\n<\/script><\/div>\n","protected":false},"excerpt":{"rendered":"<p>M\u00e1rciusban az infl\u00e1ci\u00f3 3,7 sz\u00e1zal\u00e9kra emelkedett az el\u0151z\u0151 havi 3,1 sz\u00e1zal\u00e9kosr\u00f3l. Az el\u0151z\u0151 h\u00f3naphoz k\u00e9pest ezzel p\u00e1rhuzamosan a maginfl\u00e1ci\u00f3 0,4 sz\u00e1zal\u00e9kponttal 3,8 sz\u00e1zal\u00e9kosra, az indirekt ad\u00f3kt\u00f3l sz\u0171rt maginfl\u00e1ci\u00f3 pedig 0,3 sz\u00e1zal\u00e9kponttal 3,5 sz\u00e1zal\u00e9kra n\u0151tt &#8211; k\u00f6z\u00f6lte kedden az infl\u00e1ci\u00f3 m\u00e9ly\u00e9n rejl\u0151 folyamatok megragad\u00e1s\u00e1ra hivatott alapmutat\u00f3kr\u00f3l a Magyar Nemzeti Bank (MNB) elemz\u00e9se.<\/p>\n","protected":false},"author":1,"featured_media":0,"comment_status":"closed","ping_status":"open","sticky":false,"template":"","format":"standard","meta":[],"categories":[4,19],"tags":[],"_links":{"self":[{"href":"https:\/\/gazdasagportal.hu\/index.php\/wp-json\/wp\/v2\/posts\/115079"}],"collection":[{"href":"https:\/\/gazdasagportal.hu\/index.php\/wp-json\/wp\/v2\/posts"}],"about":[{"href":"https:\/\/gazdasagportal.hu\/index.php\/wp-json\/wp\/v2\/types\/post"}],"author":[{"embeddable":true,"href":"https:\/\/gazdasagportal.hu\/index.php\/wp-json\/wp\/v2\/users\/1"}],"replies":[{"embeddable":true,"href":"https:\/\/gazdasagportal.hu\/index.php\/wp-json\/wp\/v2\/comments?post=115079"}],"version-history":[{"count":1,"href":"https:\/\/gazdasagportal.hu\/index.php\/wp-json\/wp\/v2\/posts\/115079\/revisions"}],"predecessor-version":[{"id":115080,"href":"https:\/\/gazdasagportal.hu\/index.php\/wp-json\/wp\/v2\/posts\/115079\/revisions\/115080"}],"wp:attachment":[{"href":"https:\/\/gazdasagportal.hu\/index.php\/wp-json\/wp\/v2\/media?parent=115079"}],"wp:term":[{"taxonomy":"category","embeddable":true,"href":"https:\/\/gazdasagportal.hu\/index.php\/wp-json\/wp\/v2\/categories?post=115079"},{"taxonomy":"post_tag","embeddable":true,"href":"https:\/\/gazdasagportal.hu\/index.php\/wp-json\/wp\/v2\/tags?post=115079"}],"curies":[{"name":"wp","href":"https:\/\/api.w.org\/{rel}","templated":true}]}}