{"id":115077,"date":"2019-04-09T10:31:55","date_gmt":"2019-04-09T08:31:55","guid":{"rendered":"http:\/\/gazdasagportal.hu\/?p=115077"},"modified":"2019-04-09T10:31:55","modified_gmt":"2019-04-09T08:31:55","slug":"novekvo-arbevetellel-zarta-a-2018-as-evet-az-autowallis","status":"publish","type":"post","link":"https:\/\/gazdasagportal.hu\/index.php\/novekvo-arbevetellel-zarta-a-2018-as-evet-az-autowallis\/","title":{"rendered":"N\u00f6vekv\u0151 \u00e1rbev\u00e9tellel z\u00e1rta a 2018-as \u00e9vet az AutoWallis"},"content":{"rendered":"<p><strong>K\u00f6zz\u00e9tette konszolid\u00e1lt besz\u00e1mol\u00f3j\u00e1t az AutoWallis Nyrt., melyb\u0151l kider\u00fcl, hogy a t\u0151zsde aut\u00f3s v\u00e1llalata a nemzetk\u00f6zi standardok (IFRS) alapj\u00e1n 65,5 milli\u00e1rd forintos \u00e1rbev\u00e9tel mellett 2,1 milli\u00e1rd forintos EBITDA-t (p\u00e9nz\u00fcgyi t\u00e9telekt\u0151l, ad\u00f3z\u00e1s \u00e9s \u00e9rt\u00e9kcs\u00f6kken\u00e9si le\u00edr\u00e1s el\u0151tti eredm\u00e9ny) \u00e9rt el. A Budapesti \u00c9rt\u00e9kt\u0151zsd\u00e9n jegyzett t\u00e1rsas\u00e1g \u00faj r\u00e9szv\u00e9nyeit febru\u00e1rban vezett\u00e9k be a parkettre, \u00edgy a v\u00e1llalat a tavalyi \u00e9vet \u00e9rint\u0151 besz\u00e1mol\u00f3j\u00e1t tekinti b\u00e1zisnak a j\u00f6v\u0151re n\u00e9zve. Az AutoWallis azt tervezi, hogy a k\u00f6vetkez\u0151 \u00f6t \u00e9vben megk\u00e9tszerezi \u00e1rbev\u00e9tel\u00e9t, \u00e9s az ennek el\u00e9r\u00e9shez sz\u00fcks\u00e9ges strat\u00e9gi\u00e1t m\u00e1jusban mutatja be.<\/strong><!--more--><\/p>\n<div class=\"ads-in-post1\"><div id=\"gazdasagportal.hu_fullbanner_wideboard\"><\/div>\r\n<\/div>\n<p><strong>\u00a0<\/strong><\/p>\n<p>Az AutoWallis Nyrt. publik\u00e1lta \u00e9ves rendes k\u00f6zgy\u0171l\u00e9s\u00e9nek el\u0151terjeszt\u00e9seit, k\u00f6z\u00f6tte a t\u00e1rsas\u00e1g nemzetk\u00f6zi p\u00e9nz\u00fcgyi besz\u00e1mol\u00e1si standardok <strong>(IFRS) szerint elk\u00e9sz\u00edtett konszolid\u00e1lt eredm\u00e9nykimutat\u00e1s\u00e1t<\/strong>, mely a csoport tulajdon\u00e1ban l\u00e9v\u0151 n\u00e9gy v\u00e1llalat 2018-as eredm\u00e9nyeit egy\u00fctt mutatja be. Sz\u00e9kely G\u00e1bor, a t\u00e1rsas\u00e1g befektet\u00e9si igazgat\u00f3ja a besz\u00e1mol\u00f3 alapj\u00e1n kiemelte, hogy <strong>a 2018-as sz\u00e1mok b\u00e1zisnak tekinthet\u0151k<\/strong>, hiszen az AutoWallis \u00faj r\u00e9szv\u00e9nyeit id\u00e9n febru\u00e1rban vezett\u00e9k be a Budapesti \u00c9rt\u00e9kt\u0151zsde Standard kateg\u00f3ri\u00e1j\u00e1ba, \u00edgy a 2019-es az els\u0151 teljes t\u0151zsdei \u00e9v a v\u00e1llalat eset\u00e9ben. A befektet\u00e9si igazgat\u00f3 hozz\u00e1tette, hogy a tavalyi sz\u00e1mok elemz\u00e9se sor\u00e1n figyelembe kell venni a 2017-es \u00e9v \u2013 a bevezet\u00e9si t\u00e1j\u00e9koztat\u00f3ban m\u00e1r febru\u00e1rban bemutatott \u2013 egyszeri eredm\u00e9nyjav\u00edt\u00f3 t\u00e9teleit. Ennek alapj\u00e1n elmondhat\u00f3, hogy <strong>az AutoWallis a 2018-as \u00e9vet a t\u0151zsd\u00e9re l\u00e9p\u00e9sre t\u00f6rt\u00e9n\u0151 felk\u00e9sz\u00fcl\u00e9s \u00e9v\u00e9nek tekinti, melynek \u00e1rbev\u00e9tel-ar\u00e1nyos nyeres\u00e9ge az ipar\u00e1gi \u00e1tlagnak megfelelt. <\/strong>A tavalyi \u00e9vben a csoport <strong>\u00e1rbev\u00e9tele<\/strong> (kisz\u0171rve a csoporttagok egym\u00e1s k\u00f6z\u00f6tti forgalm\u00e1t) 65,5 milli\u00e1rd forint volt, mely 2 sz\u00e1zal\u00e9kkal haladja meg az egy \u00e9vvel kor\u00e1bbi 64,4 milli\u00e1rd forintot. <strong>Sz\u00e9kely G\u00e1bor kiemelte, hogy az AutoWallis \u00e1rbev\u00e9tel\u00e9nek dupl\u00e1z\u00e1s\u00e1t tervezi \u00f6t \u00e9v alatt, \u00e9s az ennek el\u00e9r\u00e9shez sz\u00fcks\u00e9ges strat\u00e9gi\u00e1t m\u00e1jusban mutatja be.<\/strong><\/p>\n<p>Az AutoWallis csoport tev\u00e9kenys\u00e9ge h\u00e1rom r\u00e9szre bonthat\u00f3, melyek k\u00f6z\u00fcl a <strong>nemzetk\u00f6zi disztrib\u00faci\u00f3s \u00fczlet\u00e1g<\/strong> (a k\u00f6z\u00e9p-, \u00e9s d\u00e9lkelet-eur\u00f3pai orsz\u00e1gokba ir\u00e1nyul\u00f3 k\u00fcl\u00f6nb\u00f6z\u0151 m\u00e1rk\u00e1j\u00fa \u00faj g\u00e9pj\u00e1rm\u0171-, \u00e9s alkatr\u00e9sz nagykereskedelmi tev\u00e9kenys\u00e9g) \u00e9rt\u00e9kes\u00edt\u00e9si darabsz\u00e1mai 2018-ban tov\u00e1bb n\u0151ttek (+3%), meghaladva ezzel az 1700 darab eladott g\u00e9pj\u00e1rm\u0171vet. A v\u00e1llalat tavaly j\u00faniusban \u00e1llapodott meg a Ssangyong d\u00e9l-koreai aut\u00f3m\u00e1rka forgalmaz\u00e1s\u00e1r\u00f3l a cseh- \u00e9s szlov\u00e1k piacokon, \u00edgy ennek \u00e1rbev\u00e9tel-n\u00f6vel\u0151 hat\u00e1sa 2019-ben jelentkezhet \u00e9rdemben. A <strong>belf\u00f6ldi kis- \u00e9s nagykereskedelmi disztrib\u00faci\u00f3s \u00fczlet\u00e1g <\/strong>(az Isuzu \u00e9s a Ssangyong g\u00e9pj\u00e1rm\u0171vek, a BMW szem\u00e9lyaut\u00f3k \u00e9s motorker\u00e9kp\u00e1rok, a MINI, a Maserati szem\u00e9lyaut\u00f3k \u00e9s alkatr\u00e9szek, valamint haszn\u00e1lt BMW, MINI szem\u00e9lyg\u00e9pj\u00e1rm\u0171vek \u00e9s motorker\u00e9kp\u00e1rok \u00e9rt\u00e9kes\u00edt\u00e9se) eset\u00e9ben az \u00e9rt\u00e9kes\u00edtett j\u00e1rm\u0171vek sz\u00e1ma szint\u00e9n jelent\u0151s n\u00f6veked\u00e9st mutatott. Az \u00faj aut\u00f3k \u00e9s motorker\u00e9kp\u00e1rok \u00e9rt\u00e9kes\u00edt\u00e9se 34 sz\u00e1zal\u00e9kos, m\u00edg a haszn\u00e1lt aut\u00f3 \u00e9rt\u00e9kes\u00edt\u00e9s 17 sz\u00e1zal\u00e9kos n\u00f6veked\u00e9st mutatott fel az el\u0151z\u0151 \u00e9vhez k\u00e9pest. Az AutoWallis harmadik szegmens\u00e9ben, az <strong>aut\u00f3ipari szolg\u00e1ltat\u00f3i \u00fczlet\u00e1gban<\/strong> (szerviz szolg\u00e1ltat\u00f3i tev\u00e9kenys\u00e9g, tov\u00e1bb\u00e1 a r\u00f6vid- \u00e9s hossz\u00fa t\u00e1v\u00fa g\u00e9pj\u00e1rm\u0171 k\u00f6lcs\u00f6nz\u00e9si tev\u00e9kenys\u00e9g) szint\u00e9n jelent\u0151s organikus n\u00f6veked\u00e9s volt 2018-ban: a szerviz\u00f3r\u00e1k sz\u00e1ma 15 sz\u00e1zal\u00e9kkal, a r\u00f6vid \u00e9s hossz\u00fa t\u00e1v\u00fa g\u00e9pj\u00e1rm\u0171k\u00f6lcs\u00f6nz\u00e9shez kapcsol\u00f3d\u00f3 \u00e1tlagos flottam\u00e9ret 7 sz\u00e1zal\u00e9kkal, m\u00edg a r\u00f6vid t\u00e1v\u00fa g\u00e9pj\u00e1rm\u0171b\u00e9rleti esem\u00e9nyek sz\u00e1ma 3 sz\u00e1zal\u00e9kkal emelkedett 2017-hez k\u00e9pest. Az<strong> \u00e1rbev\u00e9telen <\/strong>bel\u00fcl 47 sz\u00e1zal\u00e9k a belf\u00f6ldi disztrib\u00faci\u00f3s tev\u00e9kenys\u00e9gb\u0151l (2017: 40%), 43 sz\u00e1zal\u00e9k pedig a nemzetk\u00f6zi \u00e9rt\u00e9kes\u00edt\u00e9si \u00fczlet\u00e1gb\u00f3l (2017: 51%), \u00e9s 10 sz\u00e1zal\u00e9k a szolg\u00e1ltat\u00f3i \u00fczlet\u00e1gb\u00f3l (2017: 9%) sz\u00e1rmazott.<\/p><div id=\"gazda-983285385\" class=\"gazda-tartalomban gazda-entity-placement\"><script async src=\"https:\/\/pagead2.googlesyndication.com\/pagead\/js\/adsbygoogle.js\"><\/script>\r\n<ins class=\"adsbygoogle\"\r\n     style=\"display:block\"\r\n     data-ad-format=\"fluid\"\r\n     data-ad-layout-key=\"-6t+ed+2i-1n-4w\"\r\n     data-ad-client=\"ca-pub-1959107119989764\"\r\n     data-ad-slot=\"4008251320\"><\/ins>\r\n<script>\r\n     (adsbygoogle = window.adsbygoogle || []).push({});\r\n<\/script><\/div>\n<div class=\"ads-in-post2\"><script async src=\"https:\/\/pagead2.googlesyndication.com\/pagead\/js\/adsbygoogle.js\"><\/script>\r\n<ins class=\"adsbygoogle\"\r\n     style=\"display:block\"\r\n     data-ad-format=\"fluid\"\r\n     data-ad-layout-key=\"-6t+ed+2i-1n-4w\"\r\n     data-ad-client=\"ca-pub-1959107119989764\"\r\n     data-ad-slot=\"4008251320\"><\/ins>\r\n<script>\r\n     (adsbygoogle = window.adsbygoogle || []).push({});\r\n<\/script><\/div>\nAz AutoWallis Csoport eredm\u00e9nyess\u00e9g\u00e9t legjobban az EBITDA eredm\u00e9nykateg\u00f3ria (p\u00e9nz\u00fcgyi t\u00e9telekt\u0151l, ad\u00f3z\u00e1s \u00e9s \u00e9rt\u00e9kcs\u00f6kken\u00e9si le\u00edr\u00e1s el\u0151tti eredm\u00e9ny) mutatja: <strong>a csoport tavaly 2,1 milli\u00e1rd forintos EBITDA-t \u00e9rt el<\/strong>, az el\u0151z\u0151 \u00e9vi 2,5 milli\u00e1rd forint ut\u00e1n (-16%). Az AutoWallis 2018-ban 1,1 milli\u00e1rd forintos ad\u00f3z\u00e1s el\u0151tti \u00e9s 830 milli\u00f3 forintos \u00e1tfog\u00f3 eredm\u00e9nyt \u00e9rt el, amit 195 milli\u00f3 forintnyi egyszeri \u00e1rfolyamvesztes\u00e9g terhelt, szemben az el\u0151z\u0151 \u00e9vi 492 milli\u00f3 forintos egyszeri \u00e1rfolyamnyeres\u00e9ggel. <strong>Az AutoWallis Igazgat\u00f3s\u00e1ga szerint az eredm\u00e9nyv\u00e1ltoz\u00e1s els\u0151dleges oka a kiemelked\u0151en sikeres 2017-es \u00e9v ut\u00e1n a nemzetk\u00f6zi disztrib\u00faci\u00f3s szegmens eredm\u00e9nyess\u00e9g\u00e9nek \u00e1tmeneti cs\u00f6kken\u00e9se volt. A visszaes\u00e9st <\/strong>els\u0151sorban a d\u00edzelhajt\u00e1s\u00fa j\u00e1rm\u0171vekn\u00e9l a gy\u00e1rt\u00f3k eset\u00e9ben sz\u00fcks\u00e9gess\u00e9 v\u00e1lt \u00faj k\u00e1ros anyag kibocs\u00e1t\u00e1s m\u00e9r\u00e9sek (WLTP) elh\u00faz\u00f3d\u00f3 v\u00e9grehajt\u00e1sa okozta, amit a kedvez\u0151tlen forint \u00e1rfolyamalakul\u00e1s \u00e9s a jelent\u0151s b\u00e9rk\u00f6lts\u00e9gn\u00f6veked\u00e9s is terhelt. A szem\u00e9lyi jelleg\u0171 r\u00e1ford\u00edt\u00e1sok k\u00f6zel 30 sz\u00e1zal\u00e9kkal n\u00f6vekedtek, egyr\u00e9szt mert a nemzetk\u00f6zi \u00e9rt\u00e9kes\u00edt\u00e9si szegmens 2018-ban t\u00f6lt\u0151d\u00f6tt fel a teljes l\u00e9tsz\u00e1mszintre, m\u00e1sr\u00e9szt jelent\u0151s n\u00f6veked\u00e9st okozott a haz\u00e1nkban is tapasztalhat\u00f3 \u00e1ltal\u00e1nos b\u00e9remelked\u00e9si hull\u00e1m, mely az \u00f6sszes tagv\u00e1llalatot \u00e9rintette. A belf\u00f6ldi disztrib\u00faci\u00f3s r\u00e9szleg stabilan, m\u00edg a szolg\u00e1ltat\u00f3i szegmens kiemelked\u0151en j\u00f3l teljes\u00edtett, k\u00f6sz\u00f6nhet\u0151en t\u00f6bbek k\u00f6z\u00f6tt a folyamatosan n\u00f6vekv\u0151 hazai turizmusnak, valamint a budapesti rept\u00e9r n\u00f6vekv\u0151 forgalm\u00e1nak.<\/p>\n<p>Az AutoWallis le\u00e1nyv\u00e1llalatai \u00f6sszesen 810 milli\u00f3 forint osztal\u00e9kot fizethetnek anyav\u00e1llalatuknak, melyb\u0151l <strong>az AutoWallis Nyrt. Igazgat\u00f3s\u00e1ga 575 milli\u00f3 forint kifizet\u00e9s\u00e9t javasolja az osztal\u00e9kels\u0151bbs\u00e9gi r\u00e9szv\u00e9nyesek sz\u00e1m\u00e1ra<\/strong>. Az osztal\u00e9kels\u0151bbs\u00e9gi r\u00e9szv\u00e9nyek k\u00f6zvetett jogosultja, Veres Tibor jelezte, hogy az osztal\u00e9kot vissza k\u00edv\u00e1nja juttatni az AutoWallisnak, ezzel is t\u00e1mogatva a n\u00f6veked\u00e9si strat\u00e9gia megval\u00f3s\u00edt\u00e1s\u00e1nak finansz\u00edroz\u00e1s\u00e1t. Ezzel mind az osztal\u00e9kels\u0151bbs\u00e9gi r\u00e9szv\u00e9nyek osztal\u00e9kra val\u00f3 jogosults\u00e1ga, mind a szavazatels\u0151bbs\u00e9gi r\u00e9szv\u00e9nyek els\u0151bbs\u00e9gre jogosults\u00e1ga v\u00e9glegesen ki\u00fcr\u00fclhet, \u00edgy 2020-ban m\u00e1r kiz\u00e1r\u00f3lag a t\u00f6rzsr\u00e9szv\u00e9nyesek lesznek jogosultak a teljes fizetend\u0151 osztal\u00e9kra. A menedzsment terve, hogy az osztal\u00e9k m\u00e9rt\u00e9ke a k\u00e9s\u0151bbiekben igazodjon a csoport n\u00f6veked\u00e9s\u00e9nek finansz\u00edroz\u00e1si ig\u00e9nyeihez, figyelembe v\u00e9ve az \u00e9ppen aktu\u00e1lis kamat- \u00e9s hozamk\u00f6rnyezetet is.<\/p>\n<p>&nbsp;<\/p>\n<p><strong>Az AutoWallis Nyrt.<\/strong><\/p>\n<p>A Budapesti \u00c9rt\u00e9kt\u0151zsde Standard kateg\u00f3ri\u00e1j\u00e1ban jegyzett AutoWallis Nyrt. \u2013 kor\u00e1bbi nev\u00e9n Altera \u2013 2012-es alap\u00edt\u00e1sa \u00f3ta vagyonkezel\u00e9ssel foglalkozik. Az AutoWallis c\u00e9lja, hogy aut\u00f3ipari befektet\u00e9sekre f\u00f3kusz\u00e1l\u00f3 befektet\u00e9si portf\u00f3li\u00f3j\u00e1nak folyamatos sz\u00e9les\u00edt\u00e9s\u00e9vel klasszikus, konzervat\u00edv \u00fczletpolitik\u00e1t k\u00e9pvisel\u0151 vagyonkezel\u0151k\u00e9nt m\u0171k\u00f6dj\u00f6n. Az AutoWallis Csoport n\u00e9gy tagv\u00e1llalata Magyarorsz\u00e1gon, valamint a k\u00f6z\u00e9p \u00e9s d\u00e9lkelet-eur\u00f3pai r\u00e9gi\u00f3ban g\u00e9pj\u00e1rm\u0171- \u00e9s alkatr\u00e9sz kis- \u00e9s nagykereskedelemmel, szerviz szolg\u00e1ltat\u00e1sokkal, r\u00f6vid- \u00e9s hossz\u00fa t\u00e1v\u00fa g\u00e9pj\u00e1rm\u0171-k\u00f6lcs\u00f6nz\u00e9ssel foglalkozik. A csoport tagjai k\u00f6z\u00e9 tartozik a Wallis Automotive Europe, a Wallis Motor Pest, a Wallis Motor Duna \u00e9s a Wallis Aut\u00f3k\u00f6lcs\u00f6nz\u0151, melyek egy\u00fcttes, nem konszolid\u00e1lt magyar sz\u00e1mviteli t\u00f6rv\u00e9ny szerinti \u00e1rbev\u00e9tele 2017-ben meghaladta a 66 milli\u00e1rd forintot. A csoport \u00e1ltal k\u00e9pviselt m\u00e1rk\u00e1k k\u00f6z\u00e9 tartoznak a BMW szem\u00e9lyaut\u00f3k \u00e9s motorker\u00e9kp\u00e1rok, a MINI, az Isuzu, a Jaguar, a Land Rover, a Maserati, a Ssangyong, \u00e9s a Sixt rent-a-car, melyek k\u00f6z\u00fcl a BMW a pr\u00e9mium aut\u00f3piacon, m\u00edg a Sixt az aut\u00f3k\u00f6lcs\u00f6nz\u0151 piacon foglal el domin\u00e1ns poz\u00edci\u00f3t.<\/p>\n<p><a href=\"http:\/\/www.autowallis.hu\" target=\"_blank\" rel=\"noopener\">www.autowallis.hu<\/a><\/p>\n<p>&nbsp;<\/p>\n<p><strong>Az AutoWallis Csoport tagjai<\/strong><\/p>\n<p><u>Wallis Automotive Europe<\/u><\/p>\n<p>A csoport legnagyobb \u00e1rbev\u00e9tel\u0171 tagja a Wallis Automotive Europe (WAE) m\u00e1r k\u00f6zel 30 \u00e9ves f\u00fcggetlen g\u00e9pj\u00e1rm\u0171 nagykereskedelmi m\u00falttal rendelkezik. Jelenleg az Isuzu m\u00e1rk\u00e1t Magyarorsz\u00e1gon k\u00e9pviseli, mely a jap\u00e1n aut\u00f3gy\u00e1rt\u00f3k k\u00f6z\u00fcl a legr\u00e9gebbi m\u00faltra tekint vissza, \u00e9s egy \u00e9vsz\u00e1zad alatt a vil\u00e1g egyik legnagyobb haszong\u00e9pj\u00e1rm\u0171-gy\u00e1rt\u00f3j\u00e1v\u00e1 l\u00e9pett el\u0151. Emellett 2012-ben Magyarorsz\u00e1gon \u00e9s Rom\u00e1ni\u00e1ban \u00fajra bevezette a d\u00e9l-koreai Ssangyong m\u00e1rk\u00e1t, melyet 2018-t\u00f3l Csehorsz\u00e1gban \u00e9s Szlov\u00e1ki\u00e1ban is forgalmaz. A k\u00e9t \u00e1zsiai \u201e4&#215;4 specialista\u201d gy\u00e1rt\u00f3 term\u00e9kein k\u00edv\u00fcl a WAE exkluz\u00edv disztrib\u00fatora a Jaguar \u00e9s Land Rover j\u00e1rm\u0171veknek \u00e9s alkatr\u00e9szeknek 8 orsz\u00e1gban (Alb\u00e1nia, Bosznia-Hercegovina, Horv\u00e1torsz\u00e1g, Koszov\u00f3, Szerbia, Szlov\u00e9nia, Maced\u00f3nia, Montenegr\u00f3).<\/p>\n<p><u>Wallis Motor Pest \u00e9s a Wallis Motor Duna<\/u><\/p>\n<p>A Wallis Motor Pest \u00e9s Duna Magyarorsz\u00e1g legnagyobb \u00e9s legr\u00e9gebben m\u0171k\u00f6d\u0151 BMW aut\u00f3, motor \u00e9s MINI keresked\u00e9sei, amelyek a Wallis Motor vez\u00e9rk\u00e9pviseletb\u0151l v\u00e1ltak \u00f6n\u00e1ll\u00f3 c\u00e9gekk\u00e9 2001-ben. A BMW gy\u00e1r m\u00e1rk\u00e1i mellett az elm\u00falt \u00e9vekben egy \u00faj, exkluz\u00edv bemutat\u00f3teremben az olasz luxusm\u00e1rka, a Maserati is a portf\u00f3li\u00f3 r\u00e9sz\u00e9v\u00e9 v\u00e1lt.<\/p>\n<p><u>Wallis Aut\u00f3k\u00f6lcs\u00f6nz\u0151<\/u><\/p>\n<p>A Wallis Aut\u00f3k\u00f6lcs\u00f6nz\u0151 a Sixt Rent-a-car nemzetk\u00f6zi h\u00e1l\u00f3zat\u00e1nak magyarorsz\u00e1gi tagjak\u00e9nt k\u00edn\u00e1lja magas min\u0151s\u00e9g\u0171 aut\u00f3b\u00e9rl\u00e9si szolg\u00e1ltat\u00e1sait. A c\u00e9g kezdetben els\u0151sorban a Magyarorsz\u00e1gra beutaz\u00f3 \u00fczletemberek b\u00e9raut\u00f3 ig\u00e9nyeit szolg\u00e1lta ki, de m\u00e1ra forgalm\u00e1nak k\u00f6zel fel\u00e9t a turizmus biztos\u00edtja.<\/p>\n","protected":false},"excerpt":{"rendered":"<p>K\u00f6zz\u00e9tette konszolid\u00e1lt besz\u00e1mol\u00f3j\u00e1t az AutoWallis Nyrt., melyb\u0151l kider\u00fcl, hogy a t\u0151zsde aut\u00f3s v\u00e1llalata a nemzetk\u00f6zi standardok (IFRS) alapj\u00e1n 65,5 milli\u00e1rd forintos \u00e1rbev\u00e9tel mellett 2,1 milli\u00e1rd forintos EBITDA-t (p\u00e9nz\u00fcgyi t\u00e9telekt\u0151l, ad\u00f3z\u00e1s \u00e9s \u00e9rt\u00e9kcs\u00f6kken\u00e9si le\u00edr\u00e1s el\u0151tti eredm\u00e9ny) \u00e9rt el. A Budapesti \u00c9rt\u00e9kt\u0151zsd\u00e9n jegyzett t\u00e1rsas\u00e1g \u00faj r\u00e9szv\u00e9nyeit febru\u00e1rban vezett\u00e9k be a parkettre, \u00edgy a v\u00e1llalat a tavalyi \u00e9vet &#8230;<\/p>\n","protected":false},"author":1,"featured_media":0,"comment_status":"closed","ping_status":"open","sticky":false,"template":"","format":"standard","meta":[],"categories":[7],"tags":[],"_links":{"self":[{"href":"https:\/\/gazdasagportal.hu\/index.php\/wp-json\/wp\/v2\/posts\/115077"}],"collection":[{"href":"https:\/\/gazdasagportal.hu\/index.php\/wp-json\/wp\/v2\/posts"}],"about":[{"href":"https:\/\/gazdasagportal.hu\/index.php\/wp-json\/wp\/v2\/types\/post"}],"author":[{"embeddable":true,"href":"https:\/\/gazdasagportal.hu\/index.php\/wp-json\/wp\/v2\/users\/1"}],"replies":[{"embeddable":true,"href":"https:\/\/gazdasagportal.hu\/index.php\/wp-json\/wp\/v2\/comments?post=115077"}],"version-history":[{"count":1,"href":"https:\/\/gazdasagportal.hu\/index.php\/wp-json\/wp\/v2\/posts\/115077\/revisions"}],"predecessor-version":[{"id":115078,"href":"https:\/\/gazdasagportal.hu\/index.php\/wp-json\/wp\/v2\/posts\/115077\/revisions\/115078"}],"wp:attachment":[{"href":"https:\/\/gazdasagportal.hu\/index.php\/wp-json\/wp\/v2\/media?parent=115077"}],"wp:term":[{"taxonomy":"category","embeddable":true,"href":"https:\/\/gazdasagportal.hu\/index.php\/wp-json\/wp\/v2\/categories?post=115077"},{"taxonomy":"post_tag","embeddable":true,"href":"https:\/\/gazdasagportal.hu\/index.php\/wp-json\/wp\/v2\/tags?post=115077"}],"curies":[{"name":"wp","href":"https:\/\/api.w.org\/{rel}","templated":true}]}}