{"id":115065,"date":"2019-04-09T06:47:56","date_gmt":"2019-04-09T04:47:56","guid":{"rendered":"http:\/\/gazdasagportal.hu\/?p=115065"},"modified":"2019-04-09T06:47:56","modified_gmt":"2019-04-09T04:47:56","slug":"husvet-megtelnek-a-szallodak-a-husveti-unnepekre","status":"publish","type":"post","link":"https:\/\/gazdasagportal.hu\/index.php\/husvet-megtelnek-a-szallodak-a-husveti-unnepekre\/","title":{"rendered":"H\u00fasv\u00e9t &#8211; Megtelnek a sz\u00e1llod\u00e1k a h\u00fasv\u00e9ti \u00fcnnepekre"},"content":{"rendered":"<p><strong>Az eg\u00e9sz orsz\u00e1gban telth\u00e1zzal \u00fczemelnek a sz\u00e1llod\u00e1k a h\u00fasv\u00e9ti \u00fcnnepekkor, a szob\u00e1k \u00e1tlag\u00e1ra pedig 5-10 sz\u00e1zal\u00e9kkal magasabb a tavalyin\u00e1l &#8211; mondta Flesch Tam\u00e1s, a Magyar Sz\u00e1llod\u00e1k \u00e9s \u00c9ttermek Sz\u00f6vets\u00e9g\u00e9nek (MSZ\u00c9SZ) eln\u00f6ke az MTI-nek.<\/strong><!--more--><\/p>\n<div class=\"ads-in-post1\"><div id=\"gazdasagportal.hu_fullbanner_wideboard\"><\/div>\r\n<\/div>\n<p>    Budapesten teljes telth\u00e1z lesz h\u00fasv\u00e9tkor, a f\u0151v\u00e1rosban a k\u00e9t-h\u00e1rom \u00e9jszak\u00e1s foglal\u00e1sok jellemz\u0151ek. A n\u00e9gynapos hossz\u00fa h\u00e9tv\u00e9g\u00e9n az orsz\u00e1g \u00f6sszes r\u00e9gi\u00f3j\u00e1ban jelent\u0151s lesz a vend\u00e9gforgalom. Szabad szob\u00e1t m\u00e1r csak elv\u00e9tve lehet tal\u00e1lni &#8211; fejtette ki.<br \/>\n    Hozz\u00e1tette: minden sz\u00e1ll\u00e1st\u00edpus ir\u00e1nt jelent\u0151s volt az \u00e9rdekl\u0151d\u00e9s, az el\u0151foglal\u00e1sok alapj\u00e1n az \u00fcnnepi h\u00e9tv\u00e9g\u00e9n nemcsak a sz\u00e1llod\u00e1k, hanem a panzi\u00f3k \u00e9s az apartmanok is megtelnek.<br \/>\n<div class=\"ads-in-post2\"><script async src=\"https:\/\/pagead2.googlesyndication.com\/pagead\/js\/adsbygoogle.js\"><\/script>\r\n<ins class=\"adsbygoogle\"\r\n     style=\"display:block\"\r\n     data-ad-format=\"fluid\"\r\n     data-ad-layout-key=\"-6t+ed+2i-1n-4w\"\r\n     data-ad-client=\"ca-pub-1959107119989764\"\r\n     data-ad-slot=\"4008251320\"><\/ins>\r\n<script>\r\n     (adsbygoogle = window.adsbygoogle || []).push({});\r\n<\/script><\/div>\n    Elmondta azt is, hogy a vid\u00e9ki sz\u00e1llod\u00e1kban hosszabbak, 4-5 \u00e9jszak\u00e1sak a foglal\u00e1sok, az iskolai tavaszi sz\u00fcnet miatt sokan tov\u00e1bb maradnak. A f\u00e9lpanzi\u00f3s csomagok a legn\u00e9pszer\u0171bbek, de sok sz\u00e1lloda speci\u00e1lis h\u00fasv\u00e9ti csomagot is k\u00edn\u00e1l a vend\u00e9geknek.<br \/>\n    Megjegyezte, hogy mivel az id\u00e9n \u00e1prilisban van h\u00fasv\u00e9t, \u00edgy az id\u0151j\u00e1r\u00e1s is jobban kedvez a szabadid\u0151s programoknak.(MTI)<\/p>\n","protected":false},"excerpt":{"rendered":"<p>Az eg\u00e9sz orsz\u00e1gban telth\u00e1zzal \u00fczemelnek a sz\u00e1llod\u00e1k a h\u00fasv\u00e9ti \u00fcnnepekkor, a szob\u00e1k \u00e1tlag\u00e1ra pedig 5-10 sz\u00e1zal\u00e9kkal magasabb a tavalyin\u00e1l &#8211; mondta Flesch Tam\u00e1s, a Magyar Sz\u00e1llod\u00e1k \u00e9s \u00c9ttermek Sz\u00f6vets\u00e9g\u00e9nek (MSZ\u00c9SZ) eln\u00f6ke az MTI-nek.<\/p>\n","protected":false},"author":1001003,"featured_media":0,"comment_status":"closed","ping_status":"open","sticky":false,"template":"","format":"standard","meta":[],"categories":[4],"tags":[],"_links":{"self":[{"href":"https:\/\/gazdasagportal.hu\/index.php\/wp-json\/wp\/v2\/posts\/115065"}],"collection":[{"href":"https:\/\/gazdasagportal.hu\/index.php\/wp-json\/wp\/v2\/posts"}],"about":[{"href":"https:\/\/gazdasagportal.hu\/index.php\/wp-json\/wp\/v2\/types\/post"}],"author":[{"embeddable":true,"href":"https:\/\/gazdasagportal.hu\/index.php\/wp-json\/wp\/v2\/users\/1001003"}],"replies":[{"embeddable":true,"href":"https:\/\/gazdasagportal.hu\/index.php\/wp-json\/wp\/v2\/comments?post=115065"}],"version-history":[{"count":1,"href":"https:\/\/gazdasagportal.hu\/index.php\/wp-json\/wp\/v2\/posts\/115065\/revisions"}],"predecessor-version":[{"id":115066,"href":"https:\/\/gazdasagportal.hu\/index.php\/wp-json\/wp\/v2\/posts\/115065\/revisions\/115066"}],"wp:attachment":[{"href":"https:\/\/gazdasagportal.hu\/index.php\/wp-json\/wp\/v2\/media?parent=115065"}],"wp:term":[{"taxonomy":"category","embeddable":true,"href":"https:\/\/gazdasagportal.hu\/index.php\/wp-json\/wp\/v2\/categories?post=115065"},{"taxonomy":"post_tag","embeddable":true,"href":"https:\/\/gazdasagportal.hu\/index.php\/wp-json\/wp\/v2\/tags?post=115065"}],"curies":[{"name":"wp","href":"https:\/\/api.w.org\/{rel}","templated":true}]}}