{"id":115061,"date":"2019-04-08T20:08:21","date_gmt":"2019-04-08T18:08:21","guid":{"rendered":"http:\/\/gazdasagportal.hu\/?p=115061"},"modified":"2019-04-08T20:08:21","modified_gmt":"2019-04-08T18:08:21","slug":"ketoras-figyelmezteto-sztrajk-lesz-kedden-a-chinoinnal","status":"publish","type":"post","link":"https:\/\/gazdasagportal.hu\/index.php\/ketoras-figyelmezteto-sztrajk-lesz-kedden-a-chinoinnal\/","title":{"rendered":"K\u00e9t\u00f3r\u00e1s figyelmeztet\u0151 sztr\u00e1jk lesz kedden a Chinoinn\u00e1l"},"content":{"rendered":"<p><strong>K\u00e9t\u00f3r\u00e1s figyelmeztet\u0151 sztr\u00e1jkot tartanak kedden 13 \u00e9s 15 \u00f3ra k\u00f6z\u00f6tt a Chinoin dolgoz\u00f3i a c\u00e9g budapesti, csanyik-v\u00f6lgyi \u00e9s veresegyh\u00e1zi telephely\u00e9n, b\u00e9rk\u00f6vetel\u00e9s\u00fck nyomat\u00e9kos\u00edt\u00e1s\u00e1ra &#8211; k\u00f6z\u00f6lte a Magyar Vegyipari, Energiaipari \u00e9s Rokon Szakm\u00e1kban Dolgoz\u00f3k Szakszervezeti Sz\u00f6vets\u00e9ge (VDSZ) h\u00e9tf\u0151n az MTI-vel.<\/strong><!--more--><\/p>\n<div class=\"ads-in-post1\"><div id=\"gazdasagportal.hu_fullbanner_wideboard\"><\/div>\r\n<\/div>\n<p>    A munkav\u00e1llal\u00f3i \u00e9rdekk\u00e9pviselet t\u00e1j\u00e9koztat\u00e1sa szerint a Sanofi nagyt\u00e9t\u00e9nyi dolgoz\u00f3i szolidarit\u00e1sukat fejezik ki a figyelmeztet\u0151 sztr\u00e1jk ideje alatt.<br \/>\n    A szakszervezet minden munkav\u00e1llal\u00f3nak egys\u00e9gesen 30 ezer forint b\u00e9remel\u00e9st szeretne el\u00e9rni.<br \/>\n    A VDSZ k\u00f6zlem\u00e9ny\u00e9ben t\u00e1j\u00e9koztatott arr\u00f3l, hogy h\u00e9tf\u0151n n\u00e9gy \u00f3r\u00e1n kereszt\u00fcl konstrukt\u00edv t\u00e1rgyal\u00e1st folytatott a szakszervezet a Chinoin-Sanofi vezet\u0151ivel, de nem siker\u00fclt egyezs\u00e9gre jutniuk a b\u00e9rk\u00f6vetel\u00e9sr\u0151l, ez\u00e9rt megtartj\u00e1k a kor\u00e1bban bejelentett figyelmeztet\u0151 sztr\u00e1jkot.<br \/>\n<div class=\"ads-in-post2\"><script async src=\"https:\/\/pagead2.googlesyndication.com\/pagead\/js\/adsbygoogle.js\"><\/script>\r\n<ins class=\"adsbygoogle\"\r\n     style=\"display:block\"\r\n     data-ad-format=\"fluid\"\r\n     data-ad-layout-key=\"-6t+ed+2i-1n-4w\"\r\n     data-ad-client=\"ca-pub-1959107119989764\"\r\n     data-ad-slot=\"4008251320\"><\/ins>\r\n<script>\r\n     (adsbygoogle = window.adsbygoogle || []).push({});\r\n<\/script><\/div>\n    A Chinoin Zrt. a figyelmeztet\u0151 sztr\u00e1jkot tudom\u00e1sul vette, jelezve, hogy a sztr\u00e1jkt\u00f6rv\u00e9nyt minden tekintetben tiszteletben tartj\u00e1k. A munkaad\u00f3 az MTI-hez h\u00e9tf\u0151n eljuttatott k\u00f6zlem\u00e9ny\u00e9ben meger\u0151s\u00edtette, hogy a h\u00e9tf\u0151i egyeztet\u0151 t\u00e1rgyal\u00e1son a felek \u00e9rdemi t\u00e1rgyal\u00e1st folytattak a b\u00e9remel\u00e9sr\u0151l, \u00e9s megfogalmazt\u00e1k sz\u00e1nd\u00e9kukat a k\u00f6z\u00f6s meg\u00e1llapod\u00e1sra.<br \/>\n    A v\u00e1llalat hangs\u00falyozta: fontos sz\u00e1m\u00e1ra a munkav\u00e1llal\u00f3k el\u00e9gedetts\u00e9ge \u00e9s a dolgoz\u00f3k megtart\u00e1sa, ennek \u00e9rdek\u00e9ben febru\u00e1r elej\u00e9n l\u00e9p\u00e9seket tettek a v\u00e1llalatcsoport fels\u0151 vezet\u00e9s\u00e9n\u00e9l a 2019. \u00e9vi b\u00e9rek tov\u00e1bbi emel\u00e9se \u00e9rdek\u00e9ben. A v\u00e1llalat vezet\u00e9se r\u00e1er\u0151s\u00edt ezekre a l\u00e9p\u00e9sekre, \u00e9s arra t\u00f6rekszik, hogy miel\u0151bb meg\u00e1llapod\u00e1s sz\u00fclessen &#8211; k\u00f6z\u00f6lte a Chinoin Zrt.<br \/>\n    A k\u00e9t f\u00e9l egybehangz\u00f3 t\u00e1j\u00e9koztat\u00e1sa szerint a figyelmeztet\u0151 sztr\u00e1jk ideje alatt, 14 \u00f3rakor \u00fajabb t\u00e1rgyal\u00e1si fordul\u00f3t tartanak.(MTI)<\/p>\n","protected":false},"excerpt":{"rendered":"<p>K\u00e9t\u00f3r\u00e1s figyelmeztet\u0151 sztr\u00e1jkot tartanak kedden 13 \u00e9s 15 \u00f3ra k\u00f6z\u00f6tt a Chinoin dolgoz\u00f3i a c\u00e9g budapesti, csanyik-v\u00f6lgyi \u00e9s veresegyh\u00e1zi telephely\u00e9n, b\u00e9rk\u00f6vetel\u00e9s\u00fck nyomat\u00e9kos\u00edt\u00e1s\u00e1ra &#8211; k\u00f6z\u00f6lte a Magyar Vegyipari, Energiaipari \u00e9s Rokon Szakm\u00e1kban Dolgoz\u00f3k Szakszervezeti Sz\u00f6vets\u00e9ge (VDSZ) h\u00e9tf\u0151n az MTI-vel.<\/p>\n","protected":false},"author":1001003,"featured_media":0,"comment_status":"closed","ping_status":"open","sticky":false,"template":"","format":"standard","meta":[],"categories":[4,19],"tags":[],"_links":{"self":[{"href":"https:\/\/gazdasagportal.hu\/index.php\/wp-json\/wp\/v2\/posts\/115061"}],"collection":[{"href":"https:\/\/gazdasagportal.hu\/index.php\/wp-json\/wp\/v2\/posts"}],"about":[{"href":"https:\/\/gazdasagportal.hu\/index.php\/wp-json\/wp\/v2\/types\/post"}],"author":[{"embeddable":true,"href":"https:\/\/gazdasagportal.hu\/index.php\/wp-json\/wp\/v2\/users\/1001003"}],"replies":[{"embeddable":true,"href":"https:\/\/gazdasagportal.hu\/index.php\/wp-json\/wp\/v2\/comments?post=115061"}],"version-history":[{"count":1,"href":"https:\/\/gazdasagportal.hu\/index.php\/wp-json\/wp\/v2\/posts\/115061\/revisions"}],"predecessor-version":[{"id":115062,"href":"https:\/\/gazdasagportal.hu\/index.php\/wp-json\/wp\/v2\/posts\/115061\/revisions\/115062"}],"wp:attachment":[{"href":"https:\/\/gazdasagportal.hu\/index.php\/wp-json\/wp\/v2\/media?parent=115061"}],"wp:term":[{"taxonomy":"category","embeddable":true,"href":"https:\/\/gazdasagportal.hu\/index.php\/wp-json\/wp\/v2\/categories?post=115061"},{"taxonomy":"post_tag","embeddable":true,"href":"https:\/\/gazdasagportal.hu\/index.php\/wp-json\/wp\/v2\/tags?post=115061"}],"curies":[{"name":"wp","href":"https:\/\/api.w.org\/{rel}","templated":true}]}}